{"id":13327,"date":"2021-11-28T17:21:09","date_gmt":"2021-11-28T23:21:09","guid":{"rendered":"https:\/\/indicadorpolitico.com.mx\/?p=13327"},"modified":"2021-11-28T17:21:09","modified_gmt":"2021-11-28T23:21:09","slug":"el-activismo-politico-y-discursivo-de-monreal-jala-a-la-sucesion-de-amlo","status":"publish","type":"post","link":"https:\/\/indicadorpolitico.com.mx\/?p=13327","title":{"rendered":"El activismo pol\u00edtico y discursivo de Monreal jala a la sucesi\u00f3n de AMLO"},"content":{"rendered":"<p style=\"font-weight: 400;\">\u00c9l ya anda en campa\u00f1a. Y, al viejo estilo del PRI -del que proviene-,\u00a0<strong>Ricardo Monreal\u00a0<\/strong>ya recorre abiertamente el pa\u00eds con propuestas, cr\u00edticas, advertencias y se\u00f1alamientos \u2013y hasta promesas- ante grupos cada vez m\u00e1s influyentes.<\/p>\n<p style=\"font-weight: 400;\">Todo ello prefigura cada vez m\u00e1s un exhorto y un reto pol\u00edtico a\u00a0<strong>Andr\u00e9s Manuel L\u00f3pez Obrado<\/strong>r a abrir y democratizar su sucesi\u00f3n, pero sobre todo a evitar la tentaci\u00f3n de ir a una designaci\u00f3n por dedazo de su sucesor.<\/p>\n<p style=\"font-weight: 400;\">Si se insiste en eso, le dice, habr\u00e1 ruptura y una derrota anunciada en la presidencial de 2024 lo que hundir\u00eda el proyecto de la transformaci\u00f3n iniciado en 2018.<\/p>\n<p style=\"font-weight: 400;\">El zacatecano est\u00e1 seguro de que si existen las condiciones democr\u00e1ticas y por una consulta, \u00e9l ganar\u00e1 la candidatura presidencial de Morena. Ser\u00eda la garant\u00eda de la continuaci\u00f3n del proyecto de transformaci\u00f3n de\u00a0<strong>AMLO<\/strong>.<\/p>\n<p style=\"font-weight: 400;\">\u201c\u2026<strong>\u00a0si Morena y sus aliados caminan en unidad, no hay forma de que les puedan ganar\u00a0<\/strong>y\u00a0<strong>se ratificar\u00eda el triunfo del 2018<\/strong>,\u00a0<strong>pero si el partido (AMLO) se cierra, excluye e impone, hay riesgo de perder el rumbo y de perder la elecci\u00f3n\u201d, pronostic\u00f3.<\/strong><\/p>\n<p style=\"font-weight: 400;\">El pasado fin de semana estuvo en Monterrey y en Guadalajara donde ante estudiantes, acad\u00e9micos, empresarios e intelectuales, y frente a la pregunta de si estar\u00eda dispuesto a posponer su pretensi\u00f3n y competir en la presidencial de 2030, revir\u00f3:<\/p>\n<p style=\"font-weight: 400;\"><strong><em>\u201cPara m\u00ed, \u00a1es ahora o nunca!<\/em><\/strong>\u2026 tengo 61 a\u00f1os, y mi siguiente etapa es el pante\u00f3n. \u00a1<strong>No!, esta es la oportunidad de mi vida<\/strong>\u00ab.<\/p>\n<p style=\"font-weight: 400;\">Todo esto ocurre aceleradamente cuando faltan 25 meses \u2013casi 2 a\u00f1os- para lo que ya no ser\u00e1 el inicio real de la sucesi\u00f3n, y 31 meses para el domingo 7 de julio de 2024 en que se elegir\u00e1 al nuevo presidente o presidenta de M\u00e9xico. El motor de este proceso se llama\u00a0<strong>Ricardo Monreal<\/strong>. El que lo encendi\u00f3 fue el propio presidente\u00a0<strong>Andr\u00e9s Manuel L\u00f3pez Obrador<\/strong>\u00a0al dejarlo fuera de sus proyecciones el lunes 5 de julio pasado. A ver ahora quien lo detiene.<\/p>\n<p style=\"font-weight: 400;\">El pasado fin de semana, desde Monterrey y Guadalajara el zacatecano indic\u00f3 que \u00e9l no anda de ofrecido con los partidos de la oposici\u00f3n para ser su candidato presidencial, porque estos tienen sus propios prospectos.<\/p>\n<p style=\"font-weight: 400;\">Su mensaje fue para\u00a0<strong>AMLO. Hay, le dijo, que abrir Morena a adoptar la consulta como m\u00e9todo para alejar a Morena de las suspicacias, dudas y rupturas.<\/strong><\/p>\n<p style=\"font-weight: 400;\">\u201c\u2026 si no hay unidad, habr\u00e1 divisi\u00f3n\u2026 lo que se quiere\u00a0<strong>es simplemente democracia<\/strong>, y en la democracia se gana y se pierde, y\u00a0<strong>si en un proceso interno, en una elecci\u00f3n primaria soy derrotado, lo voy aceptar, no tengo ning\u00fan problema si hay reglas claras\u201d.<\/strong><\/p>\n<p style=\"font-weight: 400;\">En una abierta cr\u00edtica hacia la forma en que\u00a0<strong>AMLO\u00a0<\/strong>conduce a M\u00e9xico dentro de la confrontaci\u00f3n y la divisi\u00f3n de los mexicanos, dijo que \u201c<strong>lo que m\u00e1s necesita M\u00e9xico en estos momentos es la conciliaci\u00f3n<\/strong>, es decir,\u00a0<strong>continuar con el profundo proceso de democratizaci\u00f3n,\u00a0<em>pero acompa\u00f1ado de todos los sectores para avanzar en unidad.\u00a0<\/em>Tenemos la capacidad de dialogar y entendernos civilizadamente<\/strong>, afirm\u00f3..<\/p>\n<p style=\"font-weight: 400;\">Durante un Conversatorio con estudiantes de la\u00a0<strong>Universidad de Monterrey<\/strong>\u00a0y de la\u00a0<strong>Universidad Aut\u00f3noma de Nuevo Le\u00f3n<\/strong>, una p\u00fablica y la otra privada, ambas emblem\u00e1ticas en la regi\u00f3n, el senador asegur\u00f3 que este reencuentro ayudar\u00eda a la sociedad a trabajar juntos por el bien del pa\u00eds, pues todos buscamos el mismo fin.<\/p>\n<p style=\"font-weight: 400;\">En este complejo proceso de transici\u00f3n pol\u00edtica, subray\u00f3,\u00a0<strong>me gustar\u00eda ver un M\u00e9xico m\u00e1s conciliado, y menos abrupto y polarizado. La<\/strong>\u00a0sociedad puede llegar a los mismos prop\u00f3sitos\u00a0<strong>con un entendimiento racional, acuerdos y consenso por el bien de la naci\u00f3n.<\/strong><\/p>\n<p style=\"font-weight: 400;\">Y en un mensaje nada subliminal de que \u00e9l podr\u00eda ser quien desde la Presidencia alcanzara todo eso para M\u00e9xico, record\u00f3 que \u00e9l, como presidente de la Jucopo y l\u00edder de Morena en el Senado\u00a0<strong>convive a diario con posiciones opuestas y radicales, donde la tolerancia, el respeto y la apertura ha permitido alcanzar los m\u00e1s importantes acuerdos<\/strong>.<\/p>\n<p style=\"font-weight: 400;\">En este contexto, agreg\u00f3, durante estos tres a\u00f1os\u00a0<strong>se han modificado 56 art\u00edculos constitucionales en 18 materias distintas<\/strong><\/p>\n<p style=\"font-weight: 400;\">As\u00ed\u00a0<strong>Monreal<\/strong>\u00a0recorre el pa\u00eds en abierta campa\u00f1a con una narrativa clara de cambio de estilos, y frente al pasmo de\u00a0<strong>Claudia Sheinbaum<\/strong>\u00a0y\u00a0<strong>Marcelo Ebrar<\/strong>d y la persistencia de\u00a0<strong>AMLO\u00a0<\/strong>por ignorarlo.<\/p>\n<p style=\"font-weight: 400;\">\u00a0&#8230;.<a href=\"mailto:rvizcainoa@gmail.com\">rvizcainoa@gmail.com<\/a>\u00a0\/ Twitter: @_Vizcaino \/ Facebook \/\u00a0<a href=\"https:\/\/www.facebook.com\/rvizcainoa\" data-saferedirecturl=\"https:\/\/www.google.com\/url?q=https:\/\/www.facebook.com\/rvizcainoa&amp;source=gmail&amp;ust=1638227490833000&amp;usg=AOvVaw3inTyJ-jAoIMPi2QXisQZK\">https:\/\/www.facebook.com\/rvizcainoa<\/a><\/p>\n","protected":false},"excerpt":{"rendered":"<p>\u00c9l ya anda en campa\u00f1a. Y, al viejo estilo del PRI -del que proviene-,\u00a0Ricardo Monreal\u00a0ya recorre abiertamente el pa\u00eds con propuestas, cr\u00edticas, advertencias y se\u00f1alamientos \u2013y hasta promesas- ante grupos cada vez m\u00e1s influyentes. Todo ello prefigura cada vez m\u00e1s un exhorto y un reto pol\u00edtico a\u00a0Andr\u00e9s Manuel L\u00f3pez Obrador a abrir y democratizar su [&hellip;]<\/p>\n","protected":false},"author":9,"featured_media":421,"comment_status":"closed","ping_status":"closed","sticky":false,"template":"","format":"standard","meta":{"footnotes":""},"categories":[23],"tags":[858,36,956,1950],"class_list":["post-13327","post","type-post","status-publish","format-standard","has-post-thumbnail","hentry","category-articulistas","tag-858","tag-amlo","tag-ricardo-monreal-avila","tag-sucesion-presidencial"],"_links":{"self":[{"href":"https:\/\/indicadorpolitico.com.mx\/index.php?rest_route=\/wp\/v2\/posts\/13327","targetHints":{"allow":["GET"]}}],"collection":[{"href":"https:\/\/indicadorpolitico.com.mx\/index.php?rest_route=\/wp\/v2\/posts"}],"about":[{"href":"https:\/\/indicadorpolitico.com.mx\/index.php?rest_route=\/wp\/v2\/types\/post"}],"author":[{"embeddable":true,"href":"https:\/\/indicadorpolitico.com.mx\/index.php?rest_route=\/wp\/v2\/users\/9"}],"replies":[{"embeddable":true,"href":"https:\/\/indicadorpolitico.com.mx\/index.php?rest_route=%2Fwp%2Fv2%2Fcomments&post=13327"}],"version-history":[{"count":0,"href":"https:\/\/indicadorpolitico.com.mx\/index.php?rest_route=\/wp\/v2\/posts\/13327\/revisions"}],"wp:featuredmedia":[{"embeddable":true,"href":"https:\/\/indicadorpolitico.com.mx\/index.php?rest_route=\/wp\/v2\/media\/421"}],"wp:attachment":[{"href":"https:\/\/indicadorpolitico.com.mx\/index.php?rest_route=%2Fwp%2Fv2%2Fmedia&parent=13327"}],"wp:term":[{"taxonomy":"category","embeddable":true,"href":"https:\/\/indicadorpolitico.com.mx\/index.php?rest_route=%2Fwp%2Fv2%2Fcategories&post=13327"},{"taxonomy":"post_tag","embeddable":true,"href":"https:\/\/indicadorpolitico.com.mx\/index.php?rest_route=%2Fwp%2Fv2%2Ftags&post=13327"}],"curies":[{"name":"wp","href":"https:\/\/api.w.org\/{rel}","templated":true}]}}