{"id":14700,"date":"2022-01-09T23:15:18","date_gmt":"2022-01-10T05:15:18","guid":{"rendered":"https:\/\/indicadorpolitico.com.mx\/?p=14700"},"modified":"2022-01-09T23:17:06","modified_gmt":"2022-01-10T05:17:06","slug":"un-tiburon-al-poder","status":"publish","type":"post","link":"https:\/\/indicadorpolitico.com.mx\/?p=14700","title":{"rendered":"Un Tibur\u00f3n al poder"},"content":{"rendered":"<p><strong>Xochitl Patricia Campos L\u00f3pez<\/strong><\/p>\n<p>Aunque varios personajes de la vida pol\u00edtica local tienen cercan\u00eda con Andr\u00e9s Manuel L\u00f3pez Obrador, el apoyo que recibi\u00f3 en d\u00edas recientes Cuitl\u00e1huac Garc\u00eda Jim\u00e9nez -Gobernador Constitucional de Veracruz- por el affaire Monreal-FGE, fue desproporcionado y singular, lo que obliga a considerar a la autoridad veracruzana como uno de los sucesores en la l\u00ednea presidencial de Morena.<\/p>\n<p>Veracruz es la Perla del Golfo, una zona estrat\u00e9gica en muchos sentidos, una ruta para controlar buena parte del este y el sur del territorio mexicano; quiz\u00e1 es uno de los Heartland que controla M\u00e9xico. Siendo Veracruz uno de los estados con padr\u00f3n electoral voluminoso y geoestrat\u00e9gico por los recursos naturales, queda ubicado como uno de los espacios donde la estabilidad y la armon\u00eda social se hacen necesarias casi a cualquier precio.<\/p>\n<p>No hay que perder de vista que el incidente Ricardo Monreal converge con la elecci\u00f3n interna del PAN en la entidad, que si bien -aparentemente- son eventos aislados, en realidad, juntos hacen un efecto que puede desestabilizar a Veracruz e incluso romper con el prestigio del gobernador y darle votos a quien sea.<\/p>\n<p>Miguel \u00c1ngel Yunes M\u00e1rquez, hijo del exgobernador Miguel \u00c1ngel Yunes Linares, quien se ha convertido en una figura prominente al gobernar uno de los municipios m\u00e1s modernos e importantes de la entidad y alimentar un jugoso basti\u00f3n pol\u00edtico electoral, tiende a proyectarse como figura central en las candidaturas panistas al gobierno estatal. El Yunismo irrumpe en el control del CDE-PAN para recuperar la influencia regional y establecer alianzas con otros institutos pol\u00edticos como Movimiento Ciudadano ahora vinculado a los intereses del Monrealismo.<\/p>\n<p>Si Cuitl\u00e1huac Garc\u00eda Jim\u00e9nez pierde la confrontaci\u00f3n con la camarilla Monrealista, Morena pierde Veracruz y esto afectar\u00eda la contribuci\u00f3n electoral de la entidad para la sucesi\u00f3n federal y local del 2024. Miguel \u00c1ngel Yunes Linares es un contrincante ac\u00e9rrimo de AMLO y un referente para la reconstrucci\u00f3n del panismo a nivel local. Ricardo Monreal est\u00e1 consciente de esta coyuntura y L\u00f3pez Obrador tambi\u00e9n. El espaldarazo al gobernador veracruzano es un mensaje con doble tinta: desestima las posibilidades del monrealismo en la candidatura presidencial de Morena y apoya al grupo del Gobernador para proyectarlo en la palestra federal o, al menos, para conservar los votos que su carisma puedan aportar a la elecci\u00f3n.<\/p>\n<p>Los conflictos internos de Morena rumbo al 2024 se multiplican, lo que demuestra que la aprobaci\u00f3n presidencial sigue empoderando al instituto pol\u00edtico y los liderazgos se desatan. De ah\u00ed que sea necesario mantener la estabilidad en Veracruz y soportar el ambiente pol\u00edtico para el gobernador, la entidad es fundamental en la geopol\u00edtica de M\u00e9xico, un basti\u00f3n electoral para personajes nacionales y un pivote en el desarrollo nacional que no se puede permitir entregar malas cuentas. L\u00f3pez Obrador est\u00e1 preocupado por el desenlace pol\u00edtico del affaire Monreal y debe preocuparse todav\u00eda m\u00e1s.<\/p>\n","protected":false},"excerpt":{"rendered":"<p>Xochitl Patricia Campos L\u00f3pez Aunque varios personajes de la vida pol\u00edtica local tienen cercan\u00eda con Andr\u00e9s Manuel L\u00f3pez Obrador, el apoyo que recibi\u00f3 en d\u00edas recientes Cuitl\u00e1huac Garc\u00eda Jim\u00e9nez -Gobernador Constitucional de Veracruz- por el affaire Monreal-FGE, fue desproporcionado y singular, lo que obliga a considerar a la autoridad veracruzana como uno de los sucesores [&hellip;]<\/p>\n","protected":false},"author":35,"featured_media":14701,"comment_status":"closed","ping_status":"closed","sticky":false,"template":"","format":"standard","meta":{"footnotes":""},"categories":[2991],"tags":[3197,112,1950,1982],"class_list":["post-14700","post","type-post","status-publish","format-standard","has-post-thumbnail","hentry","category-analisi-articulos","tag-cuitlahuac-garcia-jimenez","tag-morena","tag-sucesion-presidencial","tag-veracruz"],"_links":{"self":[{"href":"https:\/\/indicadorpolitico.com.mx\/index.php?rest_route=\/wp\/v2\/posts\/14700","targetHints":{"allow":["GET"]}}],"collection":[{"href":"https:\/\/indicadorpolitico.com.mx\/index.php?rest_route=\/wp\/v2\/posts"}],"about":[{"href":"https:\/\/indicadorpolitico.com.mx\/index.php?rest_route=\/wp\/v2\/types\/post"}],"author":[{"embeddable":true,"href":"https:\/\/indicadorpolitico.com.mx\/index.php?rest_route=\/wp\/v2\/users\/35"}],"replies":[{"embeddable":true,"href":"https:\/\/indicadorpolitico.com.mx\/index.php?rest_route=%2Fwp%2Fv2%2Fcomments&post=14700"}],"version-history":[{"count":0,"href":"https:\/\/indicadorpolitico.com.mx\/index.php?rest_route=\/wp\/v2\/posts\/14700\/revisions"}],"wp:featuredmedia":[{"embeddable":true,"href":"https:\/\/indicadorpolitico.com.mx\/index.php?rest_route=\/wp\/v2\/media\/14701"}],"wp:attachment":[{"href":"https:\/\/indicadorpolitico.com.mx\/index.php?rest_route=%2Fwp%2Fv2%2Fmedia&parent=14700"}],"wp:term":[{"taxonomy":"category","embeddable":true,"href":"https:\/\/indicadorpolitico.com.mx\/index.php?rest_route=%2Fwp%2Fv2%2Fcategories&post=14700"},{"taxonomy":"post_tag","embeddable":true,"href":"https:\/\/indicadorpolitico.com.mx\/index.php?rest_route=%2Fwp%2Fv2%2Ftags&post=14700"}],"curies":[{"name":"wp","href":"https:\/\/api.w.org\/{rel}","templated":true}]}}