{"id":15211,"date":"2022-01-22T19:55:23","date_gmt":"2022-01-23T01:55:23","guid":{"rendered":"https:\/\/indicadorpolitico.com.mx\/?p=15211"},"modified":"2022-01-22T19:58:56","modified_gmt":"2022-01-23T01:58:56","slug":"eu-critico-primer-ano-de-biden-en-la-casa-blanca","status":"publish","type":"post","link":"https:\/\/indicadorpolitico.com.mx\/?p=15211","title":{"rendered":"EU: cr\u00edtico primer a\u00f1o de Biden en la Casa Blanca"},"content":{"rendered":"<p>Este 20 de enero cumple su primer a\u00f1o de gobierno la administraci\u00f3n Biden-Harris, pero en medio de un deterioro de la aprobaci\u00f3n nacional de apenas 41.6%, la m\u00e1s baja en muchos a\u00f1os. En cambio, en la casa de enfrente, la iniciativa pol\u00edtica sigue en manos del expresidente Donald Trump y sus advertencias de que ser\u00e1 el candidato presidencial en el 2024.<\/p>\n<p>La presidencia de Biden se encuentra atrapada en la estructura imperial de la Casa Blanca, con mensajes recurrentes de la Rusia de Putin, de la China de Jinping y de la reconstrucci\u00f3n del poder\u00edo talib\u00e1n en el mundo \u00e1rabe. En el continente iberoamericano, Estados Unidos perdi\u00f3 la iniciativa pol\u00edtica, no ha podido imponer la reconstrucci\u00f3n del capitalismo opresor y los reg\u00edmenes populistas antiestadounidense se multiplican por encima de los intereses del Departamento de Estado.<\/p>\n<p>Como ha ocurrido de manera frecuente, las contradicciones pol\u00edticas, ideol\u00f3gicas y racistas construyen escenarios de descomposici\u00f3n social y derivan en amenazas ret\u00f3ricas de una nueva guerra civil que en los hechos existe, como en el modelo de Enzensberger, como \u201cguerras civiles moleculares\u201d: el racismo contra la poblaci\u00f3n afroamericana y ahora migrante, la multiplicaci\u00f3n de milicias armadas que confrontan a las fuerzas regulares y estallamientos de violencia pol\u00edtica de la ultraderecha desordenada como el asalto el Capitolio el 6 de enero del 2020.<\/p>\n<p>La falta de argumentos pol\u00edticos ha llevado al presidente Biden a construir su discurso de gobierno en una advertencia de que el r\u00e9gimen democr\u00e1tico estadounidense est\u00e1 en peligro por contradicciones violentas internas, pero al mismo tiempo Biden no ha querido ir hasta el fondo pol\u00edtico de la crisis de polarizaci\u00f3n ideol\u00f3gica azuzada por el conservadurismo de Trump. El juicio contra los se\u00f1alados como responsables operativos de la turbamulta que invadi\u00f3 el Capitolio no ha servido para la reconstrucci\u00f3n de acuerdos internos ni para el desmantelamiento de los grupos radicales armados que se est\u00e1n colgando del brazo del discurso antisist\u00e9mico de Trump.<\/p>\n<p>La crisis de funcionalidad y de viabilidad de la administraci\u00f3n Biden-Harris ha llevado al punto de adelantar desde hace cuatro meses el debate sobre la candidatura presidencial dem\u00f3crata para el 2024, con la aceptaci\u00f3n cada vez mayor de que la vicepresidenta Kamala Harris no ha estado a la altura de su cargo ni ha podido ayudar al fortalecimiento de la presidencia de Biden; por lo tanto, tampoco es considerada con seriedad como la candidata dem\u00f3crata para el 2024.<\/p>\n<p>El mejor escenario para explicar la debilidad del primer a\u00f1o de Biden se localiza en la construcci\u00f3n desde ahora de una expectativa para el 2024 que no ha dejado satisfechos a los dem\u00f3cratas: frente a la decisi\u00f3n de Trump de ser el candidato y de manejar desde ahora la agenda pol\u00edtica y electoral republicana, ha comenzado a emerger, de la mano del expresidente Barack Obama, la posibilidad de que la candidata dem\u00f3crata en el 2024 o sea nada menos que Hillary Clinton.<\/p>\n<p>El presidente Biden est\u00e1 enfrentando ahora mismo un manejo err\u00e1tico de la pol\u00edtica contra la pandemia. El punto d\u00e9bil se localiza en el aumento de la inflaci\u00f3n a tasas de 7%, con una disminuci\u00f3n de las expectativas de crecimiento econ\u00f3mico para 2022, dejando toda la carga de administraci\u00f3n de la demanda en fondos trillonarios que han carecido de una estrategia de reactivaci\u00f3n ordenada de la planta productiva y ha dejado la carga anticrisis solo en los subsidios que no pueden durar para siempre.<\/p>\n<p>El debate que comienza a darse en c\u00edrculos estrat\u00e9gicos estadounidenses no es nuevo: \u00bftiene Estados Unidos la capacidad, la fuerza y la voluntad de imperialista para mantener su hegemon\u00eda mundial? El discurso de Biden para reinstalar a Estados Unidos como el eje de la democracia capitalista no ha sabido siquiera concitar el apoyo de sus aliados europeos, quienes, por experiencias hist\u00f3ricas, conocen de guerras mundiales provocadas por expansionismos comunistas.<\/p>\n<p>La debilidad de Estados Unidos como polic\u00eda del hemisferio capitalista no se sustent\u00f3 en su capacidad militar de fuerza para invadir pa\u00edses o desplegar fuerzas militares vigilantes o activas en todo el mundo, sino que se bas\u00f3 en el consenso interno de que sus guerras estaban defendiendo el american way of life o modo de vida americano o, de manera sencilla, el confort de su clase media. Vietnam no fue ganado por la guerrilla comunista, sino que EU perdi\u00f3 el apoyo interno de su poblaci\u00f3n con las protestas contra la guerra y el reclutamiento forzado de j\u00f3venes.<\/p>\n<p>El frente externo de Biden est\u00e1 siendo puesto a prueba por provocaciones expansionistas hasta ahora pol\u00edticas y discursivas de Rusia y China, pero en el escenario de la gran derrota militar de EU en Afganist\u00e1n &#8211;su segundo Vietnam&#8211; y el mensaje de que el poder\u00edo estadounidense ya no sirve para defender posiciones estrat\u00e9gicas en el mundo ideol\u00f3gico ni para imponer su modelo pol\u00edtico democr\u00e1tico en sociedades de configuraci\u00f3n social diferentes.<\/p>\n<p>Sin ninguna victoria pol\u00edtica que celebrar y con derrotas legislativas severas, el primer a\u00f1o de gobierno de Biden ha carecido del <em>glamour<\/em> de otros tiempos, en medio ya de un debate sobre la posibilidad cercana o lejana de una nueva guerra civil, pero esta vez no por la vieja agenda racista del siglo XIX, sino por la confrontaci\u00f3n ideol\u00f3gica con sectores ultraderechistas antiestado y antisistema que fueron dinamizados por el activismo de Trump. Este debate ya lleg\u00f3 a las p\u00e1ginas de opini\u00f3n de los grandes diarios estadounidenses que configuran la opini\u00f3n p\u00fablica.<\/p>\n<p>La gran crisis de EU es hoy interna y no imperial.<\/p>\n<p>&nbsp;<\/p>\n<p><strong>Indicador Pol\u00edtico se suma al ambiente de sucesi\u00f3n presidencial 2024. Inscr\u00edbase a la red de WhatsApp de la revista digital semanal <em>Palacio Nacional 2024: Ana Karina S\u00e1nchez L\u00f3pez, <\/em><\/strong><a href=\"mailto:anakarinasl@hotmail.com\"><strong><em>anakarinasl@hotmail.com<\/em><\/strong><\/a><em> <strong>WhatsApp:<\/strong><\/em><strong> <em>55-1058-6460<\/em><\/strong><em> <strong>y <\/strong><\/em><strong>consultar <\/strong><a href=\"http:\/\/www.indicadorpolitico.mx\"><strong><em>www.indicadorpolitico.mx<\/em><\/strong><\/a><\/p>\n<p><em>El contenido de esta columna es responsabilidad exclusiva del columnista y no del peri\u00f3dico que la publica.<\/em><\/p>\n<p><a href=\"http:\/\/indicadorpolitico.mx\"><em>http:\/\/indicadorpolitico.mx<\/em><\/a><\/p>\n<p><a href=\"mailto:indicadorpoliticomx@gmail.com\"><em>indicadorpoliticomx@gmail.com<\/em><\/a><\/p>\n<p><em>@carlosramirezh<\/em><\/p>\n<p>Canal YouTube: <a href=\"https:\/\/t.co\/2cCgm1Sjgh\">https:\/\/t.co\/2cCgm1Sjgh<\/a><\/p>\n<p><iframe loading=\"lazy\" title=\"La Agenda de la Crisis\" width=\"696\" height=\"392\" src=\"https:\/\/www.youtube.com\/embed\/videoseries?list=PLL4ibHU6bcqVo2XT9yOBXQFfIkwXYamzm\" frameborder=\"0\" allow=\"accelerometer; autoplay; clipboard-write; encrypted-media; gyroscope; picture-in-picture\" allowfullscreen><\/iframe><\/p>\n","protected":false},"excerpt":{"rendered":"<p>Este 20 de enero cumple su primer a\u00f1o de gobierno la administraci\u00f3n Biden-Harris, pero en medio de un deterioro de la aprobaci\u00f3n nacional de apenas 41.6%, la m\u00e1s baja en muchos a\u00f1os. En cambio, en la casa de enfrente, la iniciativa pol\u00edtica sigue en manos del expresidente Donald Trump y sus advertencias de que ser\u00e1 [&hellip;]<\/p>\n","protected":false},"author":2,"featured_media":15214,"comment_status":"closed","ping_status":"closed","sticky":false,"template":"","format":"standard","meta":{"footnotes":""},"categories":[19],"tags":[299,57,28,373,51],"class_list":["post-15211","post","type-post","status-publish","format-standard","has-post-thumbnail","hentry","category-columna-indicador-politico","tag-crisis","tag-economia","tag-estados-unidos","tag-imperialismo","tag-joe-biden"],"_links":{"self":[{"href":"https:\/\/indicadorpolitico.com.mx\/index.php?rest_route=\/wp\/v2\/posts\/15211","targetHints":{"allow":["GET"]}}],"collection":[{"href":"https:\/\/indicadorpolitico.com.mx\/index.php?rest_route=\/wp\/v2\/posts"}],"about":[{"href":"https:\/\/indicadorpolitico.com.mx\/index.php?rest_route=\/wp\/v2\/types\/post"}],"author":[{"embeddable":true,"href":"https:\/\/indicadorpolitico.com.mx\/index.php?rest_route=\/wp\/v2\/users\/2"}],"replies":[{"embeddable":true,"href":"https:\/\/indicadorpolitico.com.mx\/index.php?rest_route=%2Fwp%2Fv2%2Fcomments&post=15211"}],"version-history":[{"count":0,"href":"https:\/\/indicadorpolitico.com.mx\/index.php?rest_route=\/wp\/v2\/posts\/15211\/revisions"}],"wp:featuredmedia":[{"embeddable":true,"href":"https:\/\/indicadorpolitico.com.mx\/index.php?rest_route=\/wp\/v2\/media\/15214"}],"wp:attachment":[{"href":"https:\/\/indicadorpolitico.com.mx\/index.php?rest_route=%2Fwp%2Fv2%2Fmedia&parent=15211"}],"wp:term":[{"taxonomy":"category","embeddable":true,"href":"https:\/\/indicadorpolitico.com.mx\/index.php?rest_route=%2Fwp%2Fv2%2Fcategories&post=15211"},{"taxonomy":"post_tag","embeddable":true,"href":"https:\/\/indicadorpolitico.com.mx\/index.php?rest_route=%2Fwp%2Fv2%2Ftags&post=15211"}],"curies":[{"name":"wp","href":"https:\/\/api.w.org\/{rel}","templated":true}]}}