{"id":15219,"date":"2022-01-20T15:05:52","date_gmt":"2022-01-20T21:05:52","guid":{"rendered":"https:\/\/indicadorpolitico.com.mx\/?p=15219"},"modified":"2022-01-20T15:05:52","modified_gmt":"2022-01-20T21:05:52","slug":"economia-y-pandemia","status":"publish","type":"post","link":"https:\/\/indicadorpolitico.com.mx\/?p=15219","title":{"rendered":"Econom\u00eda y pandemia"},"content":{"rendered":"<p>Con m\u00e1s de 300 mil muertos reconocidos oficialmente por el gobierno de L\u00f3pez Obrador con motivo de la pandemia del Covid-19, pero estimados en t\u00e9rminos reales en m\u00e1s de medio mill\u00f3n por especialistas y organismos internacionales, deber\u00eda de ser m\u00e1s que suficiente motivo para llevar a un juicio al gobierno y sus responsables por la manera en c\u00f3mo se ha gestionado la pandemia, sin embargo, seguimos en un cuadro esquizofr\u00e9nico de alta popularidad del presidente y de m\u00e1s y m\u00e1s contagiados y muertos cada d\u00eda, sin que la oposici\u00f3n haga realmente algo para modificar la manera en que el gobierno enfrenta la pandemia y este \u00faltimo mantenga obcecadamente su misma postura desde el inicio de esta.<\/p>\n<p>La nueva variante \u00d3micron est\u00e1 ahora azotando fuerte a nuestro pa\u00eds y sin embargo, las autoridades mantienen la misma postura irresponsable e ineficaz a tal grado que, por ejemplo, dado el alto grado de contagio en la Ciudad de M\u00e9xico, esta contin\u00faa en \u201csem\u00e1foro verde\u201d porque hay un verdadero pavor de parte del gobierno morenista para decretar las restricciones a las actividades econ\u00f3micas, pero sin que lo digan abiertamente, es claro que los contagios est\u00e1n ya pegando a la din\u00e1mica econ\u00f3mica que se tra\u00eda en 2021 y esto se ve en las primeras proyecciones que se comienzan a dar de parte de las instituciones financieras. El a\u00f1o pasado, la econom\u00eda tuvo un repunte despu\u00e9s de la terrible e hist\u00f3rica ca\u00edda de 2020 que fue de -8.5 el producto interno bruto (-8.5 PIB), debido fundamentalmente por la demanda de productos o materias primas que la econom\u00eda norteamericana exig\u00eda por su reactivaci\u00f3n, pero ello fue posible en el pa\u00eds vecino por las ayudas que el gobierno de Trump primero y despu\u00e9s de Biden hicieron a la poblaci\u00f3n para incentivar el gasto y con ello reactivar el mercado interno,pero tambi\u00e9n y esto es sumamente importante, al enorme gasto p\u00fablico que han realizado para reactivar la econ\u00f3mica de los Estados Unidos, situaci\u00f3n que en ninguno de los dos casos ha ocurrido en Mexico, el gobierno lopezobradorista NO ha dado un peso de ayudas a los trabajadores que perdieron su empleo en la pandemia o a los peque\u00f1os negocios que tuvieron que cerrar temporalmente o de manera definitiva como consecuencia de grave situaci\u00f3n econ\u00f3mica en que se vieron por causa de la pandemia, pero tampoco ha incrementado el gasto p\u00fablico, con la falsa postura de parte del presidente de que el gobierno no se habr\u00e1 de endeudar, a\u00fan y que la emisi\u00f3n de bonos gubernamentales haya sido ya pr\u00e1ctica en este gobierno seguramente para gasto corriente o el cumplimento del gasto para las prioridades de L\u00f3pez. Resultado de esto son los n\u00fameros que el INEGI nos dio de que 4 millones m\u00e1s de mexicanos se han sumado a la pobreza en este gobierno.<\/p>\n<p>El \u00faltimo reporte del Banco Mundial se\u00f1ala que debido a la persistencia de la pandemia, hay una \u201cdesaceleraci\u00f3n grave en curso\u201d , y proyecta que en est\u00e1s condiciones el PIB mundial, probablemente aumentar\u00e1 en 4.1%, menos del 4.3 que a mitad del a\u00f1o pasado hab\u00eda proyectado. En America Latina en 2021 ,el incremento fue 6.7 % resultado de las mejores condiciones de salud por la aplicaci\u00f3n de las vacunas y por la demanda de materias primas de Estados Unidos de Norteam\u00e9rica y de China particularmente, pero prev\u00e9 que en este a\u00f1o solo haya un crecimiento de 2.7%, pero si observamos, M\u00e9xico tuvo un crecimiento menor a la regi\u00f3n,a\u00fan oficialmente no se da a conocer el PIB de 2021 pero escasamente estar\u00e1 en 5% muy por abajo del 6.7 % que fue en America Latina. Pero adem\u00e1s, al grave deterioro econ\u00f3mico de nuestro pa\u00eds que viene sufriendo por la nula pol\u00edtica econ\u00f3mica despu\u00e9s de tres secretarios de Hacienda en virtud de que la maneja de manera personal el presidente y hemos visto el desastre que ello implica, la inflaci\u00f3n est\u00e1 golpeando sobre todo a la poblaci\u00f3n de menores recursos al ubicarse en 7.36 % en 2021, la m\u00e1s alta en los \u00faltimos 20 a\u00f1os.<\/p>\n<p>As\u00ed de cara al a\u00f1o que inicia las perspectivas no son nada buenas, hay una pandemia extendida por la nueva variante y una econom\u00eda en la que no se ven mejoras por la necedad obradorista de no corregir los graves errores cometidos ya en tres a\u00f1os, no hay claridad de una buena pol\u00edtica econ\u00f3mica, y las malas se\u00f1ales por los dichos y hechos presidenciales se reflejan en un mal ambiente de negocios que han significado la salida de 257,601 millones de pesos el a\u00f1o pasado y de 257,239 millones de pesos en 2020 seg\u00fan las cifras de Banco de M\u00e9xico, estos son los hechos, lo que diga y dice mucho el presidente es demagogia y desafortunadamente para los mexicanos una peor perspectiva de bienestar.<\/p>\n<p>@aguilarsoliss<\/p>\n","protected":false},"excerpt":{"rendered":"<p>Con m\u00e1s de 300 mil muertos reconocidos oficialmente por el gobierno de L\u00f3pez Obrador con motivo de la pandemia del Covid-19, pero estimados en t\u00e9rminos reales en m\u00e1s de medio mill\u00f3n por especialistas y organismos internacionales, deber\u00eda de ser m\u00e1s que suficiente motivo para llevar a un juicio al gobierno y sus responsables por la [&hellip;]<\/p>\n","protected":false},"author":7,"featured_media":562,"comment_status":"closed","ping_status":"closed","sticky":false,"template":"","format":"standard","meta":{"footnotes":""},"categories":[23],"tags":[36,57,55],"class_list":["post-15219","post","type-post","status-publish","format-standard","has-post-thumbnail","hentry","category-articulistas","tag-amlo","tag-economia","tag-politica"],"_links":{"self":[{"href":"https:\/\/indicadorpolitico.com.mx\/index.php?rest_route=\/wp\/v2\/posts\/15219","targetHints":{"allow":["GET"]}}],"collection":[{"href":"https:\/\/indicadorpolitico.com.mx\/index.php?rest_route=\/wp\/v2\/posts"}],"about":[{"href":"https:\/\/indicadorpolitico.com.mx\/index.php?rest_route=\/wp\/v2\/types\/post"}],"author":[{"embeddable":true,"href":"https:\/\/indicadorpolitico.com.mx\/index.php?rest_route=\/wp\/v2\/users\/7"}],"replies":[{"embeddable":true,"href":"https:\/\/indicadorpolitico.com.mx\/index.php?rest_route=%2Fwp%2Fv2%2Fcomments&post=15219"}],"version-history":[{"count":0,"href":"https:\/\/indicadorpolitico.com.mx\/index.php?rest_route=\/wp\/v2\/posts\/15219\/revisions"}],"wp:featuredmedia":[{"embeddable":true,"href":"https:\/\/indicadorpolitico.com.mx\/index.php?rest_route=\/wp\/v2\/media\/562"}],"wp:attachment":[{"href":"https:\/\/indicadorpolitico.com.mx\/index.php?rest_route=%2Fwp%2Fv2%2Fmedia&parent=15219"}],"wp:term":[{"taxonomy":"category","embeddable":true,"href":"https:\/\/indicadorpolitico.com.mx\/index.php?rest_route=%2Fwp%2Fv2%2Fcategories&post=15219"},{"taxonomy":"post_tag","embeddable":true,"href":"https:\/\/indicadorpolitico.com.mx\/index.php?rest_route=%2Fwp%2Fv2%2Ftags&post=15219"}],"curies":[{"name":"wp","href":"https:\/\/api.w.org\/{rel}","templated":true}]}}