{"id":15230,"date":"2022-01-21T23:02:02","date_gmt":"2022-01-22T05:02:02","guid":{"rendered":"https:\/\/indicadorpolitico.com.mx\/?p=15230"},"modified":"2022-01-21T23:03:34","modified_gmt":"2022-01-22T05:03:34","slug":"bonsais-en-el-espacio-y-enemigos-de-ficcion","status":"publish","type":"post","link":"https:\/\/indicadorpolitico.com.mx\/?p=15230","title":{"rendered":"Bons\u00e1is en el espacio y enemigos de ficci\u00f3n"},"content":{"rendered":"<p><strong>Miquel Escudero<\/strong><\/p>\n<p>Cuando se es educado no hay que pedir perd\u00f3n por decir lo que se piensa. Ser educado supone mostrarse comedido y tener buenos modos, pero de nada vale serlo si no se es respetuoso con la realidad, con aquello que veo, tal como lo veo. A menudo, sin embargo, expresarse con libertad y rigor causa problemas ante los enemigos de la libertad, que siempre est\u00e1n ah\u00ed y a quienes les enoja e importuna que se diga lo que no quieren que los dem\u00e1s oigan o lean. Por esto, libertad y democracia van de la mano, las necesitamos juntas para llevar una vida humana, digna y razonable.<\/p>\n<p>Leo con gusto a Albert Boadella, un juglar que escribe con estilo. En el pr\u00f3logo a \u2018El libro negro del nacionalismo\u2019 (Deusto) describe la libertad y la igualdad como \u201clos pilares fundamentales por los que hoy deber\u00edamos sentir nuestro m\u00e1ximo apego a un territorio\u201d. Por esto no duda en declararse traidor a una supuesta patria que se identifique con el odio a un enemigo de ficci\u00f3n. Me parece honrado y valiente. Otros, siempre enfadados y agresivos, le insultan y lo tachan de provocador. \u00bfProvocador? S\u00ed, pero en el buen sentido del t\u00e9rmino: el de quien trata de promover reacciones decentes, incitar y estimular hacia la autenticidad. \u00c9l lo hace adem\u00e1s con talento ir\u00f3nico y humor\u00edstico, el que a sus acusadores les falta.<\/p>\n<p>En el mismo libro leo con inter\u00e9s al editor Pedro G\u00f3mez Carrizo. Reivindica la no exclusividad de las culturas nacionales, recuerda la frase de Mahatma Gandhi de que ninguna cultura puede sobrevivir si se pretende que sea exclusiva. Esto es, su pervivencia depende de que sepa integrar e incorporar elementos de otras, sin antagonismos fieros, in\u00fatiles y retr\u00f3grados, sin man\u00edas insostenibles.<\/p>\n<p>Me fijo en una menci\u00f3n que G\u00f3mez Carrizo hace del escritor Ralph W. Emerson, un escritor inmerso en el siglo XIX norteamericano. Recoge esta frase: \u201cEl triunfo de la cultura es hacer olvidar la nacionalidad poniendo al alcance del caballero la flor del genio de todos los pa\u00edses\u201d. Verde y con asas, que quiere decir: \u2018fuera de discusi\u00f3n y de duda\u2019, igual que blanco y en botella. Lo sustancial es recoger lo mejor de cada casa y, en todo caso, configurar con libertad una identidad propia. No es aceptable que por ello haya que pasar por una inquisici\u00f3n.<\/p>\n<p>Ciertamente, Emerson no tiene la resonancia hist\u00f3rica de Gandhi, pero siempre hay que atender al sentido de las palabras, las diga quien las diga, y no estancarse en el posible prestigio del eco de un nombre. He le\u00eddo muy poco a Emerson. De joven, le\u00ed unos ensayos suyos. Recuerdo que afirm\u00f3 que el verdadero poema es el alma del poeta; es decir, el esp\u00edritu est\u00e1 por encima de la letra, lo personal ilumina el texto y copa lo mejor del poema. En la misma l\u00ednea, el escritor de Massachusetts proclamaba una m\u00edstica confianza en la fuerza de la personalidad: \u201cLa grandeza de car\u00e1cter act\u00faa en la oscuridad y socorre a los que nunca le vieron\u201d.<\/p>\n<p>Estoy de acuerdo con Pedro G\u00f3mez Carrizo cuando dice que anular lo espa\u00f1ol es una necesidad para el proyecto secesionista; es una evidencia contrastable cada d\u00eda. Y que:<\/p>\n<p>\u201cAl cancelar la espa\u00f1olidad de Catalu\u00f1a, el nacionalismo ha enajenado un valios\u00edsimo tesoro a sus ciudadanos y ha echado sal sobre terrenos f\u00e9rtiles donde podr\u00eda surgir una cultura poderosa hija de la mezcla y de la autenticidad\u201d.<\/p>\n<p>El da\u00f1o que, desde el poder, ocasiona la praxis nacionalista es visible. Sin embargo, un proyecto alienador se puede revertir. Se precisa de poder pol\u00edtico para extender la raz\u00f3n y la concordia, para desarrollar la libertad y la igualdad con la mayor satisfacci\u00f3n de todos. \u00bfA qui\u00e9n le molesta que otros hablen con libertad por la igualdad y le rebatan sus pr\u00e1cticas con razones fr\u00edas y claras?<\/p>\n<p>Creo que, en este sentido, hay que acertar a incorporar el factor sorpresa que descoloca y genera una imaginaci\u00f3n en la que nadie piensa ni espera, pero que act\u00faa en la oscuridad.<\/p>\n<p>As\u00ed, por ejemplo, me fijo en el japon\u00e9s Azuma Makoto, para quien hay muchas similitudes entre tocar en un grupo de rock y su trabajo de artista bot\u00e1nico o floral. Sin duda, es una afirmaci\u00f3n muy sorprendente, quiz\u00e1 extravagante, pero \u00bfse puede entender lo que digo al introducirlo en esta cuesti\u00f3n?<\/p>\n<p>Claro est\u00e1 que, en primer lugar, habr\u00eda que enterarse de qui\u00e9n es ese Makoto, en qu\u00e9 trabaja, qu\u00e9 obras hace. Las conexiones anunciadas vendr\u00e1n a continuaci\u00f3n.<\/p>\n<p><strong>Profesor y escritor<\/strong><\/p>\n<p><strong>Publicado originalmente en elimparcial.es<\/strong><\/p>\n","protected":false},"excerpt":{"rendered":"<p>Miquel Escudero Cuando se es educado no hay que pedir perd\u00f3n por decir lo que se piensa. Ser educado supone mostrarse comedido y tener buenos modos, pero de nada vale serlo si no se es respetuoso con la realidad, con aquello que veo, tal como lo veo. A menudo, sin embargo, expresarse con libertad y [&hellip;]<\/p>\n","protected":false},"author":35,"featured_media":15231,"comment_status":"closed","ping_status":"closed","sticky":false,"template":"","format":"standard","meta":{"footnotes":""},"categories":[27],"tags":[39,643],"class_list":["post-15230","post","type-post","status-publish","format-standard","has-post-thumbnail","hentry","category-el-mollete-literario","tag-cultura","tag-educacion"],"_links":{"self":[{"href":"https:\/\/indicadorpolitico.com.mx\/index.php?rest_route=\/wp\/v2\/posts\/15230","targetHints":{"allow":["GET"]}}],"collection":[{"href":"https:\/\/indicadorpolitico.com.mx\/index.php?rest_route=\/wp\/v2\/posts"}],"about":[{"href":"https:\/\/indicadorpolitico.com.mx\/index.php?rest_route=\/wp\/v2\/types\/post"}],"author":[{"embeddable":true,"href":"https:\/\/indicadorpolitico.com.mx\/index.php?rest_route=\/wp\/v2\/users\/35"}],"replies":[{"embeddable":true,"href":"https:\/\/indicadorpolitico.com.mx\/index.php?rest_route=%2Fwp%2Fv2%2Fcomments&post=15230"}],"version-history":[{"count":0,"href":"https:\/\/indicadorpolitico.com.mx\/index.php?rest_route=\/wp\/v2\/posts\/15230\/revisions"}],"wp:featuredmedia":[{"embeddable":true,"href":"https:\/\/indicadorpolitico.com.mx\/index.php?rest_route=\/wp\/v2\/media\/15231"}],"wp:attachment":[{"href":"https:\/\/indicadorpolitico.com.mx\/index.php?rest_route=%2Fwp%2Fv2%2Fmedia&parent=15230"}],"wp:term":[{"taxonomy":"category","embeddable":true,"href":"https:\/\/indicadorpolitico.com.mx\/index.php?rest_route=%2Fwp%2Fv2%2Fcategories&post=15230"},{"taxonomy":"post_tag","embeddable":true,"href":"https:\/\/indicadorpolitico.com.mx\/index.php?rest_route=%2Fwp%2Fv2%2Ftags&post=15230"}],"curies":[{"name":"wp","href":"https:\/\/api.w.org\/{rel}","templated":true}]}}