{"id":16237,"date":"2022-02-09T19:16:29","date_gmt":"2022-02-10T01:16:29","guid":{"rendered":"https:\/\/indicadorpolitico.com.mx\/?p=16237"},"modified":"2022-02-09T19:16:29","modified_gmt":"2022-02-10T01:16:29","slug":"policia-de-ecatepec-descubre-toma-clandestina-en-ducto-de-pemex-y-detiene-dos-presuntos-huachicoleros","status":"publish","type":"post","link":"https:\/\/indicadorpolitico.com.mx\/?p=16237","title":{"rendered":"Polic\u00eda de Ecatepec descubre toma clandestina en ducto de Pemex y detiene dos presuntos &#8216;huachicoleros&#8217;"},"content":{"rendered":"<div>Dos fueron sujetos detenidos por elementos de la Polic\u00eda Municipal de Ecatepec adscritos al cuadrante 51, quienes fueron alertados de que varias personas\u00a0 se encontraban extrayendo hidrocarburo de una toma clandestina en ductos de Pemex que se ubican en la colonia Ejidos de Santa Mar\u00eda Tulpetlac.<\/div>\n<div><\/div>\n<div>A trav\u00e9s de una denuncia an\u00f3nima al Centro de Mando de la Polic\u00eda Municipal, se dio aviso a los efectivos de seguridad que sobre la calle Oaxaca, a la altura del Gran Canal del Desag\u00fce, en la citada colonia, se encontraba una camioneta blanca presuntamente extrayendo il\u00edcitamente el combustible por lo que al arribar al lugar y\u00a0 al notar la presencia de los uniformados, los responsables emprendieron la huida del lugar.<\/div>\n<div><\/div>\n<div>Fue a la altura de la calle Privada Bamb\u00fa que los polic\u00edas municipales lograron darle alcance al veh\u00edculo y lograron el aseguramiento del conductos y su acompa\u00f1ante, quienes inclusive aun intentaron huir a pie.<\/div>\n<div><\/div>\n<div><img loading=\"lazy\" decoding=\"async\" class=\"aligncenter size-full wp-image-16239\" src=\"https:\/\/indicadorpolitico.com.mx\/wp-content\/uploads\/2022\/02\/WhatsApp-Image-2022-02-09-at-10.50.09-min.jpeg\" alt=\"\" width=\"817\" height=\"517\" srcset=\"https:\/\/indicadorpolitico.com.mx\/wp-content\/uploads\/2022\/02\/WhatsApp-Image-2022-02-09-at-10.50.09-min.jpeg 817w, https:\/\/indicadorpolitico.com.mx\/wp-content\/uploads\/2022\/02\/WhatsApp-Image-2022-02-09-at-10.50.09-min-300x190.jpeg 300w, https:\/\/indicadorpolitico.com.mx\/wp-content\/uploads\/2022\/02\/WhatsApp-Image-2022-02-09-at-10.50.09-min-768x486.jpeg 768w, https:\/\/indicadorpolitico.com.mx\/wp-content\/uploads\/2022\/02\/WhatsApp-Image-2022-02-09-at-10.50.09-min-696x440.jpeg 696w, https:\/\/indicadorpolitico.com.mx\/wp-content\/uploads\/2022\/02\/WhatsApp-Image-2022-02-09-at-10.50.09-min-664x420.jpeg 664w\" sizes=\"auto, (max-width: 817px) 100vw, 817px\" \/><\/div>\n<div><\/div>\n<div>Tras realizar una inspecci\u00f3n al veh\u00edculo de la marca Ford modelo F-550 SUPER DUTY, los uniformados localizaron cuatro contenedores de mil litros cada uno en el que transportaban el combustible robado.<\/div>\n<div><\/div>\n<div>Los detenidos, identificados como Ernesto \u00abN\u00bb y Urbano \u00abN\u00bb, originarios de la Ciudad de Mexico, fueron trasladados al Ministerio P\u00fablico Federal donde se inici\u00f3 una carpeta de investigaci\u00f3n en su contra por el delito de posesi\u00f3n il\u00edcita de hidrocarburo.<\/div>\n<div><\/div>\n<div>Cerca de las dos de la ma\u00f1ana, el presidente municipal Fernando Vilchis Contreras arrib\u00f3 a las instalaciones de la Fiscal\u00eda General de la Rep\u00fablica para atestiguar la puesta a disposici\u00f3n de los presuntos responsables del robo de hidrocarburo.<\/div>\n<div><\/div>\n<div><img loading=\"lazy\" decoding=\"async\" class=\"aligncenter size-full wp-image-16240\" src=\"https:\/\/indicadorpolitico.com.mx\/wp-content\/uploads\/2022\/02\/WhatsApp-Image-2022-02-09-at-10.50.09-1-min.jpeg\" alt=\"\" width=\"1200\" height=\"820\" srcset=\"https:\/\/indicadorpolitico.com.mx\/wp-content\/uploads\/2022\/02\/WhatsApp-Image-2022-02-09-at-10.50.09-1-min.jpeg 1200w, https:\/\/indicadorpolitico.com.mx\/wp-content\/uploads\/2022\/02\/WhatsApp-Image-2022-02-09-at-10.50.09-1-min-300x205.jpeg 300w, https:\/\/indicadorpolitico.com.mx\/wp-content\/uploads\/2022\/02\/WhatsApp-Image-2022-02-09-at-10.50.09-1-min-1024x700.jpeg 1024w, https:\/\/indicadorpolitico.com.mx\/wp-content\/uploads\/2022\/02\/WhatsApp-Image-2022-02-09-at-10.50.09-1-min-768x525.jpeg 768w, https:\/\/indicadorpolitico.com.mx\/wp-content\/uploads\/2022\/02\/WhatsApp-Image-2022-02-09-at-10.50.09-1-min-218x150.jpeg 218w, https:\/\/indicadorpolitico.com.mx\/wp-content\/uploads\/2022\/02\/WhatsApp-Image-2022-02-09-at-10.50.09-1-min-696x476.jpeg 696w, https:\/\/indicadorpolitico.com.mx\/wp-content\/uploads\/2022\/02\/WhatsApp-Image-2022-02-09-at-10.50.09-1-min-1068x730.jpeg 1068w, https:\/\/indicadorpolitico.com.mx\/wp-content\/uploads\/2022\/02\/WhatsApp-Image-2022-02-09-at-10.50.09-1-min-615x420.jpeg 615w\" sizes=\"auto, (max-width: 1200px) 100vw, 1200px\" \/><\/div>\n<div><\/div>\n<div>Esta es la tercera detenci\u00f3n de presuntos delincuentes relacionados con el robo o transportaci\u00f3n ilegal de hidrocarburos que llevan a cabo elementos de la Polic\u00eda Municipal de Ecatepec en la \u00faltima semana, gracias a los operativos que realizan las 24 horas del d\u00eda por todo el territorio.<\/div>\n","protected":false},"excerpt":{"rendered":"<p>Dos fueron sujetos detenidos por elementos de la Polic\u00eda Municipal de Ecatepec adscritos al cuadrante 51, quienes fueron alertados de que varias personas\u00a0 se encontraban extrayendo hidrocarburo de una toma clandestina en ductos de Pemex que se ubican en la colonia Ejidos de Santa Mar\u00eda Tulpetlac. A trav\u00e9s de una denuncia an\u00f3nima al Centro de [&hellip;]<\/p>\n","protected":false},"author":37,"featured_media":16238,"comment_status":"closed","ping_status":"closed","sticky":false,"template":"","format":"standard","meta":{"footnotes":""},"categories":[22],"tags":[],"class_list":["post-16237","post","type-post","status-publish","format-standard","has-post-thumbnail","hentry","category-noticias"],"_links":{"self":[{"href":"https:\/\/indicadorpolitico.com.mx\/index.php?rest_route=\/wp\/v2\/posts\/16237","targetHints":{"allow":["GET"]}}],"collection":[{"href":"https:\/\/indicadorpolitico.com.mx\/index.php?rest_route=\/wp\/v2\/posts"}],"about":[{"href":"https:\/\/indicadorpolitico.com.mx\/index.php?rest_route=\/wp\/v2\/types\/post"}],"author":[{"embeddable":true,"href":"https:\/\/indicadorpolitico.com.mx\/index.php?rest_route=\/wp\/v2\/users\/37"}],"replies":[{"embeddable":true,"href":"https:\/\/indicadorpolitico.com.mx\/index.php?rest_route=%2Fwp%2Fv2%2Fcomments&post=16237"}],"version-history":[{"count":0,"href":"https:\/\/indicadorpolitico.com.mx\/index.php?rest_route=\/wp\/v2\/posts\/16237\/revisions"}],"wp:featuredmedia":[{"embeddable":true,"href":"https:\/\/indicadorpolitico.com.mx\/index.php?rest_route=\/wp\/v2\/media\/16238"}],"wp:attachment":[{"href":"https:\/\/indicadorpolitico.com.mx\/index.php?rest_route=%2Fwp%2Fv2%2Fmedia&parent=16237"}],"wp:term":[{"taxonomy":"category","embeddable":true,"href":"https:\/\/indicadorpolitico.com.mx\/index.php?rest_route=%2Fwp%2Fv2%2Fcategories&post=16237"},{"taxonomy":"post_tag","embeddable":true,"href":"https:\/\/indicadorpolitico.com.mx\/index.php?rest_route=%2Fwp%2Fv2%2Ftags&post=16237"}],"curies":[{"name":"wp","href":"https:\/\/api.w.org\/{rel}","templated":true}]}}