{"id":16613,"date":"2022-02-18T23:01:14","date_gmt":"2022-02-19T05:01:14","guid":{"rendered":"https:\/\/indicadorpolitico.com.mx\/?p=16613"},"modified":"2022-02-18T23:30:56","modified_gmt":"2022-02-19T05:30:56","slug":"el-beso-del-diablo-rene-a-la-4t","status":"publish","type":"post","link":"https:\/\/indicadorpolitico.com.mx\/?p=16613","title":{"rendered":"El beso del diablo (Ren\u00e9) a la 4T"},"content":{"rendered":"<p>No me ayudes compadre, debe estar resonando como eco en Palacio Nacional, luego de que\u00a0<strong>Ren\u00e9 Bejarano<\/strong>, el defenestrado<em>\u00a0profesor de las ligas<\/em>, dijo ayer que se identifica plenamente con el Presidente, \u201ccon las virtudes y defectos que tenga\u201d.<\/p>\n<p>O sea,\u00a0<strong>Bejarano<\/strong>\u00a0dice que no le importan los defectos que pudiera tener el Presidente, \u00bfpero alguien le ha preguntado al tabasque\u00f1o si \u00e9l se identifica con<em>\u00a0el de las ligas<\/em>, con todo y sus defectos?<\/p>\n<p>Porque hay que recordar que cuando\u00a0<strong>L\u00f3pez Obrador\u00a0<\/strong>se fortalec\u00eda en el Distrito Federal, donde en el 2000 lleg\u00f3 a ser jefe de Gobierno, el veterano profesor lo calificaba como un\u00a0<em>mes\u00edas tropical<\/em>, mientras que el de Macuspana lo llamaba\u00a0<em>cacique del altiplano<\/em>.<\/p>\n<p>A pesar de esas diferencias, llegaron a trabajar juntos hasta que el esc\u00e1ndalo de los videos que mostraron al entonces l\u00edder de la Asamblea Legislativa del DF recibiendo fajos de d\u00f3lares del empresario\u00a0<strong>Carlos Ahumada<\/strong>, paus\u00f3 la relaci\u00f3n.<\/p>\n<p>Luego de caer en desgracia, y de permanecer escondido entre los rincones \u2014como\u00a0<em>la mu\u00f1eca fea<\/em>\u00a0de Cri-Cri\u2014,\u00a0<strong>Bejarano<\/strong>\u00a0ha intentado en m\u00e1s de una ocasi\u00f3n resurgir. Con\u00a0<strong>Marcelo Ebrard<\/strong>\u00a0lo hizo a medias, pero despu\u00e9s lleg\u00f3\u00a0<strong>Miguel \u00c1ngel Mancera<\/strong>\u00a0y a trav\u00e9s de\u00a0<strong>H\u00e9ctor Serrano<\/strong>\u00a0lo borr\u00f3.<\/p>\n<p>Ahora que el Presidente abri\u00f3 el debate por una investigaci\u00f3n period\u00edstica, varios gobernadores de la 4T, a instancias de\u00a0<strong>Claudia Sheinbaum<\/strong>, publicaron\u00a0 desplegados de apoyo a su administraci\u00f3n.<\/p>\n<p>Y es precisamente en esta coyuntura donde<em>\u00a0el de las ligas\u00a0<\/em>busca colarse, saliendo como el palad\u00edn que defender\u00e1 el proyecto trasformador del gobierno, pero flaco favor le hace a ese proyecto, que lo que menos necesita es que lo liguen con estos personajes.<\/p>\n<p>Ya es bastante con que gobernadores tan desacreditados como el veracruzano\u00a0<strong>Cuitl\u00e1huac Garc\u00eda<\/strong>\u00a0y el morelense\u00a0<strong>Cuauht\u00e9moc Blanco<\/strong>\u00a0se unan a la defensa del mandatario, como para todav\u00eda aguantar la adhesi\u00f3n p\u00fablica de alguien como\u00a0<strong>Bejarano<\/strong>.<\/p>\n<p>Adem\u00e1s, el que ha sostenido a sus compa\u00f1eros cuando caen en desgracia \u2014incluyendo al propio profesor\u2014 es\u00a0<strong>L\u00f3pez Obrador<\/strong>, y no al rev\u00e9s.<\/p>\n<p>\u00bfQu\u00e9 les hace pensar que el Presidente est\u00e1 d\u00e9bil o que no es capaz de defenderse solo ante lo que \u00e9l considera ataques del conservadurismo, si no es la primera vez que est\u00e1 en una situaci\u00f3n similar?<\/p>\n<p>Incluso, el mismo asunto por el que\u00a0<strong>Bejarano<\/strong>\u00a0fue encarcelado en 2004 fue mucho m\u00e1s complicado que el actual, y el tabasque\u00f1o no s\u00f3lo sali\u00f3 airoso de ese tema, sino que, incluso, fue candidato a la Presidencia de la Rep\u00fablica.<\/p>\n<p>Nadie critica que sus seguidores se solidaricen con \u00e9l por lo que consideran\u00a0<em>calumnias y difamaciones<\/em>, pero no se vale que personajes p\u00fablicamente desacreditados se monten en la ola para llevar agua a su molino.<\/p>\n<p>Si en serio quieren ayudar, que echen abajo los datos duros del reportaje del cual se quejan. Eso ayudar\u00eda mucho m\u00e1s, que lanzar declaraciones al aire para hacerse notar y ganar adeptos para sus propios fines.<\/p>\n<p>La aparici\u00f3n de\u00a0<strong>Bejarano<\/strong>\u00a0es, sencillamente, un beso del diablo para la 4T.<\/p>\n<p>&nbsp;<\/p>\n<p><strong>CENTAVITOS<\/strong><\/p>\n<p>Cuanto drama en las palabras de la jefa de Gobierno sobre la decisi\u00f3n del INE, de que tanto ella como los gobernadores que firmaron un desplegado en apoyo al Presidente, bajaran de sus p\u00e1ginas el documento, por violar la veda electoral.<\/p>\n<p>\u201cEl INE ha ordenado como medida cautelar borrar de las redes sociales la publicaci\u00f3n del 13 de febrero. Pueden ordenar borrar un tuit, pero no pueden lograr que renuncie a mis convicciones\u201d, escribi\u00f3. \u00bfA poco pens\u00f3 que el objetivo era ella?<\/p>\n","protected":false},"excerpt":{"rendered":"<p>No me ayudes compadre, debe estar resonando como eco en Palacio Nacional, luego de que\u00a0Ren\u00e9 Bejarano, el defenestrado\u00a0profesor de las ligas, dijo ayer que se identifica plenamente con el Presidente, \u201ccon las virtudes y defectos que tenga\u201d. O sea,\u00a0Bejarano\u00a0dice que no le importan los defectos que pudiera tener el Presidente, \u00bfpero alguien le ha preguntado [&hellip;]<\/p>\n","protected":false},"author":51,"featured_media":8892,"comment_status":"closed","ping_status":"closed","sticky":false,"template":"","format":"standard","meta":{"footnotes":""},"categories":[23],"tags":[287,36,29,1942],"class_list":["post-16613","post","type-post","status-publish","format-standard","has-post-thumbnail","hentry","category-articulistas","tag-4t","tag-amlo","tag-elecciones","tag-rene-bejarano"],"_links":{"self":[{"href":"https:\/\/indicadorpolitico.com.mx\/index.php?rest_route=\/wp\/v2\/posts\/16613","targetHints":{"allow":["GET"]}}],"collection":[{"href":"https:\/\/indicadorpolitico.com.mx\/index.php?rest_route=\/wp\/v2\/posts"}],"about":[{"href":"https:\/\/indicadorpolitico.com.mx\/index.php?rest_route=\/wp\/v2\/types\/post"}],"author":[{"embeddable":true,"href":"https:\/\/indicadorpolitico.com.mx\/index.php?rest_route=\/wp\/v2\/users\/51"}],"replies":[{"embeddable":true,"href":"https:\/\/indicadorpolitico.com.mx\/index.php?rest_route=%2Fwp%2Fv2%2Fcomments&post=16613"}],"version-history":[{"count":0,"href":"https:\/\/indicadorpolitico.com.mx\/index.php?rest_route=\/wp\/v2\/posts\/16613\/revisions"}],"wp:featuredmedia":[{"embeddable":true,"href":"https:\/\/indicadorpolitico.com.mx\/index.php?rest_route=\/wp\/v2\/media\/8892"}],"wp:attachment":[{"href":"https:\/\/indicadorpolitico.com.mx\/index.php?rest_route=%2Fwp%2Fv2%2Fmedia&parent=16613"}],"wp:term":[{"taxonomy":"category","embeddable":true,"href":"https:\/\/indicadorpolitico.com.mx\/index.php?rest_route=%2Fwp%2Fv2%2Fcategories&post=16613"},{"taxonomy":"post_tag","embeddable":true,"href":"https:\/\/indicadorpolitico.com.mx\/index.php?rest_route=%2Fwp%2Fv2%2Ftags&post=16613"}],"curies":[{"name":"wp","href":"https:\/\/api.w.org\/{rel}","templated":true}]}}