{"id":17556,"date":"2022-03-20T20:06:09","date_gmt":"2022-03-21T02:06:09","guid":{"rendered":"https:\/\/indicadorpolitico.com.mx\/?p=17556"},"modified":"2022-03-20T23:05:52","modified_gmt":"2022-03-21T05:05:52","slug":"la-alternativa-progresista-comentarios-al-libro-del-ing-cuauhtemoc-cardenas-por-una-democracia-progresista","status":"publish","type":"post","link":"https:\/\/indicadorpolitico.com.mx\/?p=17556","title":{"rendered":"La Alternativa Progresista: Comentarios al libro del Ing. Cuauht\u00e9moc C\u00e1rdenas, \u201cPor una Democracia Progresista\u201d"},"content":{"rendered":"<p><strong>Mentor Tijerina\u00a0<\/strong><\/p>\n<p>La reflexi\u00f3n sobre la Democracia Progresista nace como una rebeli\u00f3n en contra de la dictadura de la ausencia de alternativas ante eso que se ha dado en llamar el neoliberalismo.<\/p>\n<p>La Democracia Progresista es un intento por enfrentar dos crisis: la crisis del capitalismo en el siglo XXI, con el incremento en los niveles de desigualdad social, como lo demostr\u00f3 Thomas Piketty, y la crisis de la izquierda que ha sido incapaz de proponer una alternativa viable frente a la desigualdad que provoca el capitalismo financiero.<\/p>\n<p>Como sostiene Roberto Mangabiera Unger, la propuesta socialdem\u00f3crata trat\u00f3 de \u201chumanizar\u201d al capitalismo con medidas distributivas, pero fue incapaz de construir un modelo alternativo al neoliberalismo. No se trata, como dir\u00eda este autor, de endulzar el caf\u00e9, sino de construir un nuevo modelo social, pol\u00edtico y econ\u00f3mico.<\/p>\n<p>El ep\u00edgrafe del libro del Ing. C\u00e1rdenas retoma una frase de un discurso del General C\u00e1rdenas en 1938.<\/p>\n<p>\u201c\u2026todo sistema de gobierno es un laboratorio en el que la soberan\u00eda del pueblo prepara el desarrollo de su vida futura\u201d.<\/p>\n<p>Una de las caracter\u00edsticas de la Democracia Progresista es justamente, su naturaleza experimental. Para construir una opci\u00f3n progresista hay que echar mano de aquella c\u00e9lebre frase del movimiento estudiantil de mayo del 68 franc\u00e9s: \u201cLa imaginaci\u00f3n al poder\u201d.<\/p>\n<p>La opci\u00f3n progresista considera que tenemos que dise\u00f1ar un nuevo entramado institucional, mediante un proceso de experimentaci\u00f3n pragm\u00e1tica.<\/p>\n<p>Desde hace varias d\u00e9cadas M\u00e9xico es v\u00edctima de la mediocridad de su pol\u00edtica y de la falta de grandeza de sus gobernantes.<\/p>\n<p>Durante 40 a\u00f1os hemos sido v\u00edctimas del fatalismo de las pol\u00edticas neoliberales, lo que nos obliga a seguir pensando nuevas alternativas pol\u00edticas frente a la inercia del andamiaje institucional y las formulaciones intelectuales que est\u00e1n agotadas, tanto a la izquierda como a la derecha.<\/p>\n<p>El libro del Ing. C\u00e1rdenas en este sentido es una invitaci\u00f3n a reflexionar, desde la izquierda, una alternativa progresista que nos permita sacar a M\u00e9xico de la mediocridad y del deterioro de su vida institucional.<\/p>\n<p>El libro contiene tres grandes partes:<\/p>\n<ol>\n<li>La primera es una investigaci\u00f3n de las ra\u00edces de lo que constituye el proyecto progresista de M\u00e9xico.<\/li>\n<li>La segunda describe c\u00f3mo, a partir de los a\u00f1os 80s se instaura en M\u00e9xico el neoliberalismo y se produce un retroceso en los principales avances progresistas que se hab\u00edan logrado con la Revoluci\u00f3n Mexicana.<\/li>\n<li>La tercera es un propuesta program\u00e1tica para un proyecto progresista de Naci\u00f3n.<\/li>\n<\/ol>\n<p>&nbsp;<\/p>\n<p style=\"text-align: center;\"><strong>I<\/strong><\/p>\n<p>El Ing. C\u00e1rdenas sostiene que muchas de las aspiraciones progresistas de la Revoluci\u00f3n Mexicana siguen estando vivas.<\/p>\n<p>La Revoluci\u00f3n Mexicana es la culminaci\u00f3n de las luchas por la igualdad, la soberan\u00eda y la Democracia a lo largo del siglo XIX.<\/p>\n<p>Proyectos que cobran vida en documentos como Los Sentimientos de la Naci\u00f3n de Jos\u00e9 Mar\u00eda Morelos, la Constituci\u00f3n de Apatzing\u00e1n de 1814, la Constituci\u00f3n de 1824, y la de 1857.<\/p>\n<p>Nos recuerda el ingeniero que la Constituci\u00f3n de 1814 fue la primera en establecer que la soberan\u00eda radica en el pueblo. Este principio pasa a la Constituci\u00f3n de 1824 y luego al art\u00edculo 39 de la Constituci\u00f3n de 1857, cuya redacci\u00f3n mantuvo el Constituyente del 17 y que a la letra dice:<\/p>\n<p><em>\u201cLa soberan\u00eda nacional reside esencial y originalmente en el pueblo. Todo poder p\u00fablico dimana del pueblo y se instituye para su beneficio. El pueblo tiene en todo tiempo el inalienable derecho de alterar o modificar la forma de su gobierno\u201d.<\/em><\/p>\n<p>Este principio expresa el deseo de la naci\u00f3n mexicana de organizarse como Rep\u00fablica, de dejar atr\u00e1s el orden mon\u00e1rquico y el poder hereditario de la colonia espa\u00f1ola, para dar origen a un entramado institucional nacional y democr\u00e1tico que da origen a nuestro Estado-naci\u00f3n.<\/p>\n<p>El proyecto progresista de naci\u00f3n de la Constituci\u00f3n de 1917 se expresa en cinco art\u00edculos: 3\u00ba., 27, 39, 123, 130.<\/p>\n<p>Educaci\u00f3n, reparto agrario y propiedad de la naci\u00f3n sobre los recursos estrat\u00e9gicos, soberan\u00eda popular, derechos de los trabajadores, y separaci\u00f3n de Iglesia-Estado y la creaci\u00f3n de un estado laico son los pilares del proyecto progresista de la Revoluci\u00f3n.<\/p>\n<p>Un cap\u00edtulo esencial del libro lo dedica el Ingeniero al sexenio de su padre el General L\u00e1zaro C\u00e1rdenas donde se avanza en la construcci\u00f3n de una nueva institucionalidad para el proyecto progresista de naci\u00f3n.<\/p>\n<p>Los pilares del gobierno de C\u00e1rdenas fueron: Reforma agraria, indigenismo, el desarrollo institucional para la producci\u00f3n del campo, con la creaci\u00f3n del Banco Agr\u00edcola, el Banco Ejidal, los Almacenes Nacionales de Dep\u00f3sito, la nueva Ley Org\u00e1nica del Banco de M\u00e9xico que lo consolida como Banco Central, la educaci\u00f3n socialista que se inspiraba en los principios racionales y cient\u00edficos, la unificaci\u00f3n de los trabajadores, la expropiaci\u00f3n petrolera, y la pol\u00edtica exterior de apoyo a los gobiernos republicanos y de condena al fascismo.<\/p>\n<p>Durante el gobierno del General C\u00e1rdenas el proyecto progresista alcanza su m\u00e1xima expresi\u00f3n.<\/p>\n<p>&nbsp;<\/p>\n<p style=\"text-align: center;\"><strong>II<\/strong><\/p>\n<p>Despu\u00e9s hubo algunos avances, como la nacionalizaci\u00f3n de la industria el\u00e9ctrica en \u00e9pocas de L\u00f3pez Mateos, pero sin duda, hubo tambi\u00e9n muchos retrocesos.<\/p>\n<p>Entre los retrocesos, el Ingeniero menciona los asesinatos de Zapata, Villa, de los Generales Francisco Serrano y Arnulfo G\u00f3mez, de Rub\u00e9n Jaramillo, el asesinato de los estudiantes en el 68 mexicano, la llamada \u201cguerra sucia\u201d de 1974 a 1982, la represi\u00f3n de los ferrocarrileros en 1948, los presos pol\u00edticos bajo el delito de \u201cdisoluci\u00f3n social\u201d, y la represi\u00f3n de los movimientos m\u00e9dico y ferrocarrilero a finales de los 50s, entre otros.<\/p>\n<p>En 1961 en plena efervescencia de la Revoluci\u00f3n Cubana se crea el <strong>Movimiento de Liberaci\u00f3n Nacional<\/strong>, movimiento que ser\u00eda, en la versi\u00f3n del autor del libro, el antecedente de la <strong>Corriente Democr\u00e1tica<\/strong> en el PRI en 1985 y que a la postre culminar\u00eda con la candidatura del Ing. C\u00e1rdenas a la presidencia de la Rep\u00fablica en las elecciones de 1988, donde en medio de acusaciones de fraude saldr\u00eda ganador Carlos Salinas de Gortari.<\/p>\n<p>El m\u00e1s reciente retroceso se da con el neoliberalismo:<\/p>\n<p>\u201cLos tiempos del neoliberalismo, escribe el Ingeniero C\u00e1rdenas, han sido de entreguismo y destrucci\u00f3n para los mexicanos. Deben venir ahora los tiempos de reencauzamiento, reconstrucci\u00f3n y construcci\u00f3n\u201d.<\/p>\n<p>\u201cEn estos a\u00f1os el Estado mexicano perdi\u00f3 el control de los recursos del subsuelo, se privatizaron industrias fundamentales para el desarrollo, se entregaron \u00e1reas clave de la infraestructura de carreteras, aeropuertos, puertos, generaci\u00f3n el\u00e9ctrica, se entregaron a manos privadas y su gesti\u00f3n ha dejado de corresponder a la b\u00fasqueda de un crecimiento econ\u00f3mico, industrial, y social general y regionalmente equilibrado\u2026se disminuyeron los fondos para la expansi\u00f3n industrial, las mayores instituciones bancarias se dejaron en manos extranjeras, se ha socavado desde el Estado a la industria el\u00e9ctrica y de hidrocarburos, lo cual ha debilitado el ejercicio de la soberan\u00eda\u201d.<\/p>\n<p>\u201cOtro de los flagelos que se arrastran de varios sexenios atr\u00e1s son la delincuencia, la violencia, la inseguridad, as\u00ed como la corrupci\u00f3n que siguen desatados e irrefrenables\u201d.<\/p>\n<p>El Ingeniero considera necesario una revisi\u00f3n cuidadosa de la intervenci\u00f3n que se ha dado de las Fuerzas Armadas en el combate a la delincuencia que se ha dado en los \u00faltimos sexenios.<\/p>\n<p>&nbsp;<\/p>\n<p style=\"text-align: center;\"><strong>III<\/strong><\/p>\n<p>A partir de este diagn\u00f3stico el Ingeniero plantea dise\u00f1ar un nuevo modelo de naci\u00f3n.<\/p>\n<p>Voy a mencionar los ejes principales en los que descansa el modelo progresista de pa\u00eds que propone el Ingeniero:<\/p>\n<ol>\n<li>El primero y m\u00e1s obvio es trascender al neoliberalismo y corregir el deterioro del sistema educativo, de salud y de seguridad social.<\/li>\n<li>Profundizar en la construcci\u00f3n de la Democracia. No se trata tan s\u00f3lo de seguir avanzando en la Democracia electoral, sino en hacer realidad la Democracia Econ\u00f3mica: Democratizar al Mercado.<\/li>\n<\/ol>\n<ul>\n<li>Equidad y Reforma Fiscal. La alternativa progresista requiere de un Estado fuerte con capacidad de acci\u00f3n, capaz de emprender y promover las obras de infraestructura que requiere el pa\u00eds. Para ello se requiere de una reforma fiscal que garantice la descentralizaci\u00f3n del poder a trav\u00e9s de la equidad fiscal de los estados y municipios. El Ingeniero propone que haya al menos una Convenci\u00f3n Fiscal cada seis a\u00f1os para acordar y garantizar el equilibrio de poderes. Y que se lleve a cabo una verdadera reforma hacendaria-fiscal-tributaria que cree un sistema de impuestos solidario, progresivo y redistributivo.<\/li>\n<\/ul>\n<ol>\n<li>Una pol\u00edtica de Industrializaci\u00f3n para M\u00e9xico en donde el Estado y las empresas privadas se fijen en un acuerdo de colaboraci\u00f3n los objetivos de desarrollo industrial y tecnol\u00f3gicos del pa\u00eds.<\/li>\n<li>Igualdad de derechos y oportunidades a las mujeres y a los j\u00f3venes.<\/li>\n<li>La necesidad de debatir la legalizaci\u00f3n de las drogas.<\/li>\n<\/ol>\n<ul>\n<li>La reconstrucci\u00f3n de la Banca para tener una banca comercial en manos de mexicanos.<\/li>\n<li>Energ\u00edas limpias, revertir las reforma a los art\u00edculos 27, 25 y 28 del 2013, la reforma energ\u00e9tica de Pe\u00f1a Nieto, y revisar la forma en que se otorgaron las asignaciones del 2012 al 2018.<\/li>\n<\/ul>\n<ol>\n<li>En miner\u00eda propone la abrogaci\u00f3n de la Ley Minera de 1992 para evitar despojos indebidos.<\/li>\n<li>Democracia Participativa. Elevar la energ\u00eda y la intensidad de la Democracia mexicana.<\/li>\n<li>Educaci\u00f3n. Impulsar una educaci\u00f3n cient\u00edfica, creativa y de avanzada tecnol\u00f3gica. Dar impulso al sistema de investigaci\u00f3n cient\u00edfica y tecnol\u00f3gica.<\/li>\n<\/ol>\n<ul>\n<li>Una nueva Constituci\u00f3n. He dejado para el \u00faltimo la propuesta de dise\u00f1ar una nueva Constituci\u00f3n. El Ingeniero incluye entre el proyecto de naci\u00f3n progresista la posibilidad de que se dise\u00f1e una nueva Constituci\u00f3n, y, en consecuencia, tengamos un nuevo r\u00e9gimen pol\u00edtico.<\/li>\n<\/ul>\n<p>Me parece que este punto es crucial pues siempre que hemos dise\u00f1ado una nueva Constituci\u00f3n o un nuevo r\u00e9gimen pol\u00edtico ha sido en \u00e9poca de crisis, guerras, invasiones o revoluciones.<\/p>\n<p>El desaf\u00edo del proyecto progresista de M\u00e9xico es lograr este nuevo redise\u00f1o constitucional y de r\u00e9gimen sin necesidad que se produzca una crisis mayor.<\/p>\n<p>La alternativa progresista no se agota en el asistencialismo social, se trata de dise\u00f1ar un propuesta de acci\u00f3n que persiga los siguientes objetivos:<\/p>\n<ol>\n<li>Democratizar al mercado con mecanismos institucionales y financieros a trav\u00e9s de procesos de innovaci\u00f3n y producci\u00f3n tecnol\u00f3gica que generen grandeza para el pa\u00eds y progreso incluyente.<\/li>\n<li>Profundizar la democracia, con mecanismos de participaci\u00f3n que eleven la intensidad pol\u00edtica y un nuevo dise\u00f1o institucional que nos permita enfrentar y resolver los grandes retos de M\u00e9xico.<\/li>\n<li>El dise\u00f1o de una pol\u00edtica industrial de crecimiento y desarrollo econ\u00f3mico que permita a M\u00e9xico ir m\u00e1s all\u00e1 del modelo de integraci\u00f3n maquilador dependiente de los Estados Unidos y nos permita echar a andar un modelo de desarrollo de innovaci\u00f3n tecnol\u00f3gica.<\/li>\n<li>El empoderamiento de los ciudadanos a trav\u00e9s de una educaci\u00f3n creativa y tecnol\u00f3gica de primer orden, que los dote de capacidades de innovaci\u00f3n para alcanzar la plenitud y la grandeza.<\/li>\n<\/ol>\n","protected":false},"excerpt":{"rendered":"<p>Mentor Tijerina\u00a0 La reflexi\u00f3n sobre la Democracia Progresista nace como una rebeli\u00f3n en contra de la dictadura de la ausencia de alternativas ante eso que se ha dado en llamar el neoliberalismo. La Democracia Progresista es un intento por enfrentar dos crisis: la crisis del capitalismo en el siglo XXI, con el incremento en los [&hellip;]<\/p>\n","protected":false},"author":35,"featured_media":17617,"comment_status":"closed","ping_status":"closed","sticky":false,"template":"","format":"standard","meta":{"footnotes":""},"categories":[2991],"tags":[858,2774,500,1950],"class_list":["post-17556","post","type-post","status-publish","format-standard","has-post-thumbnail","hentry","category-analisi-articulos","tag-858","tag-cuauhtemoc-cardenas","tag-propuesta","tag-sucesion-presidencial"],"_links":{"self":[{"href":"https:\/\/indicadorpolitico.com.mx\/index.php?rest_route=\/wp\/v2\/posts\/17556","targetHints":{"allow":["GET"]}}],"collection":[{"href":"https:\/\/indicadorpolitico.com.mx\/index.php?rest_route=\/wp\/v2\/posts"}],"about":[{"href":"https:\/\/indicadorpolitico.com.mx\/index.php?rest_route=\/wp\/v2\/types\/post"}],"author":[{"embeddable":true,"href":"https:\/\/indicadorpolitico.com.mx\/index.php?rest_route=\/wp\/v2\/users\/35"}],"replies":[{"embeddable":true,"href":"https:\/\/indicadorpolitico.com.mx\/index.php?rest_route=%2Fwp%2Fv2%2Fcomments&post=17556"}],"version-history":[{"count":0,"href":"https:\/\/indicadorpolitico.com.mx\/index.php?rest_route=\/wp\/v2\/posts\/17556\/revisions"}],"wp:featuredmedia":[{"embeddable":true,"href":"https:\/\/indicadorpolitico.com.mx\/index.php?rest_route=\/wp\/v2\/media\/17617"}],"wp:attachment":[{"href":"https:\/\/indicadorpolitico.com.mx\/index.php?rest_route=%2Fwp%2Fv2%2Fmedia&parent=17556"}],"wp:term":[{"taxonomy":"category","embeddable":true,"href":"https:\/\/indicadorpolitico.com.mx\/index.php?rest_route=%2Fwp%2Fv2%2Fcategories&post=17556"},{"taxonomy":"post_tag","embeddable":true,"href":"https:\/\/indicadorpolitico.com.mx\/index.php?rest_route=%2Fwp%2Fv2%2Ftags&post=17556"}],"curies":[{"name":"wp","href":"https:\/\/api.w.org\/{rel}","templated":true}]}}