{"id":18100,"date":"2022-04-06T19:57:31","date_gmt":"2022-04-07T00:57:31","guid":{"rendered":"https:\/\/indicadorpolitico.com.mx\/?p=18100"},"modified":"2022-04-06T20:13:22","modified_gmt":"2022-04-07T01:13:22","slug":"perdio-o-gano-el-secretario-de-gobernacion","status":"publish","type":"post","link":"https:\/\/indicadorpolitico.com.mx\/?p=18100","title":{"rendered":"\u00bfPerdi\u00f3 o gan\u00f3 el secretario de Gobernaci\u00f3n?"},"content":{"rendered":"<p>M\u00e1s all\u00e1 de la discusi\u00f3n de si es o no\u00a0<em>precandidato<\/em>\u00a0y de que si\u00a0<em>ahora s\u00ed\u00a0<\/em>ya es el \u201cverdadero\u201d\u00a0<em>tapado<\/em>\u00a0del presidente\u00a0<strong>Andr\u00e9s Manuel L\u00f3pez Obrador<\/strong>, el costo pol\u00edtico del affaire del secretario de Gobernaci\u00f3n,\u00a0<strong>Ad\u00e1n Augusto L\u00f3pez Hern\u00e1ndez<\/strong>, por participar en un acto partidista violando la veda electoral, es que la oposici\u00f3n le ha retirado su confianza como <em>interlocutor v\u00e1lido<\/em> del gobierno de la rep\u00fablica, condici\u00f3n que lo hab\u00eda posicionado desde su arribo a Bucareli.<\/p>\n<p>A mediados del a\u00f1o pasado, cuando el pa\u00eds estaba crispado por el enfrentamiento del oriundo de Macuspana con actores pol\u00edticos, como el gobernador de Tamaulipas,\u00a0<strong>Francisco Garc\u00eda Cabeza de Vaca<\/strong>, por citar solo un caso,\u00a0<strong>Ad\u00e1n Augusto<\/strong>\u00a0lleg\u00f3 a manejar la pol\u00edtica interior con el\u00a0halo\u00a0de\u00a0<em>mediador <\/em>eficiente, y muy pronto la oposici\u00f3n lo valid\u00f3 ampliamente por fincar sus esperanzas en \u00e9l.<\/p>\n<p>El recibimiento que le dieron opositores y disidentes fue apote\u00f3sico, lo que le permiti\u00f3 caminar tranquilamente y construir consensos, forj\u00e1ndose la aureola de <em>segundo hombre poderoso<\/em> de la llamada\u00a0<em>Cuarta transformaci\u00f3n<\/em>;<strong>\u00a0<\/strong>y supo desempe\u00f1ar su trabajo de conciliador<em> en los tiempos de c\u00f3lera<\/em>, escenario que hizo verlo\u00a0<em>gigante\u00a0<\/em>en su encomienda de pilotear la pol\u00edtica interna.<\/p>\n<p>Pese a que en su paso por la gubernatura de Tabasco mostr\u00f3 la misma\u00a0<em>mano dura<\/em>\u00a0del presidente con sus adversarios (reform\u00f3 la ley para reducir a la mitad el n\u00famero de diputados plurinominales para perjudicar a los partidos minoritarios), se lleg\u00f3 a pensar que era <em>el hombre indicado<\/em> por la coyuntura actual del pa\u00eds.<\/p>\n<p>Un art\u00edculo en el influyente diario\u00a0<em>El Pa\u00eds<\/em>, de Espa\u00f1a, intitulado\u00a0<em>Un hombre que recompone el Gobierno de M\u00e9xico<\/em>, muestra la relevancia que hab\u00eda adquirido el personaje. Hoy, sin embargo, tras siete meses de\u00a0<em>luna de miel<\/em>, la relaci\u00f3n con la oposici\u00f3n atraviesa momentos complicados, tan dif\u00edciles que se prev\u00e9 que no podr\u00e1 continuar su funci\u00f3n de\u00a0<em>apafuegos<\/em>\u00a0por su\u00a0<em>incendiaria<\/em>\u00a0arenga del domingo en Coahuila.<\/p>\n<p>Las dirigencias nacionales del PRI, PRD, PAN y MC, as\u00ed como las fracciones parlamentarias de estos partidos, ya lo\u00a0<em>desconocieron<\/em>\u00a0como\u00a0<em>puente<\/em>, y \u2013m\u00e1s a\u00fan\u2013 anunciaron que presentar\u00e1n demandas ante los \u00f3rganos correspondientes por el evento partidista que encabez\u00f3 el fin de semana en el estado norte\u00f1o, a donde lleg\u00f3 en un avi\u00f3n de la Guardia Nacional e hizo proselitismo pese a la veda impuesta por el Instituto Nacional Electoral (INE).<\/p>\n<p>Una parte de la pol\u00e9mica por su discurso estramb\u00f3tico se ha centrado en dilucidar si es o no\u00a0<em>precandidato<\/em>, luego de que el lunes su jefe le quitara esa categor\u00eda y lo redujera a\u00a0<em>ayudante<\/em>\u00a0de la 4T; aun as\u00ed algunos se han aventurado a decir que, ahora s\u00ed, es el\u00a0<em>tapado<\/em>\u00a0del presidente.<\/p>\n<p>En la pr\u00e1ctica <strong>Ad\u00e1n Augusto<\/strong>\u00a0ha roto relaciones con opositores y disidentes, lo cual le resta la capacidad de maniobra que tuvo en el arranque como titular de Gobernaci\u00f3n; por ejemplo, en menos de 48 horas pas\u00f3 a convertirse en el\u00a0<em>villano<\/em>\u00a0de una porci\u00f3n de la prensa pol\u00edtica que hasta hace unas semanas le aplaud\u00eda a manos llenas por considerarlo un funcionario con el que se pod\u00eda sentarse.<\/p>\n<p>Quiz\u00e1 la parte positiva de su lance contra el INE sea que el\u00a0<em>ala dura<\/em>\u00a0del vinotinto lo ha acogido como el m\u00e1s aventajado de los suyos, y le ha tatuado en la piel el sello de \u201c<em>leal<\/em>\u201d, que no es cosa menor en el entorno\u00a0del presidente, en donde la mejor virtud es la\u00a0<em>lealtad<\/em>\u00a0a prueba de balas.<\/p>\n<p>&nbsp;<\/p>\n<p><strong>Para su informaci\u00f3n\u2026\u00a0<\/strong><\/p>\n<p>En su papel de encargado de la gobernabilidad del pa\u00eds,\u00a0<strong>Ad\u00e1n Augusto L\u00f3pez<\/strong>\u00a0ha\u00a0tejido alianzas regionales: En Chiapas, por ejemplo, ha hecho equipo con el principal aspirante a la gubernatura,\u00a0<strong>Zo\u00e9 Robledo<\/strong>, director general del IMSS, con quien se relacion\u00f3 cuando ambos coincidieron en la LXII Legislatura del Senado, y ahora trabajan en la\u00a0Federalizaci\u00f3n del Sistema de Salud. Otra senadora muy cercana a ellos fue\u00a0<strong>Ninfa Salinas<\/strong>, hija del due\u00f1o de Tv Azteca,\u00a0<strong>Ricardo Salinas Pliego<\/strong>, quien es hoy consejera de la\u00a0<em>Fundaci\u00f3n IMSS<\/em>.<\/p>\n<p>@RodulfoReyes<\/p>\n","protected":false},"excerpt":{"rendered":"<p>M\u00e1s all\u00e1 de la discusi\u00f3n de si es o no\u00a0precandidato\u00a0y de que si\u00a0ahora s\u00ed\u00a0ya es el \u201cverdadero\u201d\u00a0tapado\u00a0del presidente\u00a0Andr\u00e9s Manuel L\u00f3pez Obrador, el costo pol\u00edtico del affaire del secretario de Gobernaci\u00f3n,\u00a0Ad\u00e1n Augusto L\u00f3pez Hern\u00e1ndez, por participar en un acto partidista violando la veda electoral, es que la oposici\u00f3n le ha retirado su confianza como interlocutor v\u00e1lido [&hellip;]<\/p>\n","protected":false},"author":4,"featured_media":1008,"comment_status":"closed","ping_status":"closed","sticky":false,"template":"","format":"standard","meta":{"footnotes":""},"categories":[23],"tags":[176,36,1950],"class_list":["post-18100","post","type-post","status-publish","format-standard","has-post-thumbnail","hentry","category-articulistas","tag-adan-augusto-lopez-hernandez","tag-amlo","tag-sucesion-presidencial"],"_links":{"self":[{"href":"https:\/\/indicadorpolitico.com.mx\/index.php?rest_route=\/wp\/v2\/posts\/18100","targetHints":{"allow":["GET"]}}],"collection":[{"href":"https:\/\/indicadorpolitico.com.mx\/index.php?rest_route=\/wp\/v2\/posts"}],"about":[{"href":"https:\/\/indicadorpolitico.com.mx\/index.php?rest_route=\/wp\/v2\/types\/post"}],"author":[{"embeddable":true,"href":"https:\/\/indicadorpolitico.com.mx\/index.php?rest_route=\/wp\/v2\/users\/4"}],"replies":[{"embeddable":true,"href":"https:\/\/indicadorpolitico.com.mx\/index.php?rest_route=%2Fwp%2Fv2%2Fcomments&post=18100"}],"version-history":[{"count":0,"href":"https:\/\/indicadorpolitico.com.mx\/index.php?rest_route=\/wp\/v2\/posts\/18100\/revisions"}],"wp:featuredmedia":[{"embeddable":true,"href":"https:\/\/indicadorpolitico.com.mx\/index.php?rest_route=\/wp\/v2\/media\/1008"}],"wp:attachment":[{"href":"https:\/\/indicadorpolitico.com.mx\/index.php?rest_route=%2Fwp%2Fv2%2Fmedia&parent=18100"}],"wp:term":[{"taxonomy":"category","embeddable":true,"href":"https:\/\/indicadorpolitico.com.mx\/index.php?rest_route=%2Fwp%2Fv2%2Fcategories&post=18100"},{"taxonomy":"post_tag","embeddable":true,"href":"https:\/\/indicadorpolitico.com.mx\/index.php?rest_route=%2Fwp%2Fv2%2Ftags&post=18100"}],"curies":[{"name":"wp","href":"https:\/\/api.w.org\/{rel}","templated":true}]}}