{"id":18182,"date":"2022-04-10T21:54:22","date_gmt":"2022-04-11T02:54:22","guid":{"rendered":"https:\/\/indicadorpolitico.com.mx\/?p=18182"},"modified":"2022-04-10T21:55:19","modified_gmt":"2022-04-11T02:55:19","slug":"juan-ramon-de-la-fuente-el-aspirante-de-la-prudencia","status":"publish","type":"post","link":"https:\/\/indicadorpolitico.com.mx\/?p=18182","title":{"rendered":"Juan Ram\u00f3n de la Fuente. El aspirante de la prudencia"},"content":{"rendered":"<p><strong>Diego Mart\u00edn Vel\u00e1zquez Caballero<\/strong><\/p>\n<p>El contexto pol\u00edtico mexicano se polariza conforme se aproximan las elecciones del 2024, a\u00fan cuando se pretende abrumar de candidatos a la sociedad para confundir las opciones en la disputa por la presidencia de la rep\u00fablica; dos frentes pretenden construirse como los bloques antag\u00f3nicos totales que pintan la sucesi\u00f3n presidencial como una lucha absoluta del bien contra el mal. El presidente L\u00f3pez Obrador ha elegido un bando para defender el proyecto que lo elev\u00f3 al poder en 2018, y resulta l\u00f3gica su postura adem\u00e1s de necesaria; pero, continuar con un radicalismo excluyente terminar\u00e1 por ahondar la brecha entre el M\u00e9xico profundo y el M\u00e9xico aspiracional. Se piensa en los Generales L\u00e1zaro C\u00e1rdenas y Manuel \u00c1vila Camacho -ojal\u00e1 que sin Maximino y dem\u00e1s linaje caciquil- como figuras del fin de sexenio en M\u00e9xico por el acompa\u00f1amiento entre justicialismo y moderaci\u00f3n que fue antesala del Desarrollo Estabilizador. En dicho escenario se inscribe la figura del ilustre m\u00e9dico psiquiatra Juan Ram\u00f3n de la Fuente.<\/p>\n<p>L\u00e1zaro C\u00e1rdenas comprend\u00eda la necesidad de empujar su proyecto como un ajuste hist\u00f3rico ineludible que demandaba el esp\u00edritu de la revoluci\u00f3n mexicana. L\u00f3pez Obrador se encuentra en circunstancias m\u00e1s que semejantes. La elecci\u00f3n de 2018 fue un mensaje estramb\u00f3tico de la sociedad para con los poderes institucionales y f\u00e1cticos del pa\u00eds. Disminuir su importancia es semejante a negar la magnitud de las fuerzas revolucionarias a partir de 1910, pero una mitad del pa\u00eds no puede estar pretendiendo destruir a la otra. O, al menos, no puede negarse la importancia de la minor\u00eda olig\u00e1rquica que maneja los hilos del poder econ\u00f3mico en M\u00e9xico. El pa\u00eds no puede pelearse eternamente por la herencia del pasado.<\/p>\n<p>Y pese a todas las im\u00e1genes negativas del Gral. L\u00e1zaro C\u00e1rdenas, es el presidente que moderniz\u00f3 M\u00e9xico en la forma m\u00e1s severa del concepto. Fue necesario el complemento del avilacamachismo a forma de ralentizaci\u00f3n del proyecto progresista justicialista. Y las cosas salieron bien.<\/p>\n<p>Juan Ram\u00f3n de la Fuente no es, por completo, un flanco progresista de la Cuarta Transformaci\u00f3n. Su desempe\u00f1o profesional y pol\u00edtico, lo ha llevado a colaborar con todas las fuerzas partidistas y cumplir efectivamente las tareas encomendadas. No debe olvidarse el impulso social que signific\u00f3 el tema de las medicinas gen\u00e9ricas, la asesor\u00eda del sistema de salud en la agreste \u00e9poca neoliberal y la importante direcci\u00f3n de la M\u00e1xima Casa de Estudios en el pa\u00eds. Los aciertos diplom\u00e1ticos en el mundo del covid y de la guerra, tampoco pueden ser disminuidos.<\/p>\n<p>L\u00f3pez Obrador tiene que impulsar la Cuarta Transformaci\u00f3n hasta el l\u00edmite, pero s\u00f3lo tiene la garant\u00eda de hacerlo durante su mandato. Despu\u00e9s, puede resultar indispensable un gobierno de transici\u00f3n hacia una nueva \u00e9poca, un nuevo sistema pol\u00edtico y un nuevo mundo donde la medicina, f\u00edsica y del alma, resulte forzosa.<\/p>\n","protected":false},"excerpt":{"rendered":"<p>Diego Mart\u00edn Vel\u00e1zquez Caballero El contexto pol\u00edtico mexicano se polariza conforme se aproximan las elecciones del 2024, a\u00fan cuando se pretende abrumar de candidatos a la sociedad para confundir las opciones en la disputa por la presidencia de la rep\u00fablica; dos frentes pretenden construirse como los bloques antag\u00f3nicos totales que pintan la sucesi\u00f3n presidencial como [&hellip;]<\/p>\n","protected":false},"author":35,"featured_media":18183,"comment_status":"closed","ping_status":"closed","sticky":false,"template":"","format":"standard","meta":{"footnotes":""},"categories":[2987],"tags":[858,2522,1950],"class_list":["post-18182","post","type-post","status-publish","format-standard","has-post-thumbnail","hentry","category-aspirantes","tag-858","tag-juan-ramon-de-la-fuente","tag-sucesion-presidencial"],"_links":{"self":[{"href":"https:\/\/indicadorpolitico.com.mx\/index.php?rest_route=\/wp\/v2\/posts\/18182","targetHints":{"allow":["GET"]}}],"collection":[{"href":"https:\/\/indicadorpolitico.com.mx\/index.php?rest_route=\/wp\/v2\/posts"}],"about":[{"href":"https:\/\/indicadorpolitico.com.mx\/index.php?rest_route=\/wp\/v2\/types\/post"}],"author":[{"embeddable":true,"href":"https:\/\/indicadorpolitico.com.mx\/index.php?rest_route=\/wp\/v2\/users\/35"}],"replies":[{"embeddable":true,"href":"https:\/\/indicadorpolitico.com.mx\/index.php?rest_route=%2Fwp%2Fv2%2Fcomments&post=18182"}],"version-history":[{"count":0,"href":"https:\/\/indicadorpolitico.com.mx\/index.php?rest_route=\/wp\/v2\/posts\/18182\/revisions"}],"wp:featuredmedia":[{"embeddable":true,"href":"https:\/\/indicadorpolitico.com.mx\/index.php?rest_route=\/wp\/v2\/media\/18183"}],"wp:attachment":[{"href":"https:\/\/indicadorpolitico.com.mx\/index.php?rest_route=%2Fwp%2Fv2%2Fmedia&parent=18182"}],"wp:term":[{"taxonomy":"category","embeddable":true,"href":"https:\/\/indicadorpolitico.com.mx\/index.php?rest_route=%2Fwp%2Fv2%2Fcategories&post=18182"},{"taxonomy":"post_tag","embeddable":true,"href":"https:\/\/indicadorpolitico.com.mx\/index.php?rest_route=%2Fwp%2Fv2%2Ftags&post=18182"}],"curies":[{"name":"wp","href":"https:\/\/api.w.org\/{rel}","templated":true}]}}