{"id":18254,"date":"2022-04-12T14:18:41","date_gmt":"2022-04-12T19:18:41","guid":{"rendered":"https:\/\/indicadorpolitico.com.mx\/?p=18254"},"modified":"2022-04-12T14:18:41","modified_gmt":"2022-04-12T19:18:41","slug":"ensenanzas-de-la-revocacion-de-mandato","status":"publish","type":"post","link":"https:\/\/indicadorpolitico.com.mx\/?p=18254","title":{"rendered":"Ense\u00f1anzas de la Revocaci\u00f3n de Mandato"},"content":{"rendered":"<p>El reciente proceso de Revocaci\u00f3n de Mandato nos ha dejado m\u00faltiples ense\u00f1anzas, en esta entrega enunciar\u00e9 las que considero m\u00e1s importantes:<\/p>\n<ol>\n<li style=\"font-weight: 400;\" aria-level=\"1\"><span style=\"font-weight: 400;\">El gobierno va con todo para las elecciones del 2024 para que su candidato gane las elecciones a como d\u00e9 lugar, sin importar lo que ordene la Constituci\u00f3n, lo que dicte la ley, ni mucho menos lo que dicte el INE, el Tribunal Electoral ni la Suprema Corte.<\/span><\/li>\n<li style=\"font-weight: 400;\" aria-level=\"1\"><span style=\"font-weight: 400;\">El presidente, Morena y sus aliados, har\u00e1n lo necesario para obtener el \u201ctriunfo\u201d de su candidato, violando el Estado de Derecho, haciendo lo necesario, con trampas, con recursos p\u00fablicos, con amenazas y sobornos, con d\u00e1divas, con promesas falsas, metiendo a enemigos a la c\u00e1rcel, con intervenci\u00f3n del ej\u00e9rcito, del crimen organizado y hasta llegar a extremos de homicidios y desapariciones forzadas.<\/span><\/li>\n<li style=\"font-weight: 400;\" aria-level=\"1\"><span style=\"font-weight: 400;\">La C\u00e1mara de Diputados, dominada por Morena y sus aliados, ya saben el primer paso a seguir: negarle al INE el presupuesto necesario para el debido control de las elecciones. \u00c9ste es uno de los peligros m\u00e1s eminentes que tenemos. En este escenario certero, la Suprema Corte y el Tribunal Electoral ser\u00e1n eje central para resolver de una manera clara y contundente esta importante problem\u00e1tica. No podr\u00e1n ser evasivos como lo fueron con la reducci\u00f3n de presupuesto para la Revocaci\u00f3n de Mandato.<\/span><\/li>\n<li style=\"font-weight: 400;\" aria-level=\"1\"><span style=\"font-weight: 400;\">El presidente y su partido saben bien que est\u00e1n perdiendo apoyo, los resultados de la Revocaci\u00f3n de Mandato mostrados en las entidades m\u00e1s importantes del pa\u00eds, Ciudad de M\u00e9xico, Estado de M\u00e9xico, Jalisco, y Nuevo Le\u00f3n, descubren el mayor repudio al gobierno, mientras los estados de Baja California, Sonora, Sinaloa, Veracruz, Campeche, Guerrero y Chiapas no dan el ancho en poblaci\u00f3n para ganar una elecci\u00f3n.\u00a0<\/span><\/li>\n<li style=\"font-weight: 400;\" aria-level=\"1\"><span style=\"font-weight: 400;\">La oposici\u00f3n, a mi forma de ver, hizo una gran campa\u00f1a exitosa promoviendo la abstenci\u00f3n en la Revocaci\u00f3n de Mandato, que bien la pudo haber hecho para que se le revocara el mandato al presidente, pero tuvieron miedo a \u201centrarle al toro\u201d en este momento. Los resultados obtenidos fueron muy buenos, ya que quien gan\u00f3 por mucho fue la abstenci\u00f3n. Ello se puede prestar a todo tipo de interpretaciones, pero la lecci\u00f3n que debemos de aprender de ello es que es posible armar, por parte de la oposici\u00f3n, una estrategia exitosa con resultados concretos.<\/span><\/li>\n<li style=\"font-weight: 400;\" aria-level=\"1\"><span style=\"font-weight: 400;\">El presidente no estar\u00e1 en la boleta en las elecciones del 2024, y esto le costar\u00e1 a Morena y a sus aliados (que quiz\u00e1s hasta pierda a algunos) millones de votos.<\/span><\/li>\n<\/ol>\n<p>&nbsp;<\/p>\n<ul>\n<li aria-level=\"1\"><span style=\"font-weight: 400;\">La oposici\u00f3n no pude ofrecer a un caudillo, ni creo que le convenga al pa\u00eds el tener uno. Va en buen camino por conformar una coalici\u00f3n electoral con el fin de armar con su triunfo un <\/span><b>gobierno de coalici\u00f3n, <\/b><span style=\"font-weight: 400;\">que est\u00e1 contemplado en la Constituci\u00f3n, mediante el cual se arme, con aprobaci\u00f3n del Congreso, un gabinete plural. Estimo que es la mejor oferta que se le puede dar a los mexicanos; conformar un gobierno que sea de todos, eliminar la polarizaci\u00f3n, regresar al cumplimiento cabal del Estado de Derecho, el respeto a las Instituciones y a tener un gobierno eficaz, responsable y profesional que otorgue bienes p\u00fablicos a los mexicanos, enfoc\u00e1ndonos al crecimiento econ\u00f3mico, a la generaci\u00f3n de buenos empleos, a resolver los problemas de seguridad y dar justicia para todos.<\/span><\/li>\n<\/ul>\n<p>&nbsp;<\/p>\n<ul>\n<li aria-level=\"1\"><span style=\"font-weight: 400;\">Es necesario actuar ya, principalmente la sociedad civil que debe enfocarse en organizarse para presionar a los partidos pol\u00edticos a que se abran a la participaci\u00f3n de los ciudadanos en sus procesos de selecci\u00f3n de candidatos, y que se olviden de retener esos puestos para sus camarillas cerradas. El primer paso a seguir es seleccionar al candidato a la presidencia de la Rep\u00fablica a trav\u00e9s de una elecci\u00f3n primaria, abierta a la ciudadan\u00eda, idealmente por una reforma de ley en la que todos los partidos lo hagan de forma obligada el mismo d\u00eda, con un registro previo de simpatizantes de los partidos que quieran votar en ellas. Si esta reforma no es posible, que la Alianza Va por M\u00e9xico, lo haga, a trav\u00e9s de un convenio de coalici\u00f3n en el que se le solicite al INE hacer la elecci\u00f3n primaria para que de ah\u00ed salga el candidato de la Alianza.<\/span><\/li>\n<\/ul>\n<p><b>Conclusi\u00f3n:<\/b><\/p>\n<p><span style=\"font-weight: 400;\">Es indispensable que tomemos en consideraci\u00f3n los aspectos anteriores para que, <\/span><b>de inmediato<\/b><span style=\"font-weight: 400;\">, nos pongamos a trabajar todos los que repudiamos estar en un pa\u00eds gobernado por un solo hombre, que nos ha mentido, traicionado y nos est\u00e1 destruyendo, pretendiendo que su grupo de poder conformado con oligarcas sin escr\u00fapulos nos contin\u00faen dominado.<\/span><\/p>\n","protected":false},"excerpt":{"rendered":"<p>El reciente proceso de Revocaci\u00f3n de Mandato nos ha dejado m\u00faltiples ense\u00f1anzas, en esta entrega enunciar\u00e9 las que considero m\u00e1s importantes: El gobierno va con todo para las elecciones del 2024 para que su candidato gane las elecciones a como d\u00e9 lugar, sin importar lo que ordene la Constituci\u00f3n, lo que dicte la ley, ni [&hellip;]<\/p>\n","protected":false},"author":22,"featured_media":1089,"comment_status":"closed","ping_status":"closed","sticky":false,"template":"","format":"standard","meta":{"footnotes":""},"categories":[23],"tags":[36,194,2176],"class_list":["post-18254","post","type-post","status-publish","format-standard","has-post-thumbnail","hentry","category-articulistas","tag-amlo","tag-consulta","tag-revocacion-de-mandato"],"_links":{"self":[{"href":"https:\/\/indicadorpolitico.com.mx\/index.php?rest_route=\/wp\/v2\/posts\/18254","targetHints":{"allow":["GET"]}}],"collection":[{"href":"https:\/\/indicadorpolitico.com.mx\/index.php?rest_route=\/wp\/v2\/posts"}],"about":[{"href":"https:\/\/indicadorpolitico.com.mx\/index.php?rest_route=\/wp\/v2\/types\/post"}],"author":[{"embeddable":true,"href":"https:\/\/indicadorpolitico.com.mx\/index.php?rest_route=\/wp\/v2\/users\/22"}],"replies":[{"embeddable":true,"href":"https:\/\/indicadorpolitico.com.mx\/index.php?rest_route=%2Fwp%2Fv2%2Fcomments&post=18254"}],"version-history":[{"count":0,"href":"https:\/\/indicadorpolitico.com.mx\/index.php?rest_route=\/wp\/v2\/posts\/18254\/revisions"}],"wp:featuredmedia":[{"embeddable":true,"href":"https:\/\/indicadorpolitico.com.mx\/index.php?rest_route=\/wp\/v2\/media\/1089"}],"wp:attachment":[{"href":"https:\/\/indicadorpolitico.com.mx\/index.php?rest_route=%2Fwp%2Fv2%2Fmedia&parent=18254"}],"wp:term":[{"taxonomy":"category","embeddable":true,"href":"https:\/\/indicadorpolitico.com.mx\/index.php?rest_route=%2Fwp%2Fv2%2Fcategories&post=18254"},{"taxonomy":"post_tag","embeddable":true,"href":"https:\/\/indicadorpolitico.com.mx\/index.php?rest_route=%2Fwp%2Fv2%2Ftags&post=18254"}],"curies":[{"name":"wp","href":"https:\/\/api.w.org\/{rel}","templated":true}]}}