{"id":18469,"date":"2022-04-24T19:52:51","date_gmt":"2022-04-25T00:52:51","guid":{"rendered":"https:\/\/indicadorpolitico.com.mx\/?p=18469"},"modified":"2022-04-24T20:21:40","modified_gmt":"2022-04-25T01:21:40","slug":"derby-sexenal-19","status":"publish","type":"post","link":"https:\/\/indicadorpolitico.com.mx\/?p=18469","title":{"rendered":"Derby Sexenal"},"content":{"rendered":"<ul>\n<li>El exdirector de Diplomacia Cultural de la canciller\u00eda, <strong>Enrique M\u00e1rquez<\/strong>, regres\u00f3 al comentario period\u00edstico. Y su texto del s\u00e1bado 16 de abril en <em>El Universal<\/em> dej\u00f3 tres \u00faltimos p\u00e1rrafos con claves sucesorias:<\/li>\n<li>&#8211; Despu\u00e9s de 71 a\u00f1os de\u00a0<strong>PRI<\/strong>, y del fracaso de la transici\u00f3n democr\u00e1tica que le sigui\u00f3, el pa\u00eds confronta, desde la llegada de <strong>Andr\u00e9s Manuel L\u00f3pez<\/strong>\u00a0<strong>Obrador<\/strong> a la presidencia en el 2018, en medio de una estrepitosa e incontenible decadencia pol\u00edtica, de los apremios sanitarios y los reacomodos que ocurren en el mundo, la necesidad de encausar s\u00f3lida y clara, responsablemente, a tres de las m\u00e1s grandes e incumplidas necesidades pol\u00edticas de nuestro tiempo: democracia m\u00e1s all\u00e1 del voto, equidad en todo y una muy vigorosa y creativa inscripci\u00f3n de M\u00e9xico en el orbe.<\/li>\n<li>&#8211; Ser\u00eda muy inadecuado, por esto, sucumbir a la tentaci\u00f3n predominante de especular hasta el hartazgo sobre la revocaci\u00f3n presidencial pues, parafraseando al prof\u00e9tico <strong>Bulnes<\/strong>, la popularidad y, m\u00e1s a\u00fan, el control de pr\u00e1cticamente todo el poder por parte del ejecutivo, podr\u00edan aparecer como \u201cla argolla que oscila\u201d en la incertidumbre inquietante y creciente del pa\u00eds.<\/li>\n<li>Y 3.- Porque el futuro que m\u00e1s podr\u00eda importarnos hoy a los mexicanos, no ser\u00eda el de la continuidad personal del presidente <strong>L\u00f3pez Obrador<\/strong> sino la prolongaci\u00f3n estructurada, consensada y enriquecida de los cambios y orientaciones que el pa\u00eds necesita para reconciliarse y seguir enfrentando las grandes cuestiones nacionales.<\/li>\n<li>Despu\u00e9s de la votaci\u00f3n sobre la revocaci\u00f3n\/ratificaci\u00f3n de mandato, el escenario de la sucesi\u00f3n presidencial se centr\u00f3 a\u00fan m\u00e1s en el presidente <strong>L\u00f3pez Obrador<\/strong>. Los precandidatos <strong>Marcelo Ebrard<\/strong>, <strong>Claudia Sheinbaum<\/strong> <strong>y Ad\u00e1n Augusto L\u00f3pez Hern\u00e1ndez<\/strong> vieron ampliarse sus perspectivas, aunque siempre atadas a los mensajes presidenciales. <strong>Ricardo Monreal<\/strong> sigue operando por la libre, pero sin tener ning\u00fan espacio en la lista oficial de Palacio Nacional y sin poder decantarse, en caso de que as\u00ed pudiera ser candidato de otro partido.<\/li>\n<li>En el PRI aumentaron las tensiones por las actividades de su l\u00edder <strong>Alejandro Moreno C\u00e1rdenas <em>Alito<\/em><\/strong> buscando espacios para ir construyendo su candidatura presidencial, aunque siempre con la posibilidad de que se cumpla el acuerdo PRI-PAN-PRD-Coparmex-<strong>Claudio X. Gonz\u00e1lez<\/strong> para que exista un candidato coalicionista que de ninguna manera saldr\u00eda del PRI o del PRD. Adem\u00e1s, los pri\u00edstas recuerdan que el PRI se ha resquebrajado cuando su presidente partidista dirige el partido para su propia candidatura, como le ocurri\u00f3 a <strong>Roberto Madrazo Pintado<\/strong> en 2006.<\/li>\n<li>La crisis econ\u00f3mica se perfila como el peor problema nacional, sobre todo porque la meta de 4.1% para 2022 pudiera llegar apenas a 1%, inclusive con algunas advertencias de que pudiera ser negativo por la baja en la econom\u00eda de EU. Aunque en Palacio Nacional no existe preocupaci\u00f3n por el PIB sino por las obras clave del presidente, de todos modos, el debate en torno a la desaceleraci\u00f3n estar\u00e1 sido potenciada por el sector privado. El pa\u00eds tiene tres a\u00f1os de incertidumbre productiva, con preocupaciones de que el PIB bajo pueda ser parte de la campa\u00f1a de la oposici\u00f3n.<\/li>\n<\/ul>\n","protected":false},"excerpt":{"rendered":"<p>El exdirector de Diplomacia Cultural de la canciller\u00eda, Enrique M\u00e1rquez, regres\u00f3 al comentario period\u00edstico. Y su texto del s\u00e1bado 16 de abril en El Universal dej\u00f3 tres \u00faltimos p\u00e1rrafos con claves sucesorias: &#8211; Despu\u00e9s de 71 a\u00f1os de\u00a0PRI, y del fracaso de la transici\u00f3n democr\u00e1tica que le sigui\u00f3, el pa\u00eds confronta, desde la llegada de [&hellip;]<\/p>\n","protected":false},"author":2,"featured_media":18470,"comment_status":"closed","ping_status":"closed","sticky":false,"template":"","format":"standard","meta":{"footnotes":""},"categories":[2987],"tags":[858,2992,1950],"class_list":["post-18469","post","type-post","status-publish","format-standard","has-post-thumbnail","hentry","category-aspirantes","tag-858","tag-aspirantes","tag-sucesion-presidencial"],"_links":{"self":[{"href":"https:\/\/indicadorpolitico.com.mx\/index.php?rest_route=\/wp\/v2\/posts\/18469","targetHints":{"allow":["GET"]}}],"collection":[{"href":"https:\/\/indicadorpolitico.com.mx\/index.php?rest_route=\/wp\/v2\/posts"}],"about":[{"href":"https:\/\/indicadorpolitico.com.mx\/index.php?rest_route=\/wp\/v2\/types\/post"}],"author":[{"embeddable":true,"href":"https:\/\/indicadorpolitico.com.mx\/index.php?rest_route=\/wp\/v2\/users\/2"}],"replies":[{"embeddable":true,"href":"https:\/\/indicadorpolitico.com.mx\/index.php?rest_route=%2Fwp%2Fv2%2Fcomments&post=18469"}],"version-history":[{"count":0,"href":"https:\/\/indicadorpolitico.com.mx\/index.php?rest_route=\/wp\/v2\/posts\/18469\/revisions"}],"wp:featuredmedia":[{"embeddable":true,"href":"https:\/\/indicadorpolitico.com.mx\/index.php?rest_route=\/wp\/v2\/media\/18470"}],"wp:attachment":[{"href":"https:\/\/indicadorpolitico.com.mx\/index.php?rest_route=%2Fwp%2Fv2%2Fmedia&parent=18469"}],"wp:term":[{"taxonomy":"category","embeddable":true,"href":"https:\/\/indicadorpolitico.com.mx\/index.php?rest_route=%2Fwp%2Fv2%2Fcategories&post=18469"},{"taxonomy":"post_tag","embeddable":true,"href":"https:\/\/indicadorpolitico.com.mx\/index.php?rest_route=%2Fwp%2Fv2%2Ftags&post=18469"}],"curies":[{"name":"wp","href":"https:\/\/api.w.org\/{rel}","templated":true}]}}