{"id":19632,"date":"2022-06-05T22:58:40","date_gmt":"2022-06-06T03:58:40","guid":{"rendered":"https:\/\/indicadorpolitico.com.mx\/?p=19632"},"modified":"2022-06-05T22:58:40","modified_gmt":"2022-06-06T03:58:40","slug":"damian-zepeda-se-sube-al-barco-de-los-aspirantes-del-pan","status":"publish","type":"post","link":"https:\/\/indicadorpolitico.com.mx\/?p=19632","title":{"rendered":"Dami\u00e1n Zepeda se sube al barco de los aspirantes del PAN"},"content":{"rendered":"<p>El senador y expresidente del PAN, Dami\u00e1n Zepeda, anunci\u00f3 su intenci\u00f3n de competir por la candidatura de la oposici\u00f3n a la Presidencia de la Rep\u00fablica en 2024.<\/p>\n<p>\u201cCuando llegue el momento y abran la convocatoria yo me voy a registrar como candidato del PAN a la presidencia de la Rep\u00fablica. A m\u00ed me da mucho gusto ver que por lo menos tres personas de Guanajuato que claramente podr\u00edan encabezar la presidencia de la Rep\u00fablica con excelentes resultados\u201d, dijo en referencia a las aspiraciones de gente como el diputado, Juan Carlos Romero Hicks, el ex gobernador Miguel M\u00e1rquez y el actual mandatario estatal, Diego Sinhu\u00e9 Rodr\u00edguez.<\/p>\n<p>Despu\u00e9s, inform\u00f3 que visitar\u00e1 varios estados para dar a conocer su opini\u00f3n referente a la problem\u00e1tica de seguridad y de pobreza que enfrenta el pa\u00eds.<\/p>\n<p>&nbsp;<\/p>\n<p><strong>Romero Hicks va en serio con su intento de candidatura<\/strong><\/p>\n<p>Por su parte, el diputado federal del PAN, Juan Carlos Romero Hicks, reiter\u00f3 su deseo de contender por la candidatura de la alianza o bien, dirigir a su partido a nivel estatal o incluso nacional.<\/p>\n<p>\u201cYo me voy a apuntar para la Presidencia de la Rep\u00fablica\u201d, asegur\u00f3 este domingo y agreg\u00f3 que su partido est\u00e1 \u201chaciendo equipo\u201d con otros cuatro exgobernadores panistas de Guanajuato, en busca de fortalecer una candidatura o alcanzar el liderato de su partido.<\/p>\n<p>\u201cEn su momento vamos a abrir el proceso y bienvenidos que haya m\u00e1s competidores, s\u00ed bienvenidos. Para el PAN este es un a\u00f1o muy importante, de eso platicamos tambi\u00e9n porque en el calendario del PAN nacional y local se renuevan muchos liderazgos. En septiembre se renuevan los Comit\u00e9s Directivos Municipales del partido, en los siguientes meses se va a renovar el consejo nacional y estatal; y en noviembre ser\u00e1 la asamblea general extraordinaria en donde se discutir\u00e1 la propuesta de renovaci\u00f3n estatutaria y el programa de acci\u00f3n pol\u00edtica\u201d, se\u00f1al\u00f3.<\/p>\n<p>&nbsp;<\/p>\n<p><strong>Reciben a Alejandro Murat con el grito de \u00a1presidente!<\/strong><\/p>\n<p>El gobernador de Oaxaca, Alejandro Murat, fue recibido con el grito de \u201cpresidente\u201d por los miles de simpatizantes que acudieron a un evento de campa\u00f1a de Alejandro Avil\u00e9s \u00c1lvarez, candidato de la coalici\u00f3n PRI-PRD a la gubernatura del estado, que se define este domingo.<\/p>\n<p>Alejandro Murat ha sido un personaje pol\u00e9mico por su militancia pri\u00edsta, pero su cercan\u00eda con el presidente Andr\u00e9s Manuel L\u00f3pez Obrador. Sin embargo, tambi\u00e9n ha manifestado su intenci\u00f3n de contender por la candidatura de la coalici\u00f3n en 2024.<\/p>\n<p>De hecho, ha sido acusado de entregar la plaza a Morena, que encabeza claramente las encuestas, con el 45% de las preferencias, para quedarse con esta entidad.<\/p>\n<p>&nbsp;<\/p>\n<p><strong>Elegir por encuesta no generar\u00e1 rupturas en Morena: Sheinbaum<\/strong><\/p>\n<p>En entrevista con el periodista Ren\u00e9 Delgado de El Finaciero este mi\u00e9rcoles 1 de junio, Claudia Sheinbaum Pardo asegur\u00f3 que el m\u00e9todo elegido por la dirigencia de Morena para elegir a su candidato es la adecuada. A diferencia de la propuesta del l\u00edder del Senado, Ricardo Monreal, que pidi\u00f3 la intervenci\u00f3n del Instituto Nacional Electoral (INE) en la organizaci\u00f3n de una elecci\u00f3n primaria y as\u00ed elegir candidatos rumbo a 2024.<\/p>\n<p>\u201cRespeto mucho a Ricardo, pero lo que dicen los estatutos es otra cosa. No, no lo veo. En Morena no veo una ruptura\u201d, asever\u00f3 Sheinbaum.<\/p>\n<p>La funcionaria capitalina indic\u00f3 que no le preocupan otros aspirantes que han sido nominados por L\u00f3pez Obrador, como posibles candidatos: Marcelo Ebrard, o el secretario de Gobernaci\u00f3n, Ad\u00e1n Augusto Hern\u00e1ndez, ya que son compa\u00f1eros de lucha y de proyecto, por lo que, en su momento se definir\u00e1, pero ahora lo m\u00e1s importante para Morena es mantener la unidad.<\/p>\n<p>&nbsp;<\/p>\n<p><strong>Anaya llama a la oposici\u00f3n a unirse para frenar a Morena en 2024<\/strong><\/p>\n<p>Ricardo Anaya llam\u00f3 al PAN, PRI, PRD y MC a construir una candidatura de unidad para las elecciones presidenciales de 2024 y derrotar a Morena.<\/p>\n<p>\u201cLa clave para volver al camino correcto en 2024. La primera palabra clave es \u2018unidad\u2019 de todos de los que creemos que el pa\u00eds no va por el camino correcto. Que al paso que vamos, vamos a ser mayor\u00eda en 2024. La unidad de todos, a todos los partidos de oposici\u00f3n, pero mucho m\u00e1s all\u00e1 de una simple suma me membrete\u201d, dijo el excandidato presidencial en 2018.<\/p>\n<p>En un video publicado en sus redes sociales, el panista reiter\u00f3 que la clave para frenar al partido que ahora gobierna es la unidad, por medio de la cual ganar\u00e1 por la derecha y por la izquierda, ello en referencia a los partidos de oposici\u00f3n.<\/p>\n","protected":false},"excerpt":{"rendered":"<p>El senador y expresidente del PAN, Dami\u00e1n Zepeda, anunci\u00f3 su intenci\u00f3n de competir por la candidatura de la oposici\u00f3n a la Presidencia de la Rep\u00fablica en 2024. \u201cCuando llegue el momento y abran la convocatoria yo me voy a registrar como candidato del PAN a la presidencia de la Rep\u00fablica. A m\u00ed me da mucho [&hellip;]<\/p>\n","protected":false},"author":39,"featured_media":19633,"comment_status":"closed","ping_status":"closed","sticky":false,"template":"","format":"standard","meta":{"footnotes":""},"categories":[2989],"tags":[858,29,130,1950],"class_list":["post-19632","post","type-post","status-publish","format-standard","has-post-thumbnail","hentry","category-resumen-semanal","tag-858","tag-elecciones","tag-partidos-politicos","tag-sucesion-presidencial"],"_links":{"self":[{"href":"https:\/\/indicadorpolitico.com.mx\/index.php?rest_route=\/wp\/v2\/posts\/19632","targetHints":{"allow":["GET"]}}],"collection":[{"href":"https:\/\/indicadorpolitico.com.mx\/index.php?rest_route=\/wp\/v2\/posts"}],"about":[{"href":"https:\/\/indicadorpolitico.com.mx\/index.php?rest_route=\/wp\/v2\/types\/post"}],"author":[{"embeddable":true,"href":"https:\/\/indicadorpolitico.com.mx\/index.php?rest_route=\/wp\/v2\/users\/39"}],"replies":[{"embeddable":true,"href":"https:\/\/indicadorpolitico.com.mx\/index.php?rest_route=%2Fwp%2Fv2%2Fcomments&post=19632"}],"version-history":[{"count":0,"href":"https:\/\/indicadorpolitico.com.mx\/index.php?rest_route=\/wp\/v2\/posts\/19632\/revisions"}],"wp:featuredmedia":[{"embeddable":true,"href":"https:\/\/indicadorpolitico.com.mx\/index.php?rest_route=\/wp\/v2\/media\/19633"}],"wp:attachment":[{"href":"https:\/\/indicadorpolitico.com.mx\/index.php?rest_route=%2Fwp%2Fv2%2Fmedia&parent=19632"}],"wp:term":[{"taxonomy":"category","embeddable":true,"href":"https:\/\/indicadorpolitico.com.mx\/index.php?rest_route=%2Fwp%2Fv2%2Fcategories&post=19632"},{"taxonomy":"post_tag","embeddable":true,"href":"https:\/\/indicadorpolitico.com.mx\/index.php?rest_route=%2Fwp%2Fv2%2Ftags&post=19632"}],"curies":[{"name":"wp","href":"https:\/\/api.w.org\/{rel}","templated":true}]}}