{"id":20163,"date":"2022-06-26T18:58:11","date_gmt":"2022-06-26T23:58:11","guid":{"rendered":"https:\/\/indicadorpolitico.com.mx\/?p=20163"},"modified":"2022-06-26T18:58:11","modified_gmt":"2022-06-26T23:58:11","slug":"zepeda-no-quiere-una-alianza-pan-pri-para-el-2024","status":"publish","type":"post","link":"https:\/\/indicadorpolitico.com.mx\/?p=20163","title":{"rendered":"Zepeda no quiere una alianza PAN-PRI para el 2024"},"content":{"rendered":"<p>Para el senador del Partido Acci\u00f3n Nacional (PAN), Dami\u00e1n Zepeda, la alianza con el Partido Revolucionario Institucional (PRI) ha resultado \u201cun fracaso\u201d, por lo que hizo un llamado a los dirigentes de su partido a revalorar dicho acuerdo.<\/p>\n<p>El ex l\u00edder panista escribi\u00f3 este martes que la alianza es una \u201cocurrencia hist\u00f3rica\u201d, pues su partido naci\u00f3 para \u201cquitar al PRI\u201d del poder. Sin embargo, minutos m\u00e1s tarde borr\u00f3 la publicaci\u00f3n y la sustituy\u00f3 por otra donde no mencion\u00f3 al tricolor.<\/p>\n<p>Se\u00f1al\u00f3 que si bien est\u00e1 de acuerdo en la suma de esfuerzos, es momento de que se realicen cambios de mira a las elecciones federales de 2024, pues el PRI es \u201crechazado\u201d por la mayor\u00eda de los mexicanos, de acuerdo a encuestas.<\/p>\n<p>\u201cCreo que la alianza PAN-PRI ha resultado un fracaso [&#8230;] La ciudadan\u00eda rechaza al partido (PRI); cuando t\u00fa ves las encuestas nacionales, 58% considera que es el partido que m\u00e1s da\u00f1o le ha hecho a M\u00e9xico. Hay un sentir mayoritario del ciudadano de que no es correcto regresar all\u00e1\u201d<\/p>\n<p>En este sentido, cuestion\u00f3 \u201cla terquedad\u201d de los dirigentes del blanquiazul, pues asegur\u00f3 que corregir dar\u00eda mejores resultados, demostrando que s\u00ed se le puede ganar a Morena y sus aliados.<\/p>\n<p>&nbsp;<\/p>\n<p><strong>Monreal recomienda tener cuidado con la ley<\/strong><\/p>\n<p>El coordinador de Morena en el Senado, Ricardo Monreal, quien ha sido excluido de esta \u201cterna de corcholatas\u201d les sugiri\u00f3 a los tres aspirantes de Morena que tengan cuidado con la ley, luego que Marcelo Ebrard, anunci\u00f3 una gira nacional en busca de la candidatura.<\/p>\n<p>\u201cBueno, yo recomendar\u00eda al club de los elegidos, por no llamarles el \u2018club de las corcholatas\u2019: tengan mucho cuidado con la ley. Yo voy a ser muy estricto en observar la ley, y se ver\u00eda mal que un constructor de la ley despreciara la ley. Todos debemos cuidar la ley, y si a \u00e9l ya lo destaparon cinco veces, a m\u00ed me gustar\u00eda que el pueblo fuera quien lo hiciera, a m\u00ed\u201d, dijo.<\/p>\n<p>El ex gobernador de Zacatecas, aprovech\u00f3 para enviarle otro mensaje: \u201cLe tengo mucha estimaci\u00f3n y respeto al canciller, es mi amigo. Y yo simplemente les pido una recomendaci\u00f3n general, que cuiden la ley\u201d, reiter\u00f3.<\/p>\n<p>Sin embargo, reiter\u00f3 que \u201cahora ya se ve m\u00e1s evidente\u201d, que estos pol\u00edticos est\u00e1n haciendo campa\u00f1a presidencial. Incluso, Ebrard anunci\u00f3 que recorrer\u00e1 los 32 estados para \u00abmantener su ventaja\u00bb de cara al proceso interno para elegir al candidato de Morena.<\/p>\n<p>&nbsp;<\/p>\n<p><strong>Santiago Nieto se define como \u201chincha\u201d de Ebrard<\/strong><\/p>\n<p>El ex titular de la Unidad de Inteligencia Financiera de la Secretar\u00eda de Hacienda y Cr\u00e9dito P\u00fablico, Santiago Nieto, asegur\u00f3 que Marcelo Ebrard es el perfil id\u00f3neo para continuar con los programas implementados por el gobierno de Andr\u00e9s Manuel L\u00f3pez Obrador.<\/p>\n<p>Asimismo, resalt\u00f3 que Ebrard Casaub\u00f3n tiene una gran preparaci\u00f3n que le asegurar\u00eda atraer mayor inversi\u00f3n al pa\u00eds.<\/p>\n<p>\u201cEstar\u00e9 trabajando en el proyecto del canciller Ebrard, creo que es una gran oportunidad para el pa\u00eds para mantener las pol\u00edticas sociales del presidente L\u00f3pez Obrador\u201d, indic\u00f3.<\/p>\n<p>&nbsp;<\/p>\n<p><strong>Fox augura triunfo en 2024 si MC se suma a una coalici\u00f3n<\/strong><\/p>\n<p>El expresidente Vicente Fox Quesada augur\u00f3 el triunfo de una alianza opositora en la elecci\u00f3n de 2024 con la integraci\u00f3n de Movimiento Ciudadano a una coalici\u00f3n con el PRI, PAN y PRD, adem\u00e1s de que pidi\u00f3 no descartar a Luis Donaldo Colosio Riojas como un posible candidato para competir contra Morena.<\/p>\n<p>Durante un evento en el Centro Fox en la comunidad de San Crist\u00f3bal, Fox Quesada habl\u00f3 con medios y dijo que Colosio Riojas, actual alcalde de Monterrey, es un aspirante \u201cmuy bueno\u201d y que podr\u00eda derrotar a quien sea candidato o candidata presidencial de Morena, siempre y cuando vaya respaldado por la alianza de los cuatro partidos opositores mencionados.<\/p>\n<p>\u201cPrimero es la unidad entre los tres partidos que ya trabajamos unidos y el cuarto que ser\u00e1 Movimiento Ciudadano\u201d, expres\u00f3.<\/p>\n<p>Manifest\u00f3 que los partidos deben de salir en unidad para lograr la Presidencia de la Rep\u00fablica en 2024.<\/p>\n<p>\u00abLo segundo es un proceso para ver qui\u00e9n va a quedar como candidato de la oposici\u00f3n, y va a ser un candidato que va a seguir los lineamientos\u00bb, expres\u00f3.<\/p>\n<p>\u00abEl siguiente gobierno va a ser un gobierno de coalici\u00f3n. Lo van a formar todas las personas, los l\u00edderes, los ciudadanos, los miembros de partidos pol\u00edticos que tengan las mejores calificaciones, pero a la vez, aquellos que se comprometan\u00bb, insisti\u00f3.<\/p>\n","protected":false},"excerpt":{"rendered":"<p>Para el senador del Partido Acci\u00f3n Nacional (PAN), Dami\u00e1n Zepeda, la alianza con el Partido Revolucionario Institucional (PRI) ha resultado \u201cun fracaso\u201d, por lo que hizo un llamado a los dirigentes de su partido a revalorar dicho acuerdo. El ex l\u00edder panista escribi\u00f3 este martes que la alianza es una \u201cocurrencia hist\u00f3rica\u201d, pues su partido [&hellip;]<\/p>\n","protected":false},"author":39,"featured_media":20164,"comment_status":"closed","ping_status":"closed","sticky":false,"template":"","format":"standard","meta":{"footnotes":""},"categories":[2989],"tags":[858,3559,1950],"class_list":["post-20163","post","type-post","status-publish","format-standard","has-post-thumbnail","hentry","category-resumen-semanal","tag-858","tag-damian-zepeda","tag-sucesion-presidencial"],"_links":{"self":[{"href":"https:\/\/indicadorpolitico.com.mx\/index.php?rest_route=\/wp\/v2\/posts\/20163","targetHints":{"allow":["GET"]}}],"collection":[{"href":"https:\/\/indicadorpolitico.com.mx\/index.php?rest_route=\/wp\/v2\/posts"}],"about":[{"href":"https:\/\/indicadorpolitico.com.mx\/index.php?rest_route=\/wp\/v2\/types\/post"}],"author":[{"embeddable":true,"href":"https:\/\/indicadorpolitico.com.mx\/index.php?rest_route=\/wp\/v2\/users\/39"}],"replies":[{"embeddable":true,"href":"https:\/\/indicadorpolitico.com.mx\/index.php?rest_route=%2Fwp%2Fv2%2Fcomments&post=20163"}],"version-history":[{"count":0,"href":"https:\/\/indicadorpolitico.com.mx\/index.php?rest_route=\/wp\/v2\/posts\/20163\/revisions"}],"wp:featuredmedia":[{"embeddable":true,"href":"https:\/\/indicadorpolitico.com.mx\/index.php?rest_route=\/wp\/v2\/media\/20164"}],"wp:attachment":[{"href":"https:\/\/indicadorpolitico.com.mx\/index.php?rest_route=%2Fwp%2Fv2%2Fmedia&parent=20163"}],"wp:term":[{"taxonomy":"category","embeddable":true,"href":"https:\/\/indicadorpolitico.com.mx\/index.php?rest_route=%2Fwp%2Fv2%2Fcategories&post=20163"},{"taxonomy":"post_tag","embeddable":true,"href":"https:\/\/indicadorpolitico.com.mx\/index.php?rest_route=%2Fwp%2Fv2%2Ftags&post=20163"}],"curies":[{"name":"wp","href":"https:\/\/api.w.org\/{rel}","templated":true}]}}