{"id":23339,"date":"2022-11-17T19:51:52","date_gmt":"2022-11-18T01:51:52","guid":{"rendered":"https:\/\/indicadorpolitico.com.mx\/?p=23339"},"modified":"2022-11-17T19:53:27","modified_gmt":"2022-11-18T01:53:27","slug":"mexico-siempre-ha-sido-una-sociedad-polarizada","status":"publish","type":"post","link":"https:\/\/indicadorpolitico.com.mx\/?p=23339","title":{"rendered":"M\u00e9xico siempre ha sido una sociedad polarizada"},"content":{"rendered":"<ul>\n<li>La desigualdad es lo que enfrenta entre s\u00ed a los mexicanos<\/li>\n<li>El odio se agudiza, cuando el \u201cpatr\u00f3n\u201d viola a la muchacha<\/li>\n<\/ul>\n<p>Pol\u00edticos, analistas, periodistas del bloque conservador acusan al presidente L\u00f3pez Obrador de polarizar y agudizar la polarizaci\u00f3n entre los mexicanos, con \u201csu\u201d discurso condenatorio de los gobiernos encabezados por Carlos Salinas, Ernesto Zedillo, Vicente Fox, Felipe Calder\u00f3n y Enrique Pe\u00f1a, y los periodistas de la prensa tradicional y conservadora.<\/p>\n<p>Peri\u00f3dicos e intelectuales, y periodistas, que apuntalaron a tales administraciones y siguen siendo punta de lanza de la reacci\u00f3n ultraconservadora en contra del Presidente, tambi\u00e9n son v\u00edctimas de la cr\u00edtica presidencial.<\/p>\n<p>Sin embargo, las razones del odio de los adversarios, y hasta enemigos ac\u00e9rrimos del Presidente, est\u00e1n, m\u00e1s que nada, en la suspensi\u00f3n de tajo de privilegios econ\u00f3micos para los llamados \u201dbroders\u201d, para los compadres, as\u00ed como de los millonarios apoyos en dinero, que la mayor\u00eda de las empresas period\u00edsticas recib\u00edan de las administraciones gubernamentales, tanto para no cuestionar acciones corruptas como para acallar cr\u00edticas del estilo muy personal, individualista, corrupto, de gobernar. (Cu\u00e1ntas veces me enter\u00e9 de que el poderoso afectado por una informaci\u00f3n ofrec\u00eda ping\u00fce cantidad de dinero a cambio de que tal nota no\u00a0 se publicara en ninguna p\u00e1gina del peri\u00f3dico. Otro ejemplo de este corrupto cachondeo es el caso del diario Exc\u00e9lsior que, en 1976, fue hecho la sombra de si mismo porque la direcci\u00f3n a cargo del compa\u00f1ero Julio Sch\u00e9rer Garc\u00eda, no baj\u00f3 la cerviz ante el gobierno de Luis Echeverr\u00eda)<\/p>\n<p>El presidente L\u00f3pez Obrador repite y repite, casi cotidianamente, como para que su audiencia tenga siempre presente, que lo que hab\u00eda gobernado al pa\u00eds, hist\u00f3ricamente, salvo rar\u00edsimas excepciones, es la corrupci\u00f3n, la simulaci\u00f3n, el cinismo y la impunidad. La complicidad entre las clases dominantes y la prensa negocio.<\/p>\n<p>Diariamente, el presidente de la Rep\u00fablica insiste en denunciar a sus predecesores de los \u00faltimos 36 a\u00f1os, principalmente, de propiciar el aumento exponencial de la pobreza en el pa\u00eds y privilegiar la concentraci\u00f3n de la riqueza en muy pocas manos, y en manos de los pol\u00edticos, mediante el robo de recursos p\u00fablicos, acusaci\u00f3n que enerva profundamente a intelectuales, analistas, periodistas, a los representantes de las clases dominantes.<\/p>\n<p>Esta praxis presidencial, entendible porque durante a\u00f1os L\u00f3pez Obrador, en calidad de l\u00edder de mayor\u00edas trabajadoras, y de aspirante a presidente de la rep\u00fablica, fue v\u00edctima de diatribas, acusaciones; de campa\u00f1as de odio por parte, sobre todo, de representantes de lo m\u00e1s granado del priismo, pero sobre todo del panismo ultraconservador, de empresas period\u00edsticas y de periodistas de la elite. Recordar\u00e1n que el la campa\u00f1a de 2006, el panismo acu\u00f1\u00f3 la leyenda de L\u00f3pez Obrador, un peligro para M\u00e9xico.<\/p>\n<p>Una vez electo presidente por una descomunal cantidad de sufragios, que sumaron un poco m\u00e1s de 30.000,000, con la fuerza brutal que le dio el voto democr\u00e1tico, los pol\u00edticos y empresas period\u00edsticas afectados por las pol\u00edticas de austeridad de la nueva administraci\u00f3n, que acab\u00f3 con negocios sucios, enriquecimientos flash y toda suerte de canonj\u00edas ilegales, idearon la venganza contra el mandatario, empleando principalmente un discurso de odio. Y en verdad odian a \u201cL\u00f3pez\u201d, como le dicen por desprecio.<\/p>\n<p>Cotidianamente, L\u00f3pez Obrador es, para los miembros del PAN, sobre todo, y de los intelectuales org\u00e1nicos y periodistas que ya no reciben los millonarios cochupos, embutes, chayotes que recib\u00edan de los gobiernos priistas y panistas (pripanistas), un mequetrefe, un ocurrente, un ignorante, un pendejo, a quien critican por todo, hasta por qu\u00e9 el peso se ha fortalecido y es l\u00edder en los mercados emergentes del mundo.<\/p>\n<p>Obviamente, L\u00f3pez Obrador no se queda callado ante las denostaciones y los insultos a su persona. Y responde con agudez. Y esto irrita m\u00e1s a sus adversarios. Lo puntilloso de la reacci\u00f3n presidencial, ante la cr\u00edtica \u00e1cida de sus adversarios, incrementa el odio de estos.<\/p>\n<p>Y es cuando surgen los expertos que acusan al presidente de alimentar las contradicciones, la polarizaci\u00f3n entre los mexicanos. No se dan cuenta de que M\u00e9xico es una sociedad polarizada: el peque\u00f1o grupo de privilegiados que lo\u00a0 tiene todo en materia de riqueza, y la inmensa mayor\u00eda de pobres, incluyendo amplios sectores de la llamada clase media, que o no tiene nada o pasa enormes dificultades para obtener una menos que mediana comodidad en la vida.<\/p>\n<p>En esa realidad, impulsada por los grupos minoritarios, y sobre todo por las clases dominantes, apoyadas por los gobiernos conservadores del PRI y del PAN y bendecidas por el clero cat\u00f3lico ultraconservador, preconciliar, es donde crece la polarizaci\u00f3n.<\/p>\n<p>Pocos privilegiados, millones de excluidos, discriminados, rechazados por el color de su piel, por la modestia de su vestimenta y por su nulo o muy bajo nivel educativo.<\/p>\n<p>Acusan a L\u00f3pez Obrador de agudizar la polarizaci\u00f3n social, cuando saben perfectamente que quienes la han incrementado son ellos, que extorsionan, que explotan, que desprecian, o violentan sexualmente a la muchacha pobre que les ayuda a cocinar, a mantener limpia la casa, a lavar y planchar la ropa, por una pinchurrienta caricatura de salario.<\/p>\n","protected":false},"excerpt":{"rendered":"<p>La desigualdad es lo que enfrenta entre s\u00ed a los mexicanos El odio se agudiza, cuando el \u201cpatr\u00f3n\u201d viola a la muchacha Pol\u00edticos, analistas, periodistas del bloque conservador acusan al presidente L\u00f3pez Obrador de polarizar y agudizar la polarizaci\u00f3n entre los mexicanos, con \u201csu\u201d discurso condenatorio de los gobiernos encabezados por Carlos Salinas, Ernesto Zedillo, [&hellip;]<\/p>\n","protected":false},"author":53,"featured_media":12736,"comment_status":"closed","ping_status":"closed","sticky":false,"template":"","format":"standard","meta":{"footnotes":""},"categories":[23],"tags":[923,55,707],"class_list":["post-23339","post","type-post","status-publish","format-standard","has-post-thumbnail","hentry","category-articulistas","tag-polarizacion","tag-politica","tag-sociedad"],"_links":{"self":[{"href":"https:\/\/indicadorpolitico.com.mx\/index.php?rest_route=\/wp\/v2\/posts\/23339","targetHints":{"allow":["GET"]}}],"collection":[{"href":"https:\/\/indicadorpolitico.com.mx\/index.php?rest_route=\/wp\/v2\/posts"}],"about":[{"href":"https:\/\/indicadorpolitico.com.mx\/index.php?rest_route=\/wp\/v2\/types\/post"}],"author":[{"embeddable":true,"href":"https:\/\/indicadorpolitico.com.mx\/index.php?rest_route=\/wp\/v2\/users\/53"}],"replies":[{"embeddable":true,"href":"https:\/\/indicadorpolitico.com.mx\/index.php?rest_route=%2Fwp%2Fv2%2Fcomments&post=23339"}],"version-history":[{"count":0,"href":"https:\/\/indicadorpolitico.com.mx\/index.php?rest_route=\/wp\/v2\/posts\/23339\/revisions"}],"wp:featuredmedia":[{"embeddable":true,"href":"https:\/\/indicadorpolitico.com.mx\/index.php?rest_route=\/wp\/v2\/media\/12736"}],"wp:attachment":[{"href":"https:\/\/indicadorpolitico.com.mx\/index.php?rest_route=%2Fwp%2Fv2%2Fmedia&parent=23339"}],"wp:term":[{"taxonomy":"category","embeddable":true,"href":"https:\/\/indicadorpolitico.com.mx\/index.php?rest_route=%2Fwp%2Fv2%2Fcategories&post=23339"},{"taxonomy":"post_tag","embeddable":true,"href":"https:\/\/indicadorpolitico.com.mx\/index.php?rest_route=%2Fwp%2Fv2%2Ftags&post=23339"}],"curies":[{"name":"wp","href":"https:\/\/api.w.org\/{rel}","templated":true}]}}