{"id":24529,"date":"2023-01-23T19:55:54","date_gmt":"2023-01-24T01:55:54","guid":{"rendered":"https:\/\/indicadorpolitico.com.mx\/?p=24529"},"modified":"2023-01-23T19:57:19","modified_gmt":"2023-01-24T01:57:19","slug":"monreal-corcholata-o-destapador-desplaza-a-morena-y-a-palacio-2024","status":"publish","type":"post","link":"https:\/\/indicadorpolitico.com.mx\/?p=24529","title":{"rendered":"Monreal: corcholata o destapador; desplaza a Morena y a Palacio 2024"},"content":{"rendered":"<p>El l\u00edder senatorial Ricardo Monreal Avila estar\u00eda dando un paso muy <strong>audaz<\/strong> en su lucha por la candidatura presidencial de Morena para el 2024 al tratar de <strong>convertir<\/strong> el Senado en el espacio <strong>decisivo<\/strong> del partido lopezobradorista, pero <strong>siguiendo<\/strong> los pasos del presidente Miguel de la Madrid en 1987 cuando puso a <strong>comparecer<\/strong> a los precandidatos frente a un bloque de poder del PRI.<\/p>\n<p>En agosto de 1987 los seis precandidatos <strong>oficiales<\/strong> concurrieron al edificio del PRI a presentar sus propuestas como precandidatos presidenciales en el ciclo \u201cLos retos y las perspectivas de la naci\u00f3n\u201d, aunque para esas fechas y <strong>desde<\/strong> la XIII asamblea de febrero de ese a\u00f1o, el secretario de Programaci\u00f3n y Presupuesto, Carlos Salinas de Gortari, estaba ya <strong>amarrado<\/strong> como el sucesor designado.<\/p>\n<p>Con la <strong>habilidad<\/strong> de su experiencia pol\u00edtica, Monreal pareci\u00f3 haber obtenido el <strong>benepl\u00e1cito<\/strong> presidencial para que el Senado actual pudiera <strong>convertirse<\/strong> ahora en una especie del sal\u00f3n \u201cPlutarco El\u00edas Calles\u201d del PRI-87, a fin de que las cuatro <em>corcholatas<\/em> oficiales para el 2024 pasaran a <strong>comparecer<\/strong> ante la bancada morenista en el Senado.<\/p>\n<p>Sin embargo, en la coalici\u00f3n dominante de Morena el Senado es <strong>apenas<\/strong> una de las varias piezas importantes, pero en los hechos la capacidad de <strong>decisi\u00f3n<\/strong> estar\u00e1 en Palacio Nacional. En este sentido, los salones del Senado para las <em>corcholatas<\/em> de Morena huelen m\u00e1s a <strong>celada<\/strong> contra la precandidata preferida Claudia Sheinbaum Pardo y <strong>no<\/strong> el espacio pol\u00edtico que estar\u00edan necesitando los <strong>3+1<\/strong> precandidatos morenistas para exponer sus ideas para el sexenio 2024-2030. Inclusive, no sin <strong>malicia<\/strong>, el propio senador Monreal dijo que la jefa de gobierno tendr\u00eda agenda abierta para hablar de sus propuestas e <strong>inclusive<\/strong> para tratar el problema del Metro, <strong>adelantando<\/strong> lo que inmediatamente fue interpretado como el indicio de una <strong>celada<\/strong> senatorial contra la hasta ahora precandidata preferida.<\/p>\n<p>El senador Monreal fue <strong>excluido<\/strong> durante a\u00f1o y medio de la lista de <em>corcholatas<\/em> presidenciales que contaba con el <strong>benepl\u00e1cito<\/strong> del presidente L\u00f3pez Obrador, y apenas hace una semana un <strong>furtivo<\/strong> bolet\u00edn de Morena dando instrucciones a sus gobernadores de abrir espacios pol\u00edticos estatales a los precandidatos <strong>desliz\u00f3<\/strong> al senador Monreal como precandidato, aunque <strong>sin<\/strong> ser considerado, hasta ahora, con el reconocimiento lopezobradorista de \u201c<strong>hermano<\/strong> presidencial\u201d.<\/p>\n<p>En el escenario del manejo <strong>estrat\u00e9gico<\/strong> de la sucesi\u00f3n en Morena se tienen claros los <strong>pesos<\/strong> pol\u00edticos de los escenarios, por lo que la presunta aceptaci\u00f3n presidencial de usar a la bancada senatorial morenista como escenograf\u00eda de confrontaci\u00f3n de proyectos podr\u00edas tener tambi\u00e9n una <strong>derivaci\u00f3n<\/strong> inesperada: darle a Monreal la condici\u00f3n de <strong><em>destapador<\/em><\/strong> presidencial y cederle un espacio en el manejo de la movilidad de los otros precandidatos, a sabiendas de que <strong>no<\/strong> ser\u00eda el candidato oficial.<\/p>\n<p>Apenas hab\u00eda recibido la <strong>presunta<\/strong> autorizaci\u00f3n presidencial para el uso del espacio senatorial de Morena como escenario sucesorio y Monreal ya estaba <strong>dictando<\/strong> nuevas reglas &#8211;a su favor, obviamente&#8211; para la presencia de las otras <em>corcholatas<\/em>, pero con indicios muy bien entendidos y <strong>procesados<\/strong> en Palacio Nacional del <strong>control<\/strong> pol\u00edtico del zacatecano sobre la bancada de Morena.<\/p>\n<p>El <strong>otorgamiento<\/strong> de un espacio pol\u00edtico a un precandidato para abrir confrontaci\u00f3n de proyectos con los otros precandidatos estar\u00eda ya <strong>desequilibrando<\/strong> las ventajas, y m\u00e1s a\u00fan con la afirmaci\u00f3n del senador Monreal de que los otros precandidatos se deben recibidos <strong>sin<\/strong> rechiflas de confrontaciones, aunque con ese lenguaje pol\u00edtico de que se niega lo que ser\u00e1 <strong>inevitable<\/strong>.<\/p>\n<p>De todos modos, la posibilidad de que el senador Monreal pudiera tener alguna <strong>intervenci\u00f3n<\/strong> en la gesti\u00f3n de la sucesi\u00f3n presidencial ser\u00eda ser tambi\u00e9n un <strong>mensaje<\/strong> muy directo de Palacio Nacional para dejar en claro que en la cuarta <em>corcholata<\/em> <strong>no<\/strong> podr\u00eda ser parte y juez, sobre todo por el impacto <strong>medi\u00e1tico<\/strong> que tendr\u00eda alguna presentaci\u00f3n senatorial de las tres <em>corcholatas<\/em> con expresiones p\u00fablicas de <strong>repudio<\/strong>, desagrado o silencio que <strong>lastimar\u00edan<\/strong> el espacio pol\u00edtico avanzado por cada una de ellas desde el destape oficial de junio del 2021.<\/p>\n<p>Por lo dem\u00e1s, el gran <em>destapador<\/em> oficial est\u00e1 <strong>analizando<\/strong> con minuciosidad no solo movimientos de las corcholatas, sino <strong>gestos<\/strong> pol\u00edticos que pudieran adelantar comportamientos despu\u00e9s del 2024.<\/p>\n<p>&nbsp;<\/p>\n<p><strong>Pol\u00edtica para <em>dummies<\/em><\/strong>: La pol\u00edtica destruye a los adelantados.<\/p>\n<p><em>El contenido de esta columna es responsabilidad exclusiva del columnista y no del peri\u00f3dico que la publica.<\/em><\/p>\n<p><a href=\"mailto:carlosramirezh@elindependiente.com.mx\"><em>carlosramirezh@elindependiente.com.mx<\/em><\/a><\/p>\n<p><a href=\"http:\/\/elindependiente.com.mx\"><em>http:\/\/elindependiente.com.mx<\/em><\/a><\/p>\n<p><em>@carlosramirezh<\/em><\/p>\n<p>Canal YouTube: <a href=\"https:\/\/youtube.com\/@el_independiente\">https:\/\/youtube.com\/@el_independiente<\/a><\/p>\n","protected":false},"excerpt":{"rendered":"<p>El l\u00edder senatorial Ricardo Monreal Avila estar\u00eda dando un paso muy audaz en su lucha por la candidatura presidencial de Morena para el 2024 al tratar de convertir el Senado en el espacio decisivo del partido lopezobradorista, pero siguiendo los pasos del presidente Miguel de la Madrid en 1987 cuando puso a comparecer a los [&hellip;]<\/p>\n","protected":false},"author":2,"featured_media":24531,"comment_status":"closed","ping_status":"closed","sticky":false,"template":"","format":"standard","meta":{"footnotes":""},"categories":[19],"tags":[858,36,2992,29,956,1950],"class_list":["post-24529","post","type-post","status-publish","format-standard","has-post-thumbnail","hentry","category-columna-indicador-politico","tag-858","tag-amlo","tag-aspirantes","tag-elecciones","tag-ricardo-monreal-avila","tag-sucesion-presidencial"],"_links":{"self":[{"href":"https:\/\/indicadorpolitico.com.mx\/index.php?rest_route=\/wp\/v2\/posts\/24529","targetHints":{"allow":["GET"]}}],"collection":[{"href":"https:\/\/indicadorpolitico.com.mx\/index.php?rest_route=\/wp\/v2\/posts"}],"about":[{"href":"https:\/\/indicadorpolitico.com.mx\/index.php?rest_route=\/wp\/v2\/types\/post"}],"author":[{"embeddable":true,"href":"https:\/\/indicadorpolitico.com.mx\/index.php?rest_route=\/wp\/v2\/users\/2"}],"replies":[{"embeddable":true,"href":"https:\/\/indicadorpolitico.com.mx\/index.php?rest_route=%2Fwp%2Fv2%2Fcomments&post=24529"}],"version-history":[{"count":0,"href":"https:\/\/indicadorpolitico.com.mx\/index.php?rest_route=\/wp\/v2\/posts\/24529\/revisions"}],"wp:featuredmedia":[{"embeddable":true,"href":"https:\/\/indicadorpolitico.com.mx\/index.php?rest_route=\/wp\/v2\/media\/24531"}],"wp:attachment":[{"href":"https:\/\/indicadorpolitico.com.mx\/index.php?rest_route=%2Fwp%2Fv2%2Fmedia&parent=24529"}],"wp:term":[{"taxonomy":"category","embeddable":true,"href":"https:\/\/indicadorpolitico.com.mx\/index.php?rest_route=%2Fwp%2Fv2%2Fcategories&post=24529"},{"taxonomy":"post_tag","embeddable":true,"href":"https:\/\/indicadorpolitico.com.mx\/index.php?rest_route=%2Fwp%2Fv2%2Ftags&post=24529"}],"curies":[{"name":"wp","href":"https:\/\/api.w.org\/{rel}","templated":true}]}}