{"id":24768,"date":"2023-02-02T19:16:39","date_gmt":"2023-02-03T01:16:39","guid":{"rendered":"https:\/\/indicadorpolitico.com.mx\/?p=24768"},"modified":"2023-02-02T19:16:39","modified_gmt":"2023-02-03T01:16:39","slug":"la-politica-nacional-hace-agua-por-todos-lados","status":"publish","type":"post","link":"https:\/\/indicadorpolitico.com.mx\/?p=24768","title":{"rendered":"La pol\u00edtica nacional hace agua por todos lados"},"content":{"rendered":"<p>La inconformidad y las confrontaciones se dan hoy en todos los partidos y foros de la pol\u00edtica.<\/p>\n<p>Todo es un sainete.<\/p>\n<p>El m\u00e1s largo y fuerte se dio ayer en San L\u00e1zaro como continuaci\u00f3n a la escandalera de Morena en la instalaci\u00f3n del Congreso debido a que el presidente de los diputados, el panista\u00a0<strong>Santiago Creel<\/strong>, impidi\u00f3 el ingreso de una escolta armada con fusiles de combate de la Defensa Nacional al sal\u00f3n de Plenos.<\/p>\n<p><strong>Creel\u00a0<\/strong>-quien aspira a la presidencia en 2024-, sali\u00f3 al Lobby de San L\u00e1zaro a saludar a la bandera y de ah\u00ed orden\u00f3 la salida del recinto de la escolta armada.<\/p>\n<p>Desde entonces todo prefigura una celada contra el panista del coordinador de Morena en San L\u00e1zaro, el poblano\u00a0<strong>Ignacio Mier<\/strong>\u00a0quien a trav\u00e9s de la Comisi\u00f3n de la Defensa invit\u00f3 a los militares a acudir a ese acto para que los legisladores saludaran a la bandera en el sal\u00f3n de Plenos a sabiendas de que por mandato constitucional nadie debe entrar armado e la C\u00e1mara de Diputados o de Senadores.<\/p>\n<p>El mi\u00e9rcoles 1 de este febrero los morenistas le armaron el esc\u00e1ndalo a gritos e injurias a\u00a0<strong>Creel\u00a0<\/strong>y ayer, al abrirse ya la sesi\u00f3n formal de esa c\u00e1mara, volvieron a la cargada durante casi 3 horas para recriminarle haber impedido que la escolta armada entrara al sal\u00f3n de Plenos, lo que por otro lado nunca ha ocurrido. No hay antecedente de que se haya dejado ingresar al Pleno a un grupo armado.<\/p>\n<p>Los morenistas y sus aliados del PT arremetieron contra\u00a0<strong>Creel<\/strong>\u00a0al que amenazaron con iniciar su cese inmediato como Presidente de los diputados, pese a que saben que para ello requerir\u00edan mayor\u00eda calificada de dos tercios de los votos, que no tienen.<\/p>\n<p><strong>\u00a0<\/strong><\/p>\n<p><strong>MONREAL INSISTE QUE NO VA POR ENCUESTA<\/strong><\/p>\n<p>En la otra c\u00e1mara, la Senadores varios de sus personajes y bancadas amanecieron en conflicto.<\/p>\n<p>Entre otros el senador\u00a0<strong>Ricardo Monreal<\/strong>\u00a0volvi\u00f3 a enfrentarse a un nuevo intento por obligarlo a aceptar que participar\u00eda, junto a\u00a0<strong>Claudia Sheinbaum, a Marcelo Ebrard y a Ad\u00e1n Augusto L\u00f3pez<\/strong>\u00a0en una encuesta de Morena para que de ahpi salga el candidato de este partido a la presidencial de 2024.<\/p>\n<p>El zacatecano, quien acaba de ser aceptado por Morena y los otros contendientes como el corredor n\u00famero 4, con todos los derechos para participar en la contienda, insisti\u00f3: \u201cas\u00ed no juego\u201d.<\/p>\n<p>Es decir, no acepta la encuesta.<\/p>\n<p>Monreal ha exigido que se vaya a elecciones internas para que sean los militantes v\u00eda voto directo quienes decidan qui\u00e9n debe ser el abanderado que busque ser el sucesor de\u00a0<strong>Andr\u00e9s Manuel L\u00f3pez Obrador<\/strong>.<\/p>\n<p><strong>\u00a0<\/strong><\/p>\n<p><strong>SE DOBLA OSORIO CHONG<\/strong><\/p>\n<p>En el Senado tambi\u00e9n vimos ayer c\u00f3mo el hidalguense\u00a0<strong>Miguel \u00c1ngel Osorio Chong<\/strong>\u00a0reconoc\u00eda a su enemigo\u00a0<strong>Alejandro \u201cAlito\u201d Moreno<\/strong>, como presidente del PRI.<\/p>\n<p><strong>Osorio<\/strong>, exsecretario de Gobernaci\u00f3n con\u00a0<strong>Enrique Pe\u00f1a Nieto<\/strong>\u00a0y exaspirante presidencial, coordinador de los 14 senadores del PRI, quien ha denostado insistentemente a \u201c<strong>Alito<\/strong>\u201d y le ha pedido renunciar, le envi\u00f3 una carta al dirigente en donde finalmente lo reconoce como presidente de su partido para solicitarle un encuentro a fin de terminar con la confrontaci\u00f3n.<\/p>\n<p>Esta petici\u00f3n se da luego de que\u00a0<strong>Osorio<\/strong>\u00a0hace d\u00edas groseramente dio por terminada una reuni\u00f3n plenaria de senadores porque \u201c<strong>Alito<\/strong>\u201d supuestamente lleg\u00f3 sin ser invitado, cosa que rechaz\u00f3 el senador pri\u00edsta guerrerense\u00a0<strong>Manuel A\u00f1orve<\/strong>\u00a0quien aclar\u00f3 que\u00a0<strong>Osorio<\/strong>\u00a0s\u00ed sab\u00eda que llegar\u00eda su dirigente.<\/p>\n<p>Total que luego de ese desplante los otros senadores tricolores reclamaron a\u00a0<strong>Osorio<\/strong>\u00a0terminar ya su querella contra \u201c<strong>Alito<\/strong>\u201d por lo que el hidalguense pidi\u00f3 audiencia, a lo que el presidente del PRI le dijo que s\u00ed, que con todo gusto, que lo recibir\u00eda el jueves 9 de febrero en su despacho del PRI junto con los otros senadores, o sea nada que solitos y en lo oscurito.<\/p>\n<p><strong>\u00a0<\/strong><\/p>\n<p><strong>ZAMBRANO ANDA INQUIETO<\/strong><\/p>\n<p>Por esos rumbos senatoriales hubo ayer un encuentro de los 3 senadores del PRD con su l\u00edder nacional, Jes\u00fas Zambrano, quien anda por dem\u00e1s inquieto porque\u00a0<strong>Alejandro \u201cAlito\u201d More<\/strong>no del PRI y\u00a0<strong>Marko Cortes<\/strong>\u00a0del parece lo dejaron fuera del reparto de candidaturas para el 2024 y s\u00f3lo lo incluyeron en la foto donde se anunci\u00f3 el regreso de la Alianza Va por M\u00e9xico.<\/p>\n<p>Cercanos a \u201c<strong>Alito<\/strong>\u201d y al dirigente del PAN afirmaron que no existe tal alejamiento y tal agandalle que deje fuera perredistas, que lo que ocurre es que el partido de\u00a0<strong>Zambrano<\/strong>\u00a0ya casi no pinta y entonces por m\u00e1s que buscan que participen los perredistas estos ya no tienen base electoral para lograr reposicionarse.<\/p>\n<p>Sin embargo en la Alianza Va Por M\u00e9xico, afirman, est\u00e1n convencidos de que el PRD representa todav\u00eda a una izquierda que a\u00fan desarticulada es importante ideol\u00f3gica, geogr\u00e1ficamente e hist\u00f3ricamente.<\/p>\n<p><strong>\u00a0<\/strong><\/p>\n<p><strong>MALA PERCEPCI\u00d3N DEJ\u00d3 C\u00c1RDENAS<\/strong><\/p>\n<p>En este mismo contexto, poco a poco se diluye, pero no olvida, la carta del ingeniero\u00a0<strong>Cuauht\u00e9moc C\u00e1rdenas<\/strong>\u00a0con que se deslinda de quienes el lunes dieron a conocer un diagn\u00f3stico sever\u00edsimo pero muy realista y cierto contra el gobierno de\u00a0<strong>Andr\u00e9s Manuel L\u00f3pez Obrador<\/strong>.<\/p>\n<p>El evento en que bajo el t\u00edtulo de\u00a0<strong><em>Un punto de partida<\/em><\/strong>\u00a0se dec\u00eda que era encabezado por\u00a0<strong>Cuauht\u00e9moc C\u00e1rdenas, Francisco Labastida, Carlos Salazar, Clara Jusidman, Patricia Mercado, Dante Delgado, Francisco Barn\u00e9s, Diego Valad\u00e9s y Salom\u00f3n Chertorivski.<\/strong><\/p>\n<p><strong>A apoyado por Francisco Bol\u00edvar Zapata, Fernando Gabilondo, Mar\u00eda Elena Medina Mora, Francisco Barn\u00e9s, Jos\u00e9 Woldenberg.<\/strong><\/p>\n<p><strong>Ah\u00ed se diagnostic\u00f3 a una administraci\u00f3n fracasada y sin futuro, la de AMLO. El martes el mandatario declar\u00f3 como su enemigo a C\u00e1rdenas y a medio d\u00eda el ingeniero recul\u00f3, dijo que si bien estaba de acuerdo con el diagn\u00f3stico no ten\u00eda nada que ver con ese grupo.<\/strong><\/p>\n<p><strong>Se vio como zacat\u00f3n. Ni m\u00e1s ni menos\u2026<\/strong><\/p>\n<p><strong>&#8230;<\/strong><a href=\"mailto:rvizcainoa@gmail.1com\"><strong>rvizcainoa@gmail.1com<\/strong><\/a><strong>\u00a0\/ Twitter: @_Vizcaino \/ Facebook<\/strong><\/p>\n<p><strong>\/\u00a0<\/strong><a href=\"https:\/\/www.facebook.com\/rvizcainoa\"><strong>https:\/\/www.facebook.com\/rvizcainoa<\/strong><\/a><\/p>\n","protected":false},"excerpt":{"rendered":"<p>La inconformidad y las confrontaciones se dan hoy en todos los partidos y foros de la pol\u00edtica. Todo es un sainete. El m\u00e1s largo y fuerte se dio ayer en San L\u00e1zaro como continuaci\u00f3n a la escandalera de Morena en la instalaci\u00f3n del Congreso debido a que el presidente de los diputados, el panista\u00a0Santiago Creel, [&hellip;]<\/p>\n","protected":false},"author":9,"featured_media":421,"comment_status":"closed","ping_status":"closed","sticky":false,"template":"","format":"standard","meta":{"footnotes":""},"categories":[23],"tags":[36,55,956],"class_list":["post-24768","post","type-post","status-publish","format-standard","has-post-thumbnail","hentry","category-articulistas","tag-amlo","tag-politica","tag-ricardo-monreal-avila"],"_links":{"self":[{"href":"https:\/\/indicadorpolitico.com.mx\/index.php?rest_route=\/wp\/v2\/posts\/24768","targetHints":{"allow":["GET"]}}],"collection":[{"href":"https:\/\/indicadorpolitico.com.mx\/index.php?rest_route=\/wp\/v2\/posts"}],"about":[{"href":"https:\/\/indicadorpolitico.com.mx\/index.php?rest_route=\/wp\/v2\/types\/post"}],"author":[{"embeddable":true,"href":"https:\/\/indicadorpolitico.com.mx\/index.php?rest_route=\/wp\/v2\/users\/9"}],"replies":[{"embeddable":true,"href":"https:\/\/indicadorpolitico.com.mx\/index.php?rest_route=%2Fwp%2Fv2%2Fcomments&post=24768"}],"version-history":[{"count":0,"href":"https:\/\/indicadorpolitico.com.mx\/index.php?rest_route=\/wp\/v2\/posts\/24768\/revisions"}],"wp:featuredmedia":[{"embeddable":true,"href":"https:\/\/indicadorpolitico.com.mx\/index.php?rest_route=\/wp\/v2\/media\/421"}],"wp:attachment":[{"href":"https:\/\/indicadorpolitico.com.mx\/index.php?rest_route=%2Fwp%2Fv2%2Fmedia&parent=24768"}],"wp:term":[{"taxonomy":"category","embeddable":true,"href":"https:\/\/indicadorpolitico.com.mx\/index.php?rest_route=%2Fwp%2Fv2%2Fcategories&post=24768"},{"taxonomy":"post_tag","embeddable":true,"href":"https:\/\/indicadorpolitico.com.mx\/index.php?rest_route=%2Fwp%2Fv2%2Ftags&post=24768"}],"curies":[{"name":"wp","href":"https:\/\/api.w.org\/{rel}","templated":true}]}}