{"id":27553,"date":"2023-06-15T19:09:42","date_gmt":"2023-06-16T01:09:42","guid":{"rendered":"https:\/\/indicadorpolitico.com.mx\/?p=27553"},"modified":"2023-06-15T19:09:42","modified_gmt":"2023-06-16T01:09:42","slug":"monreal-cosecha-lo-sembrado-en-el-largo-adios-en-senado-y-jucopo","status":"publish","type":"post","link":"https:\/\/indicadorpolitico.com.mx\/?p=27553","title":{"rendered":"Monreal cosecha lo sembrado en el largo adi\u00f3s en Senado y Jucopo"},"content":{"rendered":"<p>En realidad, anduvo en la despedida desde el lunes. Los abrazos, los comentarios al o\u00eddo, las sonrisas y los buenos deseos, las m\u00faltiples selfies se las pidieron por igual empleados de todos los niveles, funcionarios, senadores y visitantes con quienes se top\u00f3 en alguna explanada, alg\u00fan pasillo, un sal\u00f3n.<\/p>\n<p><strong>Ricardo Monreal<\/strong>\u00a0se convirti\u00f3 as\u00ed en una especie de\u00a0<em>lone star-<\/em>llanero solitario legislativo que era requerido por donde quiera que estuviese en el Senado, recinto al que hizo su casa, su oficina, su terreno de acuerdos y negociaciones complicad\u00edsimas y que parec\u00edan imposibles para al final sacarlas con voto un\u00e1nime de los suyos y la oposici\u00f3n.<\/p>\n<p>Ah\u00ed dorm\u00eda, amanec\u00eda, desvelaba pegado al tel\u00e9fono, al cel, sumido en rincones hablando y hablando con opositores que ayer le rindieron un sentido reconocimiento por haber respetado acuerdos y la palabra.<\/p>\n<p>Hoy viernes se registrar\u00e1 como candidato presidencial firme en Morena, luego de que el presidente\u00a0<strong>Andr\u00e9s Manuel L\u00f3pez Obrador<\/strong>\u00a0lo dej\u00f3 fuera de su lista de posibles sucesores el lunes 5 de julio de 2021.<\/p>\n<p>Desde entonces lo trat\u00f3 con desd\u00e9n, sin mencionarlo ni aceptarlo, para finalmente hace apenas unas semanas volverlo a sentar a su lado.<\/p>\n<p>El zacatecano no se achic\u00f3 ni acobardo y se fue a recorrer programas de la radio con los conductores m\u00e1s sobresalientes, dio entrevistas a medios nacionales e internacionales para insistir en que \u00e9l estar\u00eda en las boletas de la contienda presidencial.<\/p>\n<p>Igual recorri\u00f3 el pa\u00eds y dialog\u00f3 lo mismo con campesinos, que con estudiantes universitarios, con empresarios, y ciudadanos a quienes pidi\u00f3 no rendirse y participar el las elecciones presidenciales del 2024.<\/p>\n<p>Mientras Morena y\u00a0<strong>AMLO\u00a0<\/strong>lo ignoraban\u00a0<strong>Monreal<\/strong>\u00a0presentaba sus planes por sectores con la participaci\u00f3n y asistencia de representantes involucrados.<\/p>\n<p>Siempre echado para adelante.<\/p>\n<p>Hoy iniciar\u00e1 campa\u00f1a abierta por el pa\u00eds para competir por la nominaci\u00f3n como Coordinador de Defensa de la Transformaci\u00f3n eufemismo pol\u00edtico-electoral para encubrir a quien ser\u00e1 el candidato de Morena a la Presidencia para sustituir al Presidente\u00a0<strong>Andr\u00e9s Manuel L\u00f3pez Obrador<\/strong>\u00a0de 2024 a 2030.<\/p>\n<p><strong>\u00a0<\/strong><\/p>\n<p><strong>AYER CON SUS PARES LEGISLATIVOS<\/strong><\/p>\n<p>Acompa\u00f1ado por el chiapaneco\u00a0<strong>Eduardo Ram\u00edrez<\/strong>, a quien la bancada de Morena eligi\u00f3 como sustituto de\u00a0<strong>Monreal<\/strong>\u00a0en la Coordinaci\u00f3n del grupo de Morena, y as\u00ed autom\u00e1ticamente darle la presidencia de la Junta de Coordinaci\u00f3n Pol\u00edtica,\u00a0<strong>Ricardo Monreal<\/strong>\u00a0asisti\u00f3 a su \u00faltima reuni\u00f3n de la Jucopo.<\/p>\n<p>Unos y otros le reconocieron ah\u00ed su voluntad por siempre ir al acuerdo dentro del respeto a cada personaje y grupo.<\/p>\n<p>El por su parte procedi\u00f3 a informarles que su bancada eligi\u00f3 por unanimidad al senador\u00a0<strong>Eduardo Ram\u00edrez<\/strong>\u00a0como nuevo coordinador de la bancada y para la Presidencia de la Junta de Coordinaci\u00f3n Pol\u00edtica.<\/p>\n<p>Y procedi\u00f3 a entregarle la conducci\u00f3n del encuentro junto con la entrega de compendio, especie de libro blanco legislativo, que contiene todo lo logrado en las legislaturas LXIV y LXV bajo su conducci\u00f3n.<\/p>\n<p>El zacatecano les record\u00f3 que en tanto \u00e9l fue el presidente de la Jucopo, sus integrantes siempre estuvieron dispuestos a escuchar, deliberar y acordar.<\/p>\n<p>\u201cDeben ustedes estar muy satisfechos\u201d, indic\u00f3.<\/p>\n<p>En ese sentido, agradeci\u00f3 la labor del secretario t\u00e9cnico de la Jucopo, Jos\u00e9 Manuel del R\u00edo Virgen, y lo calific\u00f3 como uno de los mejores operadores pol\u00edticos que tiene M\u00e9xico: \u201cpara m\u00ed ha sido un compa\u00f1ero de viaje, no hubiese podido avanzar si no hubiera estado \u00e9l\u201d.<\/p>\n<p>En este punto\u00a0<strong>Monreal\u00a0<\/strong>hizo un reconocimiento especial de\u00a0<strong>Eduardo Ram\u00edrez<\/strong>, quien ahora llega a la llega a la presidencia de la Jucopo, dijo, con el benepl\u00e1cito, la simpat\u00eda y el respaldo de este \u00f3rgano.<\/p>\n<p>\u201cEduardo logr\u00f3 construir adentro un panorama tu actitud de negociador. La tolerancia y lealtad lo tienen colocado en esta posici\u00f3n\u201d, subray\u00f3.<\/p>\n<p>Escuchar y respetar funciona en este \u00f3rgano directivo, dijo el zacatecano;<\/p>\n<p>\u201cY que honres tu palabra; es decir, lo que ofrezcas c\u00famplelo, no traiciones la palabra, no traiciones los acuerdos\u201d, le recomend\u00f3 al chiapaneco.<\/p>\n<p>Le record\u00f3 que ahora a \u00e9l le tocar\u00e1 avanzar en los nombramientos pendientes, y asuntos como la nueva Ley de Cannabis.<\/p>\n<p><strong>Ram\u00edrez<\/strong>\u00a0destac\u00f3 a su vez la eficacia con la que\u00a0<strong>Ricardo Monreal<\/strong>\u00a0construy\u00f3 acuerdos que, dijo, le ganar\u00e1 un sitio en la historia del legislativo mexicano.<\/p>\n<p>\u201cNo tengo la menor duda de que ser\u00e1 uno de los hombres claves en el movimiento de transformaci\u00f3n que encabeza el Presidente A<strong>ndr\u00e9s Manuel L\u00f3pez Obrador<\/strong>\u201d.<\/p>\n<p>\u201cV\u00e1yase -dijo a\u00a0<strong>Monreal<\/strong>&#8211; con la satisfacci\u00f3n del deber p\u00fablico; se cierra un ciclo, pero se abren otros horizontes. Para m\u00ed, su ense\u00f1anza fue importante y fundamental para ser el presidente de la Junta de Coordinaci\u00f3n Pol\u00edtica\u201d, manifest\u00f3.<\/p>\n<p>Subray\u00f3 luego que buscar\u00e1 estar a la altura de todos los Grupos Parlamentarios, \u201cpor lo que espero que al inicio del Periodo Ordinario de Sesiones pueda construir los nombramientos pendientes, porque son bastantes y existe la urgente necesidad de hacerlo\u201d.<\/p>\n<p>Vinieron luego las intervenciones de la senadora panista\u00a0<strong>Josefina V\u00e1zquez Mota<\/strong>, de\u00a0<strong>Germ\u00e1n Mart\u00ednez C\u00e1zares, Alejandra Le\u00f3n Gast\u00e9lum<\/strong>,\u00a0<strong>Julen Rementer\u00eda<\/strong>\u00a0y de\u00a0<strong>Jorge Carlos Ram\u00edrez Mar\u00edn<\/strong>\u00a0quienes agradecieron sus acuerdos y el talante con que se condujo en los pasados 4 a\u00f1os.<\/p>\n<p>El ciclo lo cerr\u00f3 con una taquiza y tamaliza junto a los reporteros de la fuente senatorial.<\/p>\n<p>As\u00ed fue el adi\u00f3s de\u00a0<strong>Monreal<\/strong>\u00a0en el Senado.<\/p>\n<p>@_Vizcaino \/ Facebook<\/p>\n<p>\/\u00a0<a href=\"https:\/\/www.facebook.com\/rvizcainoa\">https:\/\/www.facebook.com\/rvizcainoa<\/a><\/p>\n","protected":false},"excerpt":{"rendered":"<p>En realidad, anduvo en la despedida desde el lunes. Los abrazos, los comentarios al o\u00eddo, las sonrisas y los buenos deseos, las m\u00faltiples selfies se las pidieron por igual empleados de todos los niveles, funcionarios, senadores y visitantes con quienes se top\u00f3 en alguna explanada, alg\u00fan pasillo, un sal\u00f3n. Ricardo Monreal\u00a0se convirti\u00f3 as\u00ed en una [&hellip;]<\/p>\n","protected":false},"author":9,"featured_media":421,"comment_status":"closed","ping_status":"closed","sticky":false,"template":"","format":"standard","meta":{"footnotes":""},"categories":[23],"tags":[956,85,1950],"class_list":["post-27553","post","type-post","status-publish","format-standard","has-post-thumbnail","hentry","category-articulistas","tag-ricardo-monreal-avila","tag-senado","tag-sucesion-presidencial"],"_links":{"self":[{"href":"https:\/\/indicadorpolitico.com.mx\/index.php?rest_route=\/wp\/v2\/posts\/27553","targetHints":{"allow":["GET"]}}],"collection":[{"href":"https:\/\/indicadorpolitico.com.mx\/index.php?rest_route=\/wp\/v2\/posts"}],"about":[{"href":"https:\/\/indicadorpolitico.com.mx\/index.php?rest_route=\/wp\/v2\/types\/post"}],"author":[{"embeddable":true,"href":"https:\/\/indicadorpolitico.com.mx\/index.php?rest_route=\/wp\/v2\/users\/9"}],"replies":[{"embeddable":true,"href":"https:\/\/indicadorpolitico.com.mx\/index.php?rest_route=%2Fwp%2Fv2%2Fcomments&post=27553"}],"version-history":[{"count":0,"href":"https:\/\/indicadorpolitico.com.mx\/index.php?rest_route=\/wp\/v2\/posts\/27553\/revisions"}],"wp:featuredmedia":[{"embeddable":true,"href":"https:\/\/indicadorpolitico.com.mx\/index.php?rest_route=\/wp\/v2\/media\/421"}],"wp:attachment":[{"href":"https:\/\/indicadorpolitico.com.mx\/index.php?rest_route=%2Fwp%2Fv2%2Fmedia&parent=27553"}],"wp:term":[{"taxonomy":"category","embeddable":true,"href":"https:\/\/indicadorpolitico.com.mx\/index.php?rest_route=%2Fwp%2Fv2%2Fcategories&post=27553"},{"taxonomy":"post_tag","embeddable":true,"href":"https:\/\/indicadorpolitico.com.mx\/index.php?rest_route=%2Fwp%2Fv2%2Ftags&post=27553"}],"curies":[{"name":"wp","href":"https:\/\/api.w.org\/{rel}","templated":true}]}}