{"id":29099,"date":"2023-08-22T19:50:00","date_gmt":"2023-08-23T01:50:00","guid":{"rendered":"https:\/\/indicadorpolitico.com.mx\/?p=29099"},"modified":"2023-08-22T11:19:30","modified_gmt":"2023-08-22T17:19:30","slug":"lorenzo-cordova-y-su-racismo-paso-a-la-historia-si-insulto-a-indigenas","status":"publish","type":"post","link":"https:\/\/indicadorpolitico.com.mx\/?p=29099","title":{"rendered":"Lorenzo C\u00f3rdova y su racismo pas\u00f3 a la historia; s\u00ed insult\u00f3 a ind\u00edgenas"},"content":{"rendered":"<p>Lorenzo C\u00f3rdova Vianello, presidente del Instituto Nacional Electoral (2014-2023), finalmente <strong>pas\u00f3<\/strong> a la historia nacional, pero no como un reconocimiento a sus servicios prestados a la patria priista-panista, sino por su conducta <strong>racista<\/strong> contra las comunidades ind\u00edgenas que siguen <strong>sin<\/strong> poderse incorporar al sistema pol\u00edtico nacional.<\/p>\n<p>Los libros de <strong>texto<\/strong> gratuito incorporaron en la p\u00e1gina 246 de \u201cProyectos Comunitarios\u201d para sexto grado de primaria, junto a referencias a genocidios en Armenia y Ruanda, una frase contundente: \u201c2015. En M\u00e9xico el presidente del Instituto Nacional Electoral (NE) se <strong>mofa<\/strong> de los representantes de las naciones originarias\u201d.<\/p>\n<p>Toda la <strong>mafia<\/strong> politol\u00f3gica que se mueve alrededor del Instituto de Estudios para la Transici\u00f3n a la Democracia que <strong>maneja<\/strong> el exconsejero electoral Jos\u00e9 Woldenberg para nuclear a un <strong>bloque<\/strong> pol\u00edtico de poder salt\u00f3 literalmente de sus asientos para <strong>protestar<\/strong> contra lo que caracteriz\u00f3 como \u201cel abuso de poder pol\u00edtico y en <strong>solidaridad<\/strong> con Lorenzo C\u00f3rdova\u201d.<\/p>\n<p>Sin embargo, los muy prestigiados polit\u00f3logos estar\u00edan <strong>faltando<\/strong> a la racionalidad de su oficio porque salieron s\u00f3lo a defender a C\u00f3rdova, pero <strong>sin<\/strong> contextualizar el conflicto de 2015: una grabaci\u00f3n clandestina e ilegal recogi\u00f3 palabras de <strong>burla<\/strong> de C\u00f3rdova contra dirigentes ind\u00edgenas, y a pesar de las <strong>pruebas<\/strong> contundentes del audio los polit\u00f3logos se\u00f1alan que le <strong>atribuyeron<\/strong> a C\u00f3rdoba \u201cuna conducta racista <strong>inexistente<\/strong>\u201d, porque la grabaci\u00f3n textual refiere una <strong>grav\u00edsima<\/strong> conducta racista del funcionario.<\/p>\n<p>La grabaci\u00f3n es <strong>contundente<\/strong>. Con sentido de iron\u00eda perversa, C\u00f3rdova se <strong>burla<\/strong> del estilo de habla de los ind\u00edgenas que acudieron a su oficina y dijo con iron\u00eda racista, \u201chay que escribir unas cr\u00f3nicas <strong>marcianas<\/strong> desde el INE\u201d, y su interlocutor telef\u00f3nico &#8211;Edmundo Jacobo Molina, secretario ejecutivo y hoy flamante articulista de opini\u00f3n en un medio capitalino\u2014 completa: \u201cun Ray Bradbury <em>reloaded<\/em>\u201d, en <strong>ingl\u00e9s<\/strong>, obviamente.<\/p>\n<p>Y C\u00f3rdova, en actitudes que los polit\u00f3logos del IETD consideran <strong><em>inexistente<\/em><\/strong>, disfruta su racismo burl\u00f3n: \u201cno mames, cabr\u00f3n (\u2026), te voy a decir c\u00f3mo <strong>hablaba<\/strong> ese cabr\u00f3n (ind\u00edgena): quihubo, jefe gran naci\u00f3n chichimeca. Vengo Guanajuato. Yo decir a ti: o diputados para nosotros o yo no permitir tus elecciones\u00bb, salpicado de risas <strong>burlonas<\/strong> de C\u00f3rdova y Jacobo.<\/p>\n<p>Y el consejero presidente del INE <strong>pactado<\/strong> con el presidente Pe\u00f1a Nieto sigui\u00f3 su tono burl\u00f3n racista: \u201cyo no s\u00e9 si sea cierto que hable as\u00ed, cabr\u00f3n, pero vio mucho <strong>Llanero<\/strong> Solitario, cabr\u00f3n o acabamos aqu\u00ed de divertidos o <strong>acabamos en el psiquiatra de aqu\u00ed<\/strong>\u201d.<\/p>\n<p>Ante la contundencia de la grabaci\u00f3n que debiera hacer <strong>incluida<\/strong> de manera \u00edntegra en los libros de texto, C\u00f3rdova s\u00f3lo dijo que fueron comentarios \u201cjocosos y desafortunados, dentro de una conversaci\u00f3n personal\u201d, y denunci\u00f3 que se trataba de una <strong>campa\u00f1a<\/strong> de desprestigio contra el Instituto.<\/p>\n<p>En t\u00e9rminos estrictos, los libros de texto referidos a Proyectos Comunitarios recogen, en interpretaci\u00f3n de hechos, las conductas <strong>excluyentes<\/strong> de altos funcionarios del sistema pol\u00edtico, en este caso de la estructura electoral que debiera reconocer la configuraci\u00f3n hist\u00f3rica de las comunidades ind\u00edgenas originarias, y muestran el grado de <strong>imposici\u00f3n<\/strong> verticalista y autoritaria de pr\u00e1cticas democr\u00e1ticas que las sociedades ind\u00edgenas han venido defendiendo hasta con las armas desde principios de 1994 y que lograron algunos <strong>avances<\/strong> con leyes locales que reconocieron usos y costumbres de organizaciones sociales anteriores a la democracia occidental importada de Espa\u00f1a a trav\u00e9s del <strong>virreinato<\/strong> y la Constituci\u00f3n de C\u00e1diz.<\/p>\n<p>Los polit\u00f3logos del Instituto de Estudios para la Transici\u00f3n Democr\u00e1tica, un organismo creado para unificar a la politolog\u00eda <strong>sist\u00e9mica<\/strong> y conciliadora con el r\u00e9gimen priista y muchos de ellos con cargos y asesor\u00edas en el IFE\/INE, <strong>nunca<\/strong> se preocuparon por hacer aportaciones concretas a las formas que debiera tener la democracia mexicana despu\u00e9s del <strong>golpe<\/strong> fraudulento electoral de 1988 y de la derrota priista de 2000. Esos polit\u00f3logos <strong>tampoco<\/strong> analizaron con sentido cr\u00edtico toda la perversi\u00f3n del sistema democr\u00e1tico que distorsion\u00f3 los avances de 1988 y que colocaron a C\u00f3rdova como el encargado del <strong>Pacto<\/strong> PRI-PAN por M\u00e9xico para seguir <strong>manteniendo<\/strong> al Instituto Electoral como la Comisi\u00f3n Federal Electoral de Manuel Bartlett precisamente de 1988.<\/p>\n<p>Con los libros de texto, C\u00f3rdova <strong>pas\u00f3<\/strong> a la historia como un funcionario racista.<\/p>\n<p>&nbsp;<\/p>\n<p><strong>Pol\u00edtica para <em>dummies<\/em><\/strong>: La pol\u00edtica no logra esconder a la pol\u00edtica.<\/p>\n<p><em>El contenido de esta columna es responsabilidad exclusiva del columnista y no del peri\u00f3dico que la publica.<\/em><\/p>\n<p><a href=\"mailto:carlosramirezh@elindependiente.com.mx\"><em>carlosramirezh@elindependiente.com.mx<\/em><\/a><\/p>\n<p><a href=\"http:\/\/elindependiente.com.mx\"><em>http:\/\/elindependiente.com.mx<\/em><\/a><\/p>\n<p><em>@carlosramirezh<\/em><\/p>\n<p>Canal YouTube: <a href=\"https:\/\/youtube.com\/@el_independiente\">https:\/\/youtube.com\/@el_independiente<\/a><\/p>\n","protected":false},"excerpt":{"rendered":"<p>Lorenzo C\u00f3rdova Vianello, presidente del Instituto Nacional Electoral (2014-2023), finalmente pas\u00f3 a la historia nacional, pero no como un reconocimiento a sus servicios prestados a la patria priista-panista, sino por su conducta racista contra las comunidades ind\u00edgenas que siguen sin poderse incorporar al sistema pol\u00edtico nacional. Los libros de texto gratuito incorporaron en la p\u00e1gina [&hellip;]<\/p>\n","protected":false},"author":2,"featured_media":29100,"comment_status":"closed","ping_status":"closed","sticky":false,"template":"","format":"standard","meta":{"footnotes":""},"categories":[19],"tags":[858,4088,76,3970,553],"class_list":["post-29099","post","type-post","status-publish","format-standard","has-post-thumbnail","hentry","category-columna-indicador-politico","tag-858","tag-comunidades-originarias","tag-ine","tag-insultos","tag-lorenzo-cordova-vianello"],"_links":{"self":[{"href":"https:\/\/indicadorpolitico.com.mx\/index.php?rest_route=\/wp\/v2\/posts\/29099","targetHints":{"allow":["GET"]}}],"collection":[{"href":"https:\/\/indicadorpolitico.com.mx\/index.php?rest_route=\/wp\/v2\/posts"}],"about":[{"href":"https:\/\/indicadorpolitico.com.mx\/index.php?rest_route=\/wp\/v2\/types\/post"}],"author":[{"embeddable":true,"href":"https:\/\/indicadorpolitico.com.mx\/index.php?rest_route=\/wp\/v2\/users\/2"}],"replies":[{"embeddable":true,"href":"https:\/\/indicadorpolitico.com.mx\/index.php?rest_route=%2Fwp%2Fv2%2Fcomments&post=29099"}],"version-history":[{"count":0,"href":"https:\/\/indicadorpolitico.com.mx\/index.php?rest_route=\/wp\/v2\/posts\/29099\/revisions"}],"wp:featuredmedia":[{"embeddable":true,"href":"https:\/\/indicadorpolitico.com.mx\/index.php?rest_route=\/wp\/v2\/media\/29100"}],"wp:attachment":[{"href":"https:\/\/indicadorpolitico.com.mx\/index.php?rest_route=%2Fwp%2Fv2%2Fmedia&parent=29099"}],"wp:term":[{"taxonomy":"category","embeddable":true,"href":"https:\/\/indicadorpolitico.com.mx\/index.php?rest_route=%2Fwp%2Fv2%2Fcategories&post=29099"},{"taxonomy":"post_tag","embeddable":true,"href":"https:\/\/indicadorpolitico.com.mx\/index.php?rest_route=%2Fwp%2Fv2%2Ftags&post=29099"}],"curies":[{"name":"wp","href":"https:\/\/api.w.org\/{rel}","templated":true}]}}