{"id":30519,"date":"2023-10-22T18:03:38","date_gmt":"2023-10-23T00:03:38","guid":{"rendered":"https:\/\/indicadorpolitico.com.mx\/?p=30519"},"modified":"2023-10-22T17:46:35","modified_gmt":"2023-10-22T23:46:35","slug":"matar-la-paz","status":"publish","type":"post","link":"https:\/\/indicadorpolitico.com.mx\/?p=30519","title":{"rendered":"Matar la paz"},"content":{"rendered":"<p>En toda guerra, la construcci\u00f3n del relato forma parte de lo que, si se repite muchas veces, termina siendo verdad, aunque en realidad haya sido una mentira. Por ejemplo, se ha dicho como un mantra que seis millones de jud\u00edos fueron asesinados por el gobierno Nazi de Adolph Hitler, aunque otras versiones hablan de un mill\u00f3n.<\/p>\n<p>Con ello no quiero decir que un mill\u00f3n de vidas sean menos valiosas que las de seis millones, toda vida es valios\u00edsima y preciada, y los valores institucionales, constitucionales y los c\u00f3digos, leyes y tratados internacionales deber\u00edan blindarla como protecci\u00f3n fundamental. Todos tenemos derecho a vivir, a ser libres para decidir nuestro destino y estar considerados dentro de garant\u00edas indivisibles a la vida misma como comer, tener un sitio donde vivir y hacerlo en un entorno en paz.<\/p>\n<p>Mientras escribo estas l\u00edneas, mi hija duerme pl\u00e1cidamente. Su mayor preocupaci\u00f3n pasa por aprobar el examen de matem\u00e1ticas, ella no tiene que sufrir porque le falta techo, protecci\u00f3n, amor, comida o seguridad\u2026 duerme pl\u00e1cidamente; no hay bombas cayendo, ni ataques a\u00e9reos, puede estudiar y planear su futuro.<\/p>\n<p>Cuando se vive o sobrevive en un entorno de conflicto permanente, las personas solo pueden planear su corto plazo, sobrevivir y adaptarse al medio es su mayor preocupaci\u00f3n.<\/p>\n<p>Dice la ONU que, tras la Segunda Guerra Mundial, hemos vivido cerca de mil conflictos; por supuesto, unos m\u00e1s tensos que otros, m\u00e1s largos que otros, m\u00e1s mort\u00edferos que otros pero siempre terminan confrontando los intereses estrat\u00e9gicos de las potencias imperantes de nuestro tiempo: durante la Guerra Fr\u00eda la tensi\u00f3n entre Estados Unidos y la Uni\u00f3n Sovi\u00e9tica y en la \u00e9poca actual, que es digamos, otra Guerra Fr\u00eda 2.0, tambi\u00e9n recalan los intereses de Estados Unidos, Rusia y ahora China aunque el abanico puede abrirse m\u00e1s para incluir a Ir\u00e1n,\u00a0 Turqu\u00eda e India.<\/p>\n<p>Hemos tenido una paz ba\u00f1ada en sangre desde 1945 a la fecha y no pocas veces se nos ha cortado el aliento por el temor de una confrontaci\u00f3n nuclear entre Estados Unidos y Rusia. El maldito bot\u00f3n nuclear que tambi\u00e9n poseen otros pa\u00edses como Corea del Norte o el propio Israel.<\/p>\n<p>Hace unos d\u00edas hablaba con una colega espa\u00f1ola, Isabel G\u00f3mez Fuentes, sobre los actuales acontecimientos entre Israel y la Franja de Gaza y alguna de las dos lleg\u00f3 a comentar que, a diferencia de las generaciones pasadas, sobre todo la de nuestros abuelos y dem\u00e1s ancestros, nuestros padres y nosotras mismas hemos gozado de una paz que nos ha permitido prosperar. \u00a0Eso s\u00ed, una paz detenida con alfileres.<\/p>\n<p>Esos alfileres que van saltando por los aires y nos ponen a pensar si, esa ni\u00f1a que duerme en su cama sin mayor sobresalto, terminar\u00e1 atrapada junto con su generaci\u00f3n en las fauces de una nueva gran guerra global. La temida Tercera Guerra Mundial.<\/p>\n<p><strong>\u00a0<\/strong><\/p>\n<p><strong>A COLACI\u00d3N<\/strong><\/p>\n<p>Yo en lo personal he intentado deconstruir las palabras del presidente Biden, tras retornar a la Casa Blanca de su viaje de siete horas a Tel Aviv, en la parte en la que mencion\u00f3 el punto de inflexi\u00f3n en la Historia en la que seg\u00fan \u00e9l nos encontramos; y tambi\u00e9n cuando ubica a Ham\u00e1s y a la Rusia de Putin en el mismo nivel de amenaza.<\/p>\n<p>Durante la Guerra Fr\u00eda, los dos bandos imperantes defendieron dos modelos ideol\u00f3gicos distintos de sociedad, de pol\u00edtica, de gobierno, de hacer econom\u00eda: el capitalismo y el socialismo\/comunismo.<\/p>\n<p>Se volvi\u00f3 casi casi una batalla entre el bien y el mal. Y el capitalismo norteamericano termin\u00f3 venciendo, sin embargo, \u00a0ese binomio capitalismo y democracia no se extendi\u00f3 de forma global. La econom\u00eda de mercado ha demostrado que puede ser compatible con un gobierno comunista.<\/p>\n<p>El propio presidente chino, Xi Jinping, propuso incluir en la Constituci\u00f3n la esencia comunista del gigante asi\u00e1tico y est\u00e1 recogida tal cual como parte del pensamiento de Jinping. All\u00ed le fall\u00f3 a Washington su paradigma de capitalismo y democracia.<\/p>\n<p>Hoy tenemos tantos problemas en ciernes: no solo el cambio clim\u00e1tico,\u00a0 llevamos por lo menos tres quinquenios acusando un retroceso democr\u00e1tico hasta en pa\u00edses tradicionalmente cunas de la democracia. El asalto al Capitolio retrata, por ejemplo, la involuci\u00f3n que hasta Estados Unidos est\u00e1 enfrentando y ya no digamos Espa\u00f1a o bien otras naciones.<\/p>\n<p>Por eso es que Biden muy h\u00e1bilmente en su discurso ante su naci\u00f3n (que no es m\u00e1s que un mensaje para el mundo) ha puesto sobre de la mesa lo que para \u00e9l es el quid actual: una lucha entre el pensamiento democr\u00e1tico contra el fundamentalismo retr\u00f3grada y las dictaduras imperantes.<\/p>\n<p>Para Biden, la invasi\u00f3n de Ucrania, los ataques terroristas de Ham\u00e1s y la Yihad Palestina contra Israel y las maniobras soterradas de Ir\u00e1n, Corea del Norte y de China no son otra cosa m\u00e1s que enemigos luchando por destruir la democracia occidental a favor de su autocracia.<\/p>\n<p>Estos actores externos pretenden crear todo tipo de interferencias a fin de inocular un des\u00e1nimo entre los electores hacia sus instituciones en aras de incrementar la polarizaci\u00f3n y \u00a0el ostracismo. Entre m\u00e1s aumenta el abstencionismo m\u00e1s vulnerable es una democracia.<\/p>\n<p>Las guerras actuales, desde la \u00f3ptica de Biden, subsumen a los seres humanos a confrontar estos conflictos y eso por supuesto, debe importarnos mucho a todos, porque parece inevitable otra gran confrontaci\u00f3n global que en definitiva terminar\u00e1 matando la poca paz que nos queda.<\/p>\n<p><strong>@claudialunapale<\/strong><\/p>\n","protected":false},"excerpt":{"rendered":"<p>En toda guerra, la construcci\u00f3n del relato forma parte de lo que, si se repite muchas veces, termina siendo verdad, aunque en realidad haya sido una mentira. Por ejemplo, se ha dicho como un mantra que seis millones de jud\u00edos fueron asesinados por el gobierno Nazi de Adolph Hitler, aunque otras versiones hablan de un [&hellip;]<\/p>\n","protected":false},"author":8,"featured_media":914,"comment_status":"closed","ping_status":"closed","sticky":false,"template":"","format":"standard","meta":{"footnotes":""},"categories":[23],"tags":[932,1762,1702],"class_list":["post-30519","post","type-post","status-publish","format-standard","has-post-thumbnail","hentry","category-articulistas","tag-guerra","tag-hamas","tag-israel"],"_links":{"self":[{"href":"https:\/\/indicadorpolitico.com.mx\/index.php?rest_route=\/wp\/v2\/posts\/30519","targetHints":{"allow":["GET"]}}],"collection":[{"href":"https:\/\/indicadorpolitico.com.mx\/index.php?rest_route=\/wp\/v2\/posts"}],"about":[{"href":"https:\/\/indicadorpolitico.com.mx\/index.php?rest_route=\/wp\/v2\/types\/post"}],"author":[{"embeddable":true,"href":"https:\/\/indicadorpolitico.com.mx\/index.php?rest_route=\/wp\/v2\/users\/8"}],"replies":[{"embeddable":true,"href":"https:\/\/indicadorpolitico.com.mx\/index.php?rest_route=%2Fwp%2Fv2%2Fcomments&post=30519"}],"version-history":[{"count":0,"href":"https:\/\/indicadorpolitico.com.mx\/index.php?rest_route=\/wp\/v2\/posts\/30519\/revisions"}],"wp:featuredmedia":[{"embeddable":true,"href":"https:\/\/indicadorpolitico.com.mx\/index.php?rest_route=\/wp\/v2\/media\/914"}],"wp:attachment":[{"href":"https:\/\/indicadorpolitico.com.mx\/index.php?rest_route=%2Fwp%2Fv2%2Fmedia&parent=30519"}],"wp:term":[{"taxonomy":"category","embeddable":true,"href":"https:\/\/indicadorpolitico.com.mx\/index.php?rest_route=%2Fwp%2Fv2%2Fcategories&post=30519"},{"taxonomy":"post_tag","embeddable":true,"href":"https:\/\/indicadorpolitico.com.mx\/index.php?rest_route=%2Fwp%2Fv2%2Ftags&post=30519"}],"curies":[{"name":"wp","href":"https:\/\/api.w.org\/{rel}","templated":true}]}}