{"id":30639,"date":"2023-10-27T06:38:34","date_gmt":"2023-10-27T12:38:34","guid":{"rendered":"https:\/\/indicadorpolitico.com.mx\/?p=30639"},"modified":"2023-10-27T06:38:34","modified_gmt":"2023-10-27T12:38:34","slug":"principales-articulistas-y-columnistas-en-temas-de-seguridad-y-defensa-ceeps-142","status":"publish","type":"post","link":"https:\/\/indicadorpolitico.com.mx\/?p=30639","title":{"rendered":"Principales articulistas y columnistas en temas de seguridad y defensa (CEEPS)"},"content":{"rendered":"<p><strong>Viernes 27 de octubre de 2023.<\/strong><\/p>\n<p><strong>Elaboraci\u00f3n: Centro de Estudios Econ\u00f3micos, Pol\u00edticos y de Seguridad, Presidente y director general: Mtro. Carlos Ram\u00edrez Hern\u00e1ndez.<\/strong><\/p>\n<p><span style=\"font-weight: 400;\">Resumen de primeras planas\u00a0\u00a0<\/span><\/p>\n<p><a href=\"https:\/\/indicadorpolitico.com.mx\/?p=30638\"><span style=\"font-weight: 400;\">Primeras Planas Nacionales 27 de octubre de 2023<\/span><\/a><span style=\"font-weight: 400;\">\u00a0<\/span><\/p>\n<p><a href=\"https:\/\/indicadorpolitico.com.mx\/?p=30640\"><span style=\"font-weight: 400;\">Primeras Planas Internacionales 27 de octubre de 2023<\/span><\/a><\/p>\n<p>&nbsp;<\/p>\n<p><span style=\"font-weight: 400;\">Principales articulistas y columnistas en temas de seguridad y defensa<\/span><\/p>\n<p><a href=\"https:\/\/elindependiente.mx\/indicador-politico\/2023\/10\/27\/huelga-no-paro-sindical-en-poder-judicial-violan-contrato-laboral\/\"><span style=\"font-weight: 400;\">Huelga, no paro sindical, en poder judicial; violan contrato laboral<\/span><\/a><span style=\"font-weight: 400;\"> \u2014 El Independiente<\/span><\/p>\n<p><a href=\"https:\/\/elindependiente.mx\/geopolitica\/2023\/10\/27\/ortega-nunca-fue-revolucionario-baltodano-segunda-parte\/\"><span style=\"font-weight: 400;\">Ortega \u201cnunca fue revolucionario\u201d: Baltodano (segunda parte)<\/span><\/a><span style=\"font-weight: 400;\"> \u2014 El Independiente<\/span><\/p>\n<p><a href=\"https:\/\/elindependiente.mx\/geopolitica\/2023\/10\/27\/el-encuentro-de-palenque-y-la-crisis-migratoria\/\"><span style=\"font-weight: 400;\">El encuentro de Palenque y la crisis migratoria del sur hacia el norte<\/span><\/a><span style=\"font-weight: 400;\"> \u2014 El Independiente<\/span><\/p>\n<p><a href=\"https:\/\/elindependiente.mx\/opinion\/2023\/10\/27\/que-modelo-de-mundo\/\"><span style=\"font-weight: 400;\">Qu\u00e9 modelo de mundo\u00a0<\/span><\/a><span style=\"font-weight: 400;\"> \u2014 El Independiente<\/span><\/p>\n<p><a href=\"https:\/\/elindependiente.mx\/seguridad-y-defensa\/2023\/10\/27\/sinaloa-sonora-y-baja-california-es-donde-mas-jovenes-consumen-fentanilo-centros-de-integracion-juvenil\/\"><span style=\"font-weight: 400;\">Sinaloa, Sonora y Baja California es donde m\u00e1s j\u00f3venes consumen fentanilo: Centros de Integraci\u00f3n Juvenil<\/span><\/a><span style=\"font-weight: 400;\"> \u2014 El Independiente<\/span><\/p>\n<p><a href=\"https:\/\/elindependiente.mx\/palacio-nacional-2024\/2023\/10\/27\/dos-mujeres-y-un-camino-hacia-el-2024-27-10-23\/\"><span style=\"font-weight: 400;\">Dos mujeres y un camino hacia el 2024<\/span><\/a><span style=\"font-weight: 400;\"> \u2014 El Independiente<\/span><\/p>\n<p><a href=\"https:\/\/elindependiente.mx\/nacional\/2023\/10\/27\/sindicato-del-pjf-paraliza-imparticion-de-justicia\/\"><span style=\"font-weight: 400;\">Sindicato del PJF paraliza impartici\u00f3n de justicia<\/span><\/a><span style=\"font-weight: 400;\"> \u2014 El Independiente<\/span><\/p>\n<p><a href=\"https:\/\/elindependiente.mx\/opinion\/2023\/10\/27\/la-fiesta-privada-de-luis-donaldo\/\"><span style=\"font-weight: 400;\">La fiesta privada de Luis Donaldo<\/span><\/a><span style=\"font-weight: 400;\"> \u2014 El Independiente<\/span><\/p>\n<p><a href=\"https:\/\/elindependiente.mx\/opinion\/2023\/10\/27\/tragedias\/\"><span style=\"font-weight: 400;\">Tragedias<\/span><\/a><span style=\"font-weight: 400;\"> \u2014 El Independiente<\/span><\/p>\n<p><a href=\"https:\/\/elindependiente.mx\/opinion\/confidente-emeequis\/2023\/10\/27\/otis-el-desastre-evelyn-salgado-fantasmal\/\"><span style=\"font-weight: 400;\">Otis, el desastre, Evelyn Salgado, fantasmal<\/span><\/a><span style=\"font-weight: 400;\"> \u2014 El Independiente<\/span><\/p>\n<p><a href=\"https:\/\/elindependiente.mx\/opinion\/2023\/10\/26\/las-dudas-de-dante\/\"><span style=\"font-weight: 400;\">Las dudas de Dante<\/span><\/a><span style=\"font-weight: 400;\"> \u2014 El Independiente<\/span><\/p>\n<p><a href=\"https:\/\/elindependiente.mx\/opinion\/2023\/10\/27\/dos-derrotas\/\"><span style=\"font-weight: 400;\">Dos derrotas<\/span><\/a><span style=\"font-weight: 400;\"> \u2014 El Independiente<\/span><\/p>\n<p><a href=\"https:\/\/elindependiente.mx\/teoria-de-conspiracion\/2023\/10\/27\/teoria-de-la-conspiracion-27-octubre-2023\/\"><span style=\"font-weight: 400;\">Teor\u00eda de la Conspiraci\u00f3n<\/span><\/a><span style=\"font-weight: 400;\"> \u2014 El Independiente<\/span><\/p>\n<p><a href=\"https:\/\/www.infobae.com\/mexico\/2023\/10\/27\/como-los-chapitos-pasaron-de-ir-a-fiestas-con-el-mini-lic-a-ser-la-faccion-mas-poderosa-del-cartel-de-sinaloa\/\"><span style=\"font-weight: 400;\">C\u00f3mo Los Chapitos pasaron de ir a fiestas con el \u201cMini Lic\u201d a ser la facci\u00f3n m\u00e1s poderosa del C\u00e1rtel de Sinaloa<\/span><\/a><span style=\"font-weight: 400;\"> &#8211; Infobae<\/span><\/p>\n<p><a href=\"https:\/\/www.sdpnoticias.com\/estados\/cdmx\/omar-garcia-harfuch-reclama-a-julio-hernandez-astillero-por-divulgar-una-investigacion-de-anabel-hernandez\/\"><span style=\"font-weight: 400;\">Omar Garc\u00eda Harfuch reclama a Julio Hern\u00e1ndez Astillero por divulgar una investigaci\u00f3n de Anabel Hern\u00e1ndez<\/span><\/a><span style=\"font-weight: 400;\"> \/ SDPNoticias<\/span><\/p>\n<p><a href=\"https:\/\/www.sdpnoticias.com\/opinion\/cuento-ya-de-5-anos-ahora-si-amlo-sin-teflon-trampa-a-claudia-respetar-a-la-scjn\/\"><span style=\"font-weight: 400;\">Cuento ya de 5 a\u00f1os: \u201cAhora s\u00ed, AMLO sin tefl\u00f3n\u201d. Trampa a Claudia, respetar a la SCJN<\/span><\/a><span style=\"font-weight: 400;\"> \/ SDPNoticias<\/span><\/p>\n<p><a href=\"https:\/\/www.eluniversal.com.mx\/estados\/falta-de-comunicacion-y-protocolos-fallas-ante-otis\/\"><span style=\"font-weight: 400;\">Falta de comunicaci\u00f3n y protocolos, fallas ante \u201cOtis\u201d<\/span><\/a><span style=\"font-weight: 400;\"> | El Universal<\/span><\/p>\n<p><a href=\"https:\/\/www.eluniversal.com.mx\/opinion\/luis-herrera-lasso\/israel-y-la-ilusion-de-la-seguridad\/\"><span style=\"font-weight: 400;\">Israel y la ilusi\u00f3n de la seguridad<\/span><\/a><span style=\"font-weight: 400;\"> | El Universal<\/span><\/p>\n<p><a href=\"https:\/\/www.eluniversal.com.mx\/opinion\/alberto-capella\/cuando-la-justicia-es-la-enemiga-a-vencer\/\"><span style=\"font-weight: 400;\">Cuando la justicia es la enemiga a vencer<\/span><\/a><span style=\"font-weight: 400;\"> | El Universal<\/span><\/p>\n<p><a href=\"https:\/\/www.eluniversal.com.mx\/opinion\/manuel-j-clouthier\/la-universidad-autonoma-de-sinaloa\/\"><span style=\"font-weight: 400;\">La Universidad Aut\u00f3noma de Sinaloa<\/span><\/a><span style=\"font-weight: 400;\"> | El Universal<\/span><\/p>\n<p><a href=\"https:\/\/www.eluniversal.com.mx\/opinion\/marcela-gomez-zalce\/otis-y-los-vacios\/\"><span style=\"font-weight: 400;\">\u201cOtis\u201d y los vac\u00edos<\/span><\/a><span style=\"font-weight: 400;\"> | El Universal<\/span><\/p>\n<p><a href=\"https:\/\/www.eluniversal.com.mx\/opinion\/eunice-rendon\/de-la-securitizacion-a-la-vecindad-fraterna\/\"><span style=\"font-weight: 400;\">\u00bfDe la securitizaci\u00f3n a la vecindad fraterna?<\/span><\/a><span style=\"font-weight: 400;\"> \/ El Universal<\/span><\/p>\n<p><a href=\"https:\/\/www.reforma.com\/abren-con-gobernador-interino-nuevo-pleito-en-nl\/ar2700480?v=2\"><span style=\"font-weight: 400;\">Abren con Gobernador Interino nuevo pleito en NL<\/span><\/a><span style=\"font-weight: 400;\"> \/ Reforma<\/span><\/p>\n<p><a href=\"https:\/\/www.reforma.com\/priva-desorden-en-acapulco-por-otis-y-crecen-saqueos\/ar2700475?v=3\"><span style=\"font-weight: 400;\">Priva desorden en Acapulco por &#8216;Otis&#8217; y crecen saqueos<\/span><\/a><span style=\"font-weight: 400;\"> \/ Reforma<\/span><\/p>\n<p><a href=\"https:\/\/www.milenio.com\/opinion\/carlos-puig\/duda-razonable\/la-tragedia-se-suma-al-desastre\"><span style=\"font-weight: 400;\">La tragedia se suma al desastre<\/span><\/a><span style=\"font-weight: 400;\"> &#8211; Milenio<\/span><\/p>\n<p><a href=\"https:\/\/www.milenio.com\/opinion\/hector-aguilar-camin\/dia-con-dia\/acapulco-la-responsabilidad-y-el-ridiculo\"><span style=\"font-weight: 400;\">Acapulco: la responsabilidad y el rid\u00edculo<\/span><\/a><span style=\"font-weight: 400;\"> &#8211; Milenio<\/span><\/p>\n<p><a href=\"https:\/\/www.milenio.com\/opinion\/carlos-marin\/el-asalto-la-razon\/inutil-presidencial-viaje-de-pesadilla\"><span style=\"font-weight: 400;\">In\u00fatil presidencial viaje de pesadilla<\/span><\/a><span style=\"font-weight: 400;\"> &#8211; Milenio<\/span><\/p>\n<p><a href=\"https:\/\/www.milenio.com\/politica\/joaquin-guzman-hijo-chapo-creia-inteligente-mini-lic\"><span style=\"font-weight: 400;\">Joaqu\u00edn Guzm\u00e1n, hijo de El Chapo que se cre\u00eda inteligente: Mini-Lic<\/span><\/a><span style=\"font-weight: 400;\"> &#8211; Milenio<\/span><\/p>\n<p><a href=\"https:\/\/www.milenio.com\/policia\/mini-lic-damaso-lopez-serrano-revela-secretos-narco-chapitos\"><span style=\"font-weight: 400;\">Mini Lic revela secretos sobre el narco y &#8216;Los Chapitos&#8217;<\/span><\/a><span style=\"font-weight: 400;\"> &#8211; Milenio<\/span><\/p>\n<p><a href=\"https:\/\/www.milenio.com\/politica\/ovidio-el-raton-guzman-agil-negocios-mini-lic\"><span style=\"font-weight: 400;\">Ovidio- El-Rat\u00f3n&#8217; Guzm\u00e1n, el m\u00e1s \u00e1gil en los negocios: Mini-Lic<\/span><\/a><span style=\"font-weight: 400;\"> &#8211; Milenio <\/span><a href=\"https:\/\/www.jornada.com.mx\/2023\/10\/27\/opinion\/026a2pol\"><span style=\"font-weight: 400;\">Sent\u00e9monos, es tiempo de pensar<\/span><\/a><span style=\"font-weight: 400;\"> \/ La Jornada<\/span><\/p>\n<p><span style=\"font-weight: 400;\">\u00a0<\/span><a href=\"https:\/\/www.jornada.com.mx\/2023\/10\/27\/opinion\/026a1pol\"><span style=\"font-weight: 400;\">El sionismo socialista y la cuesti\u00f3n palestina<\/span><\/a><span style=\"font-weight: 400;\"> \/ La Jornada<\/span><\/p>\n<p><a href=\"https:\/\/www.jornada.com.mx\/2023\/10\/27\/opinion\/020o1pol\"><span style=\"font-weight: 400;\">Astillero: Ebrardismo<\/span><\/a><span style=\"font-weight: 400;\"> \/La Jornada<\/span><\/p>\n<p><a href=\"https:\/\/www.jornada.com.mx\/2023\/10\/27\/politica\/014n1pol\"><span style=\"font-weight: 400;\">Bono de riesgo, prestaci\u00f3n porque nuestra vida est\u00e1 en peligro: magistrado<\/span><\/a><span style=\"font-weight: 400;\"> \/ La Jornada<\/span><\/p>\n<p><a href=\"https:\/\/www.jornada.com.mx\/2023\/10\/27\/economia\/028n2eco\"><span style=\"font-weight: 400;\">Presupuesto en beneficio de las mayor\u00edas es un mandato pol\u00edtico: SHCP<\/span><\/a><span style=\"font-weight: 400;\"> \/ La Jornada<\/span><\/p>\n<p><a href=\"https:\/\/www.excelsior.com.mx\/opinion\/miguel-angel-godinez-garcia\/la-seguridad-del-presidente\/1616353\"><span style=\"font-weight: 400;\">La seguridad del Presidente<\/span><\/a><span style=\"font-weight: 400;\"> Miguel \u00c1ngel God\u00ednez Garc\u00eda &#8211; Exc\u00e9lsior<\/span><\/p>\n<p><a href=\"https:\/\/www.excelsior.com.mx\/opinion\/jorge-fernandez-menendez\/las-lecciones-de-otis\/1616344\"><span style=\"font-weight: 400;\">Las lecciones de Otis<\/span><\/a><span style=\"font-weight: 400;\"> Jorge Fern\u00e1ndez Men\u00e9ndez- Exc\u00e9lsior<\/span><\/p>\n<p><a href=\"https:\/\/www.eleconomista.com.mx\/opinion\/La-crisis-de-los-misiles-version-Oriente-Medio-20231026-0160.html\"><span style=\"font-weight: 400;\">La crisis de los misiles versi\u00f3n Oriente Medio<\/span><\/a><span style=\"font-weight: 400;\"> \/ El Economista<\/span><\/p>\n<p><a href=\"https:\/\/www.cronica.com.mx\/opinion\/ineptitud-peor-huracan.html\"><span style=\"font-weight: 400;\">Cuando la ineptitud es peor que el hurac\u00e1n<\/span><\/a><span style=\"font-weight: 400;\"> \/ Cr\u00f3nica<\/span><\/p>\n<p><a href=\"https:\/\/www.elsoldemexico.com.mx\/mexico\/desprotegen-a-las-hijas-de-un-juez-asesinado-con-la-extincion-de-los-fideicomisos-del-pjf-10914381.html\"><span style=\"font-weight: 400;\">Desprotegen a las hijas de un juez asesinado; con la extinci\u00f3n de los fideicomisos del PJF<\/span><\/a><span style=\"font-weight: 400;\"> &#8211; El Sol de M\u00e9xico<\/span><\/p>\n<p><a href=\"https:\/\/www.24-horas.mx\/2023\/10\/27\/politizacion-judicial\/\"><span style=\"font-weight: 400;\">Politizaci\u00f3n judicial<\/span><\/a><span style=\"font-weight: 400;\"> &#8211; 24 Horas<\/span><\/p>\n<p><a href=\"https:\/\/heraldodemexico.com.mx\/opinion\/2023\/10\/27\/un-conflicto-intratable-550171.html\"><span style=\"font-weight: 400;\">Un conflicto intratable<\/span><\/a><span style=\"font-weight: 400;\"> | El Heraldo de M\u00e9xico<\/span><\/p>\n<p><a href=\"https:\/\/www.ejecentral.com.mx\/cuarto-poder-trama-rusa\/\"><span style=\"font-weight: 400;\">Trama rusa<\/span><\/a><span style=\"font-weight: 400;\"> \/ Eje Central<\/span><\/p>\n<p><a href=\"https:\/\/www.ejecentral.com.mx\/estrictamente-personal-una-foto-estilo-de-gobernar\/\"><span style=\"font-weight: 400;\">Una foto, estilo de gobernar<\/span><\/a><span style=\"font-weight: 400;\"> \/ Eje Central<\/span><\/p>\n<p><a href=\"https:\/\/www.ejecentral.com.mx\/van-350-policias-asesinados-en-lo-que-va-del-presente-ano\/\"><span style=\"font-weight: 400;\">Van 350 polic\u00edas asesinados en lo que va del presente a\u00f1o<\/span><\/a><span style=\"font-weight: 400;\"> \/ Eje Central<\/span><\/p>\n<p><a href=\"https:\/\/www.ejecentral.com.mx\/las-victimas-extranjeras-desde-el-ataque-de-hamas-en-israel\/\"><span style=\"font-weight: 400;\">Las v\u00edctimas extranjeras desde el ataque de Ham\u00e1s en Israel<\/span><\/a><span style=\"font-weight: 400;\"> \/ Eje Central<\/span><\/p>\n<p><a href=\"https:\/\/www.ejecentral.com.mx\/y-los-rehenes-mexicanos\/\"><span style=\"font-weight: 400;\">\u00bfY los rehenes mexicanos?<\/span><\/a><span style=\"font-weight: 400;\"> \/ Eje Central<\/span><\/p>\n<p><a href=\"https:\/\/www.ejecentral.com.mx\/poder-judicial-acierta-en-transparencia-falla-en-cercania-con-la-gente\/\"><span style=\"font-weight: 400;\">PJF acierta en transparencia; falla en cercan\u00eda con la gente<\/span><\/a><span style=\"font-weight: 400;\"> \/ Eje Central<\/span><\/p>\n<p><a href=\"https:\/\/www.ejecentral.com.mx\/rechaza-banco-serfinanza-informacion-de-inteligencia-militar\/\"><span style=\"font-weight: 400;\">Rechaza Banco Serfinanza informaci\u00f3n de inteligencia militar<\/span><\/a><span style=\"font-weight: 400;\"> \/ Eje Central<\/span><\/p>\n<p><a href=\"https:\/\/www.ejecentral.com.mx\/el-objetivo-desestabilizar-a-colombia\/\"><span style=\"font-weight: 400;\">El objetivo: desestabilizar a Colombia<\/span><\/a><span style=\"font-weight: 400;\"> \/ Eje Central<\/span><\/p>\n<p><a href=\"https:\/\/www.ejecentral.com.mx\/la-portada-tengo-experiencia-en-que-las-cosas-se-hagan-omar-garcia-harfuch\/\"><span style=\"font-weight: 400;\">La Portada | Tengo experiencia en que las cosas se hagan: Omar Garc\u00eda Harfuch<\/span><\/a><span style=\"font-weight: 400;\"> \/ Eje Central<\/span><\/p>\n<p><a href=\"https:\/\/www.sinembargo.mx\/27-10-2023\/4426220\"><span style=\"font-weight: 400;\">Debilitamiento de la institucionalidad y nueva captura del Estado<\/span><\/a><span style=\"font-weight: 400;\"> \u2013 Sin Embargo<\/span><\/p>\n<p><a href=\"https:\/\/www.sinembargo.mx\/26-10-2023\/4426013\"><span style=\"font-weight: 400;\">El se\u00f1or privilegios &#8211; L\u00edder sindical del Poder Judicial se ausenta por a\u00f1os al trabajo, y a\u00fan as\u00ed le pagan<\/span><\/a><span style=\"font-weight: 400;\"> \u2013 Sin Embargo<\/span><\/p>\n<p><a href=\"https:\/\/www.proceso.com.mx\/reportajes\/2023\/10\/26\/el-chapo-el-mayo-el-lic-pactaron-entregar-10-mdd-garcia-luna-asegura-el-mini-lic-317446.html\"><span style=\"font-weight: 400;\">El Chapo, El Mayo y El Lic pactaron entregar 10 mdd a Garc\u00eda Luna, asegura \u201cEl Mini Lic\u201d<\/span><\/a><span style=\"font-weight: 400;\"> &#8211; Proceso<\/span><\/p>\n<p><a href=\"https:\/\/www.proceso.com.mx\/reportajes\/2023\/10\/26\/los-chapitos-ordenaron-asesinar-al-periodista-javier-valdez-dice-el-mini-lic-video-317445.html\"><span style=\"font-weight: 400;\">Los Chapitos ordenaron asesinar al periodista Javier Valdez, dice \u00abEl Mini Lic\u00bb (Video)<\/span><\/a><span style=\"font-weight: 400;\"> &#8211; Proceso<\/span><\/p>\n<p><a href=\"https:\/\/www.proceso.com.mx\/nacional\/2023\/10\/26\/revelaciones-de-el-mini-lic-el-chapo-ordeno-apoyar-con-votos-pena-nieto-video-317431.html\"><span style=\"font-weight: 400;\">Revelaciones de \u201cEl Mini Lic\u201d: \u00abEl Chapo\u00bb orden\u00f3 apoyar con votos a Pe\u00f1a Nieto (Video)<\/span><\/a><span style=\"font-weight: 400;\"> &#8211; Proceso<\/span><\/p>\n<p>&nbsp;<\/p>\n<p><b>Principales secciones especializadas en asuntos internacionales y de seguridad nacional.<\/b><\/p>\n<p>&nbsp;<\/p>\n<p><a href=\"https:\/\/elindependiente.mx\/geopolitica\/2023\/10\/27\/mueren-50-rehenes-tras-bombardeos-en-medio-oriente\/\"><span style=\"font-weight: 400;\">Mueren 50 rehenes tras bombardeos en Medio Oriente<\/span><\/a><span style=\"font-weight: 400;\"> \u2014 El Independiente<\/span><\/p>\n<p><a href=\"https:\/\/elindependiente.mx\/geopolitica\/2023\/10\/27\/proclaman-a-maria-corina-machado-vencedora-en-venezuela\/\"><span style=\"font-weight: 400;\">Proclaman a Mar\u00eda Corina Machado vencedora en Venezuela<\/span><\/a><span style=\"font-weight: 400;\"> \u2014 El Independiente<\/span><\/p>\n<p><a href=\"https:\/\/www.eluniversal.com.mx\/mundo\/eu-ataca-dos-ubicaciones-en-siria-vinculadas-a-iran\/\"><span style=\"font-weight: 400;\">EU ataca dos ubicaciones en Siria vinculadas a Ir\u00e1n<\/span><\/a><span style=\"font-weight: 400;\"> | El Universal<\/span><\/p>\n<p><a href=\"https:\/\/www.eluniversal.com.mx\/mundo\/estados-unidos-a-la-caza-del-veterano-robert-card\/\"><span style=\"font-weight: 400;\">EU, a la caza del veterano Robert Card tras tiroteo en Lewiston<\/span><\/a><span style=\"font-weight: 400;\"> | El Universal<\/span><\/p>\n<p><a href=\"https:\/\/www.eluniversal.com.mx\/opinion\/carlos-heredia-zubieta\/migrantes-y-refugiados-discurso-vacio-y-desmantelamiento-institucional\/\"><span style=\"font-weight: 400;\">Migrantes y refugiados: discurso vac\u00edo y desmantelamiento institucional<\/span><\/a><span style=\"font-weight: 400;\"> | El Universal<\/span><\/p>\n<p><a href=\"https:\/\/www.eluniversal.com.mx\/opinion\/marco-rubio\/el-gigante-petrolero-de-mexico-corre-el-riesgo-de-recibir-sanciones-al-venderle-a-cuba\/\"><span style=\"font-weight: 400;\">El gigante petrolero de M\u00e9xico corre el riesgo de recibir sanciones al venderle a Cuba<\/span><\/a><span style=\"font-weight: 400;\"> | El Universal<\/span><\/p>\n<p><a href=\"https:\/\/www.jornada.com.mx\/2023\/10\/27\/mundo\/033n1mun\"><span style=\"font-weight: 400;\">Israel entra a Gaza en una maniobra de preparaci\u00f3n<\/span><\/a><span style=\"font-weight: 400;\"> \/ La Jornada<\/span><\/p>\n<p><a href=\"https:\/\/www.ejecentral.com.mx\/israel-se-alista-para-nueva-etapa-de-la-guerra\/\"><span style=\"font-weight: 400;\">Israel se alista para \u201cnueva etapa\u201d de la guerra<\/span><\/a><span style=\"font-weight: 400;\"> \/ Eje Central<\/span><\/p>\n<p><a href=\"https:\/\/www.ejecentral.com.mx\/eslovaquia-pone-freno-a-ayuda-para-ucrania\/\"><span style=\"font-weight: 400;\">Eslovaquia pone freno a ayuda para Ucrania<\/span><\/a><span style=\"font-weight: 400;\"> \/ Eje Central<\/span><\/p>\n<p>&nbsp;<\/p>\n<p><b>ESTADOS UNIDOS<\/b><\/p>\n<p><a href=\"https:\/\/www.whitehouse.gov\/briefing-room\/\"><span style=\"font-weight: 400;\">https:\/\/www.whitehouse.gov\/briefing-room\/<\/span><\/a><span style=\"font-weight: 400;\"> (declaraciones diarias del gobierno de Biden)<\/span><\/p>\n<p><a href=\"https:\/\/www.realclearpolitics.com\/epolls\/other\/president-biden-job-approval-7320.html\"><span style=\"font-weight: 400;\">https:\/\/www.realclearpolitics.com\/epolls\/other\/president-biden-job-approval-7320.html<\/span><\/a><span style=\"font-weight: 400;\"> (encuestas diarias de aprobaci\u00f3n\/desaprobaci\u00f3n de Biden)<\/span><\/p>\n<p><a href=\"https:\/\/www.realclearpolitics.com\/epolls\/other\/other\/FavorabilityRatingsPoliticalLeaders.html\"><span style=\"font-weight: 400;\">https:\/\/www.realclearpolitics.com\/epolls\/other\/other\/FavorabilityRatingsPoliticalLeaders.html<\/span><\/a><span style=\"font-weight: 400;\"> (Encuestas diarias de aprobaci\u00f3n\/desaprobaci\u00f3n de l\u00edderes de EU)<\/span><\/p>\n<p><a href=\"https:\/\/www.nytimes.com\/es\/\"><span style=\"font-weight: 400;\">https:\/\/www.nytimes.com\/es\/<\/span><\/a> <i><span style=\"font-weight: 400;\">New York Times<\/span><\/i><span style=\"font-weight: 400;\"> en espa\u00f1ol.<\/span><\/p>\n<p><a href=\"https:\/\/www.washingtonpost.com\/es\/post-opinion\/\"><span style=\"font-weight: 400;\">https:\/\/www.washingtonpost.com\/es\/post-opinion\/<\/span><\/a> <i><span style=\"font-weight: 400;\">Washington Post<\/span><\/i><span style=\"font-weight: 400;\"> en espa\u00f1ol.<\/span><\/p>\n<p><a href=\"http:\/\/nypost.com\"><span style=\"font-weight: 400;\">http:\/\/nypost.com<\/span><\/a><span style=\"font-weight: 400;\">\u00a0 <\/span><i><span style=\"font-weight: 400;\">New York Post<\/span><\/i><span style=\"font-weight: 400;\">.<\/span><\/p>\n<p><a href=\"https:\/\/www.latimes.com\"><span style=\"font-weight: 400;\">https:\/\/www.latimes.com<\/span><\/a> <i><span style=\"font-weight: 400;\">Los Angeles Times<\/span><\/i><span style=\"font-weight: 400;\">.<\/span><\/p>\n<p><a href=\"https:\/\/www.realclearpolitics.com\"><span style=\"font-weight: 400;\">https:\/\/www.realclearpolitics.com<\/span><\/a><span style=\"font-weight: 400;\"> Portal Real Clear Politics.<\/span><\/p>\n<p><a href=\"https:\/\/www.theguardian.com\/world\/series\/the-guardian-in-spanish\"><span style=\"font-weight: 400;\">https:\/\/www.theguardian.com\/world\/series\/the-guardian-in-spanish<\/span><\/a><\/p>\n<p><a href=\"https:\/\/la-lista.com\"><span style=\"font-weight: 400;\">https:\/\/la-lista.com<\/span><\/a><span style=\"font-weight: 400;\">\u00a0 (<\/span><i><span style=\"font-weight: 400;\">The Guardian<\/span><\/i><span style=\"font-weight: 400;\"> M\u00e9xico<\/span><\/p>\n<p><a href=\"https:\/\/www.homelandsecuritynewswire.com\"><span style=\"font-weight: 400;\">https:\/\/www.homelandsecuritynewswire.com<\/span><\/a><span style=\"font-weight: 400;\"> (Noticias diarias de seguridad nacional de EU)<\/span><\/p>\n<p><span style=\"font-weight: 400;\">\u00a0<\/span><\/p>\n<p><span style=\"font-weight: 400;\">Indicador Pol\u00edtico TV\u00a0<\/span><\/p>\n<ol>\n<li style=\"font-weight: 400;\" aria-level=\"1\"><a href=\"https:\/\/www.youtube.com\/channel\/UCeo4Avv2y-LZPkIyX4Tu5dg\"><span style=\"font-weight: 400;\">La agenda de La Crisis<\/span><\/a><span style=\"font-weight: 400;\">\u00a0<\/span><\/li>\n<\/ol>\n<p><span style=\"font-weight: 400;\">\u00a0\u00a0\u00a0\u00a0<\/span><\/p>\n<p><span style=\"font-weight: 400;\">Documentos Relevantes en temas de Seguridad y Defensa\u00a0<\/span><\/p>\n<p>&nbsp;<\/p>\n<ol>\n<li style=\"font-weight: 400;\" aria-level=\"1\"><a href=\"https:\/\/s3.amazonaws.com\/document.issuu.com\/210914051221-f1dddec58d95dfde88d51314091ec5e5\/original.file?AWSAccessKeyId=AKIATDDRE5J7SJVYNEH6&amp;Expires=1631615273&amp;Signature=uouAtlEVbu58ZXLtwthlUxC7SqU%3D\"><span style=\"font-weight: 400;\">La doctrina de Washington: \u201cs\u00f3lo importamos nosotros\u201d<\/span><\/a><span style=\"font-weight: 400;\">, dice Chomsky, David Brooks, Perfil<\/span><\/li>\n<li style=\"font-weight: 400;\" aria-level=\"1\"><a href=\"https:\/\/puedjs.unam.mx\/encuestas\/\"><span style=\"font-weight: 400;\">Encuesta Nacional de Culturas Pol\u00edticas y Democracia 2021<\/span><\/a><span style=\"font-weight: 400;\">, M\u00e9xico<\/span><\/li>\n<li style=\"font-weight: 400;\" aria-level=\"1\"><a href=\"https:\/\/www.homelandsecuritynewswire.com\/\"><span style=\"font-weight: 400;\">Homeland Security News Wire<\/span><\/a><span style=\"font-weight: 400;\">, Estados Unidos<\/span><\/li>\n<li style=\"font-weight: 400;\" aria-level=\"1\"><a href=\"https:\/\/www.inegi.org.mx\/contenidos\/saladeprensa\/boletines\/2021\/ensu\/ensu2021_07.pdf\"><span style=\"font-weight: 400;\">Encuesta nacional de seguridad p\u00fablica urbana (junio 2021)<\/span><\/a><span style=\"font-weight: 400;\">, INEGI, M\u00e9xico<\/span><\/li>\n<li style=\"font-weight: 400;\" aria-level=\"1\"><a href=\"https:\/\/www.whitehouse.gov\/wp-content\/uploads\/2021\/03\/NSC-1v2.pdf\"><span style=\"font-weight: 400;\">Orientaci\u00f3n Estrat\u00e9gica Provisional de Seguridad Nacional de los Estados Unidos<\/span><\/a><span style=\"font-weight: 400;\">, Gobierno de los Estados Unidos, 2021<\/span><\/li>\n<li style=\"font-weight: 400;\" aria-level=\"1\"><a href=\"https:\/\/seguridadydefensa.mx\/dossier\/documento-estrategia\/el-estado-y-el-mar-relaciones-con-el-poder-maritimo-el-poder-naval-y-el-desarrollo-nacional\/\"><span style=\"font-weight: 400;\">El Estado y el Mar: relaciones con el Poder Mar\u00edtimo, el Poder Naval y el desarrollo nacional<\/span><\/a><span style=\"font-weight: 400;\">, Colombia, 2017<\/span><\/li>\n<li style=\"font-weight: 400;\" aria-level=\"1\"><a href=\"https:\/\/r3d.mx\/wp-content\/uploads\/TRANSPARENCIA-Y-VIGILANCIA-2019.pdf\"><span style=\"font-weight: 400;\">Transparencia y vigilancia en M\u00e9xico<\/span><\/a><span style=\"font-weight: 400;\">, R3D M\u00e9xico, 2019<\/span><\/li>\n<\/ol>\n<p>&nbsp;<\/p>\n<p><span style=\"font-weight: 400;\">Principales centros de investigaci\u00f3n de seguridad nacional en M\u00e9xico, Estados Unidos, Europa y Am\u00e9rica Latina.\u00a0<\/span><\/p>\n<p>&nbsp;<\/p>\n<ol>\n<li style=\"font-weight: 400;\" aria-level=\"1\"><a href=\"https:\/\/indicadorpolitico.com.mx\/\"><span style=\"font-weight: 400;\">Indicador Pol\u00edtico<\/span><\/a><span style=\"font-weight: 400;\">, M\u00e9xico<\/span><\/li>\n<li style=\"font-weight: 400;\" aria-level=\"1\"><a href=\"https:\/\/www.unodc.org\/mexicoandcentralamerica\/es\/index.html\"><span style=\"font-weight: 400;\">Oficina de las Naciones Unidas Contra la Droga y el Delito en M\u00e9xico<\/span><\/a><\/li>\n<li style=\"font-weight: 400;\" aria-level=\"1\"><a href=\"https:\/\/www.gob.mx\/sedena\/es\/articulos\/instituto-mexicano-de-estudios-estrategicos-en-seguridad-y-defensa-nacionales-imeesdn?idiom=es\"><span style=\"font-weight: 400;\">Instituto Mexicano de Estudios Estrat\u00e9gicos en Seguridad y Defensa Nacionales<\/span><\/a><span style=\"font-weight: 400;\">, M\u00e9xico<\/span><\/li>\n<li style=\"font-weight: 400;\" aria-level=\"1\"><a href=\"https:\/\/cesnav.uninav.edu.mx\/cesnav\/index_inicio.html\"><span style=\"font-weight: 400;\">Centro de Estudios Superiores Navales<\/span><\/a><span style=\"font-weight: 400;\">, M\u00e9xico<\/span><\/li>\n<li style=\"font-weight: 400;\" aria-level=\"1\"><a href=\"https:\/\/onc.org.mx\/\"><span style=\"font-weight: 400;\">Observatorio Nacional Ciudadano<\/span><\/a><span style=\"font-weight: 400;\">, M\u00e9xico<\/span><\/li>\n<li style=\"font-weight: 400;\" aria-level=\"1\"><a href=\"https:\/\/www.politicas.unam.mx\/cri\/\"><span style=\"font-weight: 400;\">Centro de Relaciones Internacionales<\/span><\/a><span style=\"font-weight: 400;\"> FCPyS-UNAM, M\u00e9xico<\/span><\/li>\n<li style=\"font-weight: 400;\" aria-level=\"1\"><a href=\"https:\/\/www.iis.unam.mx\/\"><span style=\"font-weight: 400;\">Instituto de Investigaciones Sociales<\/span><\/a><span style=\"font-weight: 400;\"> UNAM, M\u00e9xico<\/span><\/li>\n<li style=\"font-weight: 400;\" aria-level=\"1\"><a href=\"https:\/\/www.juridicas.unam.mx\/\"><span style=\"font-weight: 400;\">Instituto de Investigaciones Jur\u00eddicas<\/span><\/a><span style=\"font-weight: 400;\"> UNAM, M\u00e9xico<\/span><\/li>\n<li style=\"font-weight: 400;\" aria-level=\"1\"><a href=\"https:\/\/r3d.mx\/\"><span style=\"font-weight: 400;\">Red en Defensa de los Derechos Digitales<\/span><\/a><span style=\"font-weight: 400;\"> (R3D), M\u00e9xico<\/span><\/li>\n<li style=\"font-weight: 400;\" aria-level=\"1\"><a href=\"https:\/\/www.politicas.unam.mx\/cep\/\"><span style=\"font-weight: 400;\">Centro de Estudios Pol\u00edticos<\/span><\/a><span style=\"font-weight: 400;\"> FCPyS-UNAM, M\u00e9xico<\/span><\/li>\n<li style=\"font-weight: 400;\" aria-level=\"1\"><a href=\"http:\/\/cesede.funglode.org\/\"><span style=\"font-weight: 400;\">Centro de Estudios de Seguridad y Defensa<\/span><\/a><span style=\"font-weight: 400;\">, Rep\u00fablica Dominicana<\/span><\/li>\n<li style=\"font-weight: 400;\" aria-level=\"1\"><a href=\"https:\/\/editorial.iaen.edu.ec\/universidad\/centros-academicos\/centro-de-seguridad-y-defensa\/\"><span style=\"font-weight: 400;\">Centro De Seguridad y Defensa<\/span><\/a><span style=\"font-weight: 400;\">, Ecuador<\/span><\/li>\n<li style=\"font-weight: 400;\" aria-level=\"1\"><a href=\"http:\/\/www.escuelanaval.mil.ar\/\"><span style=\"font-weight: 400;\">Escuela Naval Militar<\/span><\/a><span style=\"font-weight: 400;\">, Argentina<\/span><\/li>\n<li style=\"font-weight: 400;\" aria-level=\"1\"><a href=\"https:\/\/esdegue.edu.co\/es\/centro-de-estudios-estrategicos-sobre-seguridad-y-defensa-nacionales-csedn\"><span style=\"font-weight: 400;\">Centro de Estudios Estrat\u00e9gicos sobre Seguridad y Defensa Nacionales<\/span><\/a><span style=\"font-weight: 400;\">, Colombia<\/span><\/li>\n<li style=\"font-weight: 400;\" aria-level=\"1\"><a href=\"https:\/\/nsri.nebraska.edu\/\"><span style=\"font-weight: 400;\">National Strategic Research Institute<\/span><\/a><span style=\"font-weight: 400;\">, University of Nebraska, Estados Unidos<\/span><\/li>\n<li style=\"font-weight: 400;\" aria-level=\"1\"><a href=\"https:\/\/www.rand.org\/\"><span style=\"font-weight: 400;\">RAND Corporation<\/span><\/a><span style=\"font-weight: 400;\">, California, Estados Unidos<\/span><\/li>\n<li style=\"font-weight: 400;\" aria-level=\"1\"><a href=\"https:\/\/www.homelandsecuritynewswire.com\/\"><span style=\"font-weight: 400;\">Homeland Security News Wire<\/span><\/a><span style=\"font-weight: 400;\">, Estados Unidos<\/span><\/li>\n<li style=\"font-weight: 400;\" aria-level=\"1\"><a href=\"https:\/\/www.csis.org\/\"><span style=\"font-weight: 400;\">Center for Strategic and International Studies<\/span><\/a><span style=\"font-weight: 400;\">, Estados Unidos<\/span><\/li>\n<li style=\"font-weight: 400;\" aria-level=\"1\"><a href=\"https:\/\/www.usna.edu\/homepage.php\"><span style=\"font-weight: 400;\">U.S. Naval Academy<\/span><\/a><span style=\"font-weight: 400;\">, Estados Unidos<\/span><\/li>\n<li style=\"font-weight: 400;\" aria-level=\"1\"><a href=\"https:\/\/usnwc.edu\/Academics-and-Programs\/Programs-Offered\"><span style=\"font-weight: 400;\">Naval War College<\/span><\/a><span style=\"font-weight: 400;\">, Estados Unidos\u00a0<\/span><\/li>\n<li style=\"font-weight: 400;\" aria-level=\"1\"><a href=\"https:\/\/www.ifri.org\/en\"><span style=\"font-weight: 400;\">l\u2019Institut Fran\u00e7ais des Relations Internationales<\/span><\/a><span style=\"font-weight: 400;\">, Francia<\/span><\/li>\n<li style=\"font-weight: 400;\" aria-level=\"1\"><a href=\"https:\/\/www.intelciseg.org\/\"><span style=\"font-weight: 400;\">Comunidad de Inteligencia y Seguridad Global<\/span><\/a><span style=\"font-weight: 400;\">, Espa\u00f1a<\/span><\/li>\n<li style=\"font-weight: 400;\" aria-level=\"1\"><a href=\"http:\/\/www.ieee.es\/\"><span style=\"font-weight: 400;\">Instituto Espa\u00f1ol de Estudios Estrat\u00e9gicos<\/span><\/a><span style=\"font-weight: 400;\">, Espa\u00f1a<\/span><\/li>\n<li style=\"font-weight: 400;\" aria-level=\"1\"><a href=\"https:\/\/www.defensa.gob.es\/ceseden\/ceseden\/index.html\"><span style=\"font-weight: 400;\">Centro Superior de Estudios de la Defensa Nacional<\/span><\/a><span style=\"font-weight: 400;\">, Espa\u00f1a<\/span><\/li>\n<li style=\"font-weight: 400;\" aria-level=\"1\"><a href=\"https:\/\/www.iss.europa.eu\/topics\/security-and-defence\"><span style=\"font-weight: 400;\">European Union Institute for Security Studies<\/span><\/a><span style=\"font-weight: 400;\">, Europa<\/span><\/li>\n<li style=\"font-weight: 400;\" aria-level=\"1\"><a href=\"https:\/\/www.iiss.org\/\"><span style=\"font-weight: 400;\">International Institute for Strategic Studies<\/span><\/a><span style=\"font-weight: 400;\">, Reino Unido<\/span><\/li>\n<li style=\"font-weight: 400;\" aria-level=\"1\"><a href=\"https:\/\/www.kcl.ac.uk\/security-studies\"><span style=\"font-weight: 400;\">King\u2019s College, School of Security Studies<\/span><\/a><span style=\"font-weight: 400;\">,\u00a0 Reino Unido<\/span><\/li>\n<li style=\"font-weight: 400;\" aria-level=\"1\"><a href=\"https:\/\/www.cidob.org\/\"><span style=\"font-weight: 400;\">Barcelona Centre for International Affairs<\/span><\/a><span style=\"font-weight: 400;\">, Espa\u00f1a<\/span><\/li>\n<li style=\"font-weight: 400;\" aria-level=\"1\"><a href=\"https:\/\/www.foreignaffairs.com\/\"><span style=\"font-weight: 400;\">Foregion Affairs<\/span><\/a><span style=\"font-weight: 400;\">, Estados Unidos<\/span><\/li>\n<li style=\"font-weight: 400;\" aria-level=\"1\"><a href=\"https:\/\/www.stratfor.com\/\"><span style=\"font-weight: 400;\">Stratfor<\/span><\/a><span style=\"font-weight: 400;\">, Estados Unidos<\/span><\/li>\n<\/ol>\n","protected":false},"excerpt":{"rendered":"<p>Viernes 27 de octubre de 2023. Elaboraci\u00f3n: Centro de Estudios Econ\u00f3micos, Pol\u00edticos y de Seguridad, Presidente y director general: Mtro. Carlos Ram\u00edrez Hern\u00e1ndez. Resumen de primeras planas\u00a0\u00a0 Primeras Planas Nacionales 27 de octubre de 2023\u00a0 Primeras Planas Internacionales 27 de octubre de 2023 &nbsp; Principales articulistas y columnistas en temas de seguridad y defensa Huelga, [&hellip;]<\/p>\n","protected":false},"author":39,"featured_media":26037,"comment_status":"closed","ping_status":"closed","sticky":false,"template":"","format":"standard","meta":{"footnotes":""},"categories":[22],"tags":[167,108,802,360,43],"class_list":["post-30639","post","type-post","status-publish","format-standard","has-post-thumbnail","hentry","category-noticias","tag-analisis","tag-defensa","tag-informacion","tag-periodismo","tag-seguridad"],"_links":{"self":[{"href":"https:\/\/indicadorpolitico.com.mx\/index.php?rest_route=\/wp\/v2\/posts\/30639","targetHints":{"allow":["GET"]}}],"collection":[{"href":"https:\/\/indicadorpolitico.com.mx\/index.php?rest_route=\/wp\/v2\/posts"}],"about":[{"href":"https:\/\/indicadorpolitico.com.mx\/index.php?rest_route=\/wp\/v2\/types\/post"}],"author":[{"embeddable":true,"href":"https:\/\/indicadorpolitico.com.mx\/index.php?rest_route=\/wp\/v2\/users\/39"}],"replies":[{"embeddable":true,"href":"https:\/\/indicadorpolitico.com.mx\/index.php?rest_route=%2Fwp%2Fv2%2Fcomments&post=30639"}],"version-history":[{"count":0,"href":"https:\/\/indicadorpolitico.com.mx\/index.php?rest_route=\/wp\/v2\/posts\/30639\/revisions"}],"wp:featuredmedia":[{"embeddable":true,"href":"https:\/\/indicadorpolitico.com.mx\/index.php?rest_route=\/wp\/v2\/media\/26037"}],"wp:attachment":[{"href":"https:\/\/indicadorpolitico.com.mx\/index.php?rest_route=%2Fwp%2Fv2%2Fmedia&parent=30639"}],"wp:term":[{"taxonomy":"category","embeddable":true,"href":"https:\/\/indicadorpolitico.com.mx\/index.php?rest_route=%2Fwp%2Fv2%2Fcategories&post=30639"},{"taxonomy":"post_tag","embeddable":true,"href":"https:\/\/indicadorpolitico.com.mx\/index.php?rest_route=%2Fwp%2Fv2%2Ftags&post=30639"}],"curies":[{"name":"wp","href":"https:\/\/api.w.org\/{rel}","templated":true}]}}