{"id":30881,"date":"2023-11-13T06:00:48","date_gmt":"2023-11-13T12:00:48","guid":{"rendered":"https:\/\/indicadorpolitico.com.mx\/?p=30881"},"modified":"2023-11-12T15:33:50","modified_gmt":"2023-11-12T21:33:50","slug":"sin-unidad-haria-agua-la-transformacion","status":"publish","type":"post","link":"https:\/\/indicadorpolitico.com.mx\/?p=30881","title":{"rendered":"Sin unidad har\u00eda agua la transformaci\u00f3n\u2026"},"content":{"rendered":"<p style=\"font-weight: 400;\">La virtual candidata presidencial Claudia Sheinbaum Pardo lo tiene claro: \u2018Si hay divisi\u00f3n, no ser\u00e1 posible que siga la transformaci\u00f3n del pa\u00eds.\u2019<\/p>\n<p style=\"font-weight: 400;\">Palabras m\u00e1s, palabras menos, se lo dijo a la militancia con la cual se reuni\u00f3 el jueves en la Arena M\u00e9xico, donde estuvieron tambi\u00e9n las personas aspirantes de Morena a gobernar la capital mexicana.\u00a0<em>\u201c\u00bfUnidad o divisi\u00f3n?\u201d<\/em>, pregunt\u00f3 en ese sentido.<\/p>\n<p style=\"font-weight: 400;\">Y miren que para Morena es vital la unidad interna y la unidad respecto de sus aliados: Los partidos del Trabajo (PT) y Verde Ecologista de M\u00e9xico (PVEM). La ciudadan\u00eda identifica a los tres como parte del \u2018movimiento\u2019 denominado de transformaci\u00f3n encabezado por el Presidente de la Rep\u00fablica, Andr\u00e9s Manuel L\u00f3pez Obrador.<\/p>\n<p style=\"font-weight: 400;\">Unidad no solamente en relaci\u00f3n a la selecci\u00f3n de la candidatura a la jefatura de gobierno de la Ciudad de M\u00e9xico, sino tambi\u00e9n de las candidaturas a las gubernaturas de Chiapas, Guanajuato, Morelos, Puebla, Tabasco, Yucat\u00e1n, Veracruz y Jalisco; as\u00ed como en torno a las postulaciones a senadur\u00edas, diputaciones federales y locales, alcald\u00edas y presidencias municipales. A todos los cargos populares a elegirse en el 2024.<\/p>\n<p style=\"font-weight: 400;\">Incluso, la misma Sheinbaum ha de estar resintiendo la falta de unidad un\u00e1nime en torno suyo tras su designaci\u00f3n como coordinadora nacional para la defensa de la transformaci\u00f3n, que es la candidatura presidencial anticipada. Aun con todos los honores internos, pesa que Marcelo Ebrad no se haya sumado hasta el momento, siendo inciertos los efectos electorales si no lo hace.<\/p>\n<p style=\"font-weight: 400;\">Morena podr\u00e1 tener estructura electoral, dinero y la maquinaria oficial completa, pero sin unidad, todo puede reducirse a muy poco o a la nada pol\u00edtica. Ya ven lo ocurrido en la elecci\u00f3n a la gubernatura de Coahuila, donde el morenista Armando Guadiana Tinajera perdi\u00f3 frente a Manolo Jim\u00e9nez Salinas de la coalici\u00f3n PRI-PAN-PRD; le afect\u00f3 la salida de Ricardo Mej\u00eda Berdeja quien se fue como candidato del PT.<\/p>\n<p style=\"font-weight: 400;\">Ah\u00ed lo cach\u00f3 un aliado de Morena que al final dej\u00f3 sin respaldo al abanderado. \u00bfQu\u00e9 pasar\u00e1 cuando el que cancha es la oposici\u00f3n representada por los partidos pol\u00edticos unidos por ahora en el Frente Amplio por M\u00e9xico (PAN-PRI-PRD), o por Movimiento Ciudadano?<\/p>\n<p style=\"font-weight: 400;\">Eso se ver\u00e1 en las elecciones del pr\u00f3ximo a\u00f1o en los casos donde se produzca divisi\u00f3n de morenistas o de \u00e9stos en relaci\u00f3n a petistas o verdes, como resultado de los procesos de selecci\u00f3n de candidaturas, ya sea anticipados o en tiempo real.<\/p>\n<p style=\"font-weight: 400;\">Y ya hay una de la primera especie: La producida en Morelos con la renuncia a Morena de la senadora Luc\u00eda Meza Guzm\u00e1n, qui\u00e9n acus\u00f3 haber sido excluida de la encuesta porque el gobernador de Morelos, Cuauht\u00e9moc Blanco (que no es morenista), \u201ctiene secuestrado\u201d al partido guinda y pretende imponer sucesor para que solape su corrupci\u00f3n. Y se fue con el Frente Amplio por M\u00e9xico, que le ofreci\u00f3 la candidatura al gobierno morelense.<\/p>\n<p style=\"font-weight: 400;\">Y falta ver el comportamiento de la militancia morenista y de partidos aliados con el resultado de la selecci\u00f3n de la precandidatura a la gubernatura de esa entidad, a conocerse este viernes junto con el resultado para el abanderamiento de las otras ocho entidades.<\/p>\n<p style=\"font-weight: 400;\">En fin, que cachando \u2018heridos\u2019 de Morena y aliados, la virtual coalici\u00f3n PAN-PRI-PRD puede ganar espacios, siempre y cuando los desprendimientos de la \u2018Cuarta Transformaci\u00f3n\u201d tengan realmente base pol\u00edtico-social y seguidores. Porque hay casos que ganaron en el 2018 gracias al efecto AMLO y a la marca Morena, no por s\u00ed mismos; para estos casos tambi\u00e9n ser\u00e1 la hora de la verdad.<\/p>\n<p style=\"font-weight: 400;\">Quiz\u00e1 el Frente calcula obtener espacios populares y votos cachando desprendimientos de la \u201c4-T\u201d. Y si fuese una estrategia, entonces har\u00e1 candidatos y candidatas a quienes no resulten favorecidos en las encuestas encabezadas por el partido guinda tanto a cargos federales como locales.<\/p>\n<p style=\"font-weight: 400;\">De ah\u00ed se desprende la necesaria unidad interna. Si no, el denominado movimiento de transformaci\u00f3n corre el riesgo de hacer agua.<\/p>\n<p style=\"font-weight: 400;\"><strong>\u00a0<\/strong><strong>RESULTADOS<\/strong><\/p>\n<p style=\"font-weight: 400;\">Por lo pronto, Morena, junto con sus aliados (PT y PVEM), este viernes dieron a conocer los resultados de las encuestas respecto de los perfiles m\u00e1s posicionados para coordinar la defensa de la transformaci\u00f3n en las nueve entidades federativas donde en el 2024 habr\u00e1 renovaci\u00f3n del Ejecutivo estatal; cargo pol\u00edtico previo a la candidatura respectiva.<\/p>\n<p style=\"font-weight: 400;\">Y en redes sociales, el dirigente nacional morenista presumi\u00f3 el primer resultado:<\/p>\n<p style=\"font-weight: 400;\"><em>\u201cComo ning\u00fan otro partido pol\u00edtico lo hace, de manera transparente, presentamos los primeros resultados de las encuestas para conocer a los perfiles mejor posicionados en el estado de\u00a0#Yucat\u00e1n. Los mejor evaluados son:\u00a0<\/em><\/p>\n<p style=\"font-weight: 400;\"><em>Hombre:\u00a0\u00a0<a href=\"https:\/\/twitter.com\/huachodiazmena\" data-saferedirecturl=\"https:\/\/www.google.com\/url?q=https:\/\/twitter.com\/huachodiazmena&amp;source=gmail&amp;ust=1699907599713000&amp;usg=AOvVaw2ix5L49C-BhAyivtq0G7s2\">@huachodiazmena<\/a><\/em><\/p>\n<p style=\"font-weight: 400;\"><em>Mujer:\u00a0<a href=\"https:\/\/twitter.com\/veronicacamino\" data-saferedirecturl=\"https:\/\/www.google.com\/url?q=https:\/\/twitter.com\/veronicacamino&amp;source=gmail&amp;ust=1699907599713000&amp;usg=AOvVaw3X-ksq7G27p6FZsCOFegOM\">@veronicacamino<\/a>\u00a0As\u00ed como \u00e9ste, daremos a conocer los resultados de las encuestas por cada uno de los 9 estados y, al final, se definir\u00e1 qui\u00e9nes ser\u00e1n nuestras compa\u00f1eras y compa\u00f1eros que encabecen la defensa de nuestro movimiento en cada entidad.\u201d<\/em><\/p>\n<p style=\"font-weight: 400;\">***<\/p>\n<p style=\"font-weight: 400;\"><a href=\"mailto:rosyrama@hotmail.com\">rosyrama@hotmail.com<\/a><\/p>\n","protected":false},"excerpt":{"rendered":"<p>La virtual candidata presidencial Claudia Sheinbaum Pardo lo tiene claro: \u2018Si hay divisi\u00f3n, no ser\u00e1 posible que siga la transformaci\u00f3n del pa\u00eds.\u2019 Palabras m\u00e1s, palabras menos, se lo dijo a la militancia con la cual se reuni\u00f3 el jueves en la Arena M\u00e9xico, donde estuvieron tambi\u00e9n las personas aspirantes de Morena a gobernar la capital [&hellip;]<\/p>\n","protected":false},"author":15,"featured_media":436,"comment_status":"closed","ping_status":"closed","sticky":false,"template":"","format":"standard","meta":{"footnotes":""},"categories":[23],"tags":[1091,112,1314],"class_list":["post-30881","post","type-post","status-publish","format-standard","has-post-thumbnail","hentry","category-articulistas","tag-claudia-sheinbaum-pardo","tag-morena","tag-transformacion"],"_links":{"self":[{"href":"https:\/\/indicadorpolitico.com.mx\/index.php?rest_route=\/wp\/v2\/posts\/30881","targetHints":{"allow":["GET"]}}],"collection":[{"href":"https:\/\/indicadorpolitico.com.mx\/index.php?rest_route=\/wp\/v2\/posts"}],"about":[{"href":"https:\/\/indicadorpolitico.com.mx\/index.php?rest_route=\/wp\/v2\/types\/post"}],"author":[{"embeddable":true,"href":"https:\/\/indicadorpolitico.com.mx\/index.php?rest_route=\/wp\/v2\/users\/15"}],"replies":[{"embeddable":true,"href":"https:\/\/indicadorpolitico.com.mx\/index.php?rest_route=%2Fwp%2Fv2%2Fcomments&post=30881"}],"version-history":[{"count":0,"href":"https:\/\/indicadorpolitico.com.mx\/index.php?rest_route=\/wp\/v2\/posts\/30881\/revisions"}],"wp:featuredmedia":[{"embeddable":true,"href":"https:\/\/indicadorpolitico.com.mx\/index.php?rest_route=\/wp\/v2\/media\/436"}],"wp:attachment":[{"href":"https:\/\/indicadorpolitico.com.mx\/index.php?rest_route=%2Fwp%2Fv2%2Fmedia&parent=30881"}],"wp:term":[{"taxonomy":"category","embeddable":true,"href":"https:\/\/indicadorpolitico.com.mx\/index.php?rest_route=%2Fwp%2Fv2%2Fcategories&post=30881"},{"taxonomy":"post_tag","embeddable":true,"href":"https:\/\/indicadorpolitico.com.mx\/index.php?rest_route=%2Fwp%2Fv2%2Ftags&post=30881"}],"curies":[{"name":"wp","href":"https:\/\/api.w.org\/{rel}","templated":true}]}}