{"id":30937,"date":"2023-11-15T19:50:25","date_gmt":"2023-11-16T01:50:25","guid":{"rendered":"https:\/\/indicadorpolitico.com.mx\/?p=30937"},"modified":"2023-11-15T18:58:38","modified_gmt":"2023-11-16T00:58:38","slug":"ldc-camacho-no-tiene-remedio-ebrard-tampoco","status":"publish","type":"post","link":"https:\/\/indicadorpolitico.com.mx\/?p=30937","title":{"rendered":"LDC: \u201cCamacho no tiene remedio\u201d; Ebrard, tampoco"},"content":{"rendered":"<p>Aunque hab\u00eda <strong>aceptado<\/strong> algunos de los razonamientos de Manuel Camacho Sol\u00eds para iniciar un acercamiento colaborativo, Luis Donaldo Colosio lleg\u00f3 con sus colaboradores para resumirles la reuni\u00f3n <strong>privada<\/strong> entre los dos en casa del pol\u00edtico oaxaque\u00f1o Luis Mart\u00ednez Fern\u00e1ndez del Campo el 16 de marzo de 1994:<\/p>\n<p>&#8211;Camacho <strong>no<\/strong> tiene remedio \u2013revel\u00f3 el columnista Federico Arreola, entonces confidente del candidato.<\/p>\n<p>Pero a pesar del tono <strong>arrogante<\/strong> de Camacho en su planteamiento de escenarios pol\u00edticos, Colosio dej\u00f3 <strong>abierta<\/strong> la puerta para iniciar conversaciones formales de colaboraci\u00f3n; el 22 de marzo Camacho <strong>declin\u00f3<\/strong> cualquier posibilidad de candidatura y acept\u00f3 la <strong>inevitabilidad<\/strong> de la candidatura de Colosio; y el candidato sonorense, en un <strong>lenguaje<\/strong> no rebuscado, dej\u00f3 entrever que hab\u00edan llegado a un <strong>pacto<\/strong> pol\u00edtico: la Secretar\u00eda de Gobernaci\u00f3n del gabinete colosista para iniciar la <strong>reforma<\/strong> democr\u00e1tica que Salinas de Gortari le hab\u00eda negado a Camacho.<\/p>\n<p>Horas despu\u00e9s de la <strong>aceptaci\u00f3n<\/strong> de las candidaturas de Claudia Sheinbaum Pardo y de anunciar su <strong>permanencia<\/strong> en Morena, Marcelo Ebrard Casaub\u00f3n se <strong><em>acamach\u00f3<\/em><\/strong>: en la conferencia de prensa postergada varias veces como mecanismo de <strong>presi\u00f3n<\/strong> hacia la candidata de Morena, Ebrard anunci\u00f3 su <strong>tribu<\/strong> morenista y se <strong>adelant\u00f3<\/strong> siete a\u00f1os a la sucesi\u00f3n presidencial del 2030 que de modo natural le corresponde a la presidenta en turno, dejando entrever que <strong>utilizar\u00e1<\/strong> su presencia en Morena para <strong>quitarle<\/strong> a Claudia Sheinbaum, perfilada como ganadora presidencial, la facultad pol\u00edtica de designar el m\u00e9todo sucesorio y el nombre del sucesor, y <strong>autoponerse<\/strong> como candidato morenista adelantado.<\/p>\n<p>Ebrard demostr\u00f3, varios a\u00f1os despu\u00e9s, que <strong>no<\/strong> tiene remedio: una cosa es la existencia de mecanismos pol\u00edticos para la <strong>redistribuci\u00f3n<\/strong> del poder en el partido gobernante y otra la exhibici\u00f3n del <strong>estilo<\/strong> pol\u00edtico de Ebrard de pactar una cosa en la que cede cuestiones torales, pero luego <strong>desmentirse<\/strong> y dar a conocer que seguir\u00e1 por el <strong>mismo<\/strong> camino que el supuesto pacto habr\u00eda limitado.<\/p>\n<p>Los <strong>comportamientos<\/strong> de Ebrard al mediod\u00eda del lunes 13 encendieron las alarmas en el bloque pol\u00edtico de L\u00f3pez Obrador y en Morena y el martes 14 la respuesta fue contundente: <strong>no<\/strong> hay tribus en el partido, le respondi\u00f3 Sheinbaum; y el asesor pol\u00edtico lopezobradorista Epigmenio Ibarra fue directo: \u201cas\u00ed no, Marcelo\u201d. Pero el mensaje m\u00e1s claro, que Ebrard debi\u00f3 haber entendido a\u00fan en la <strong>obnubilaci\u00f3n<\/strong> de su propia inteligencia, fue preciso: al adelantar su agenda <strong>tribal<\/strong> para usar a Morena como trampol\u00edn para que \u00e9l y su grupo construyan <strong>su<\/strong> candidatura presidencial en 2030, el excanciller fue demasiado <strong>ingenuo<\/strong> y oblig\u00f3 a la propia candidata y al presidente del partido a comenzar a <strong>disminuir<\/strong> la concesi\u00f3n de posiciones de poder en el legislativo para los ebrardistas.<\/p>\n<p>En efecto, Ebrard <strong>no<\/strong> tiene remedio, s\u00f3lo que con la circunstancia agravante de que L\u00f3pez Obrador <strong>no<\/strong> es Salinas ni Sheinbaum es Colosio; Camacho supo a aprovechar y ahondar el enfriamiento de relaciones en grado de <strong>ruptura<\/strong> entre Colosio y Salinas y meti\u00f3 la <strong>cu\u00f1a<\/strong> de una posici\u00f3n clave para una reforma pol\u00edtica que Salinas hab\u00eda bloqueado como presidente y que se hab\u00eda encargado de insistirle a Colosio que <strong>no<\/strong> era conveniente en funci\u00f3n del fracaso de la transici\u00f3n econ\u00f3mico-pol\u00edtica de la Uni\u00f3n Sovi\u00e9tica de Gorbachov.<\/p>\n<p>Como Camacho en 1994, a Ebrard le est\u00e1n <strong>ganando<\/strong> las ganas de ejercer el poder y cometi\u00f3 un error estrat\u00e9gico en <strong>adelantar<\/strong> su objetivo de no trabajar para L\u00f3pez Obrador, ni para Sheinbaum, ni para el proyecto lopezobradorista el pr\u00f3ximo sexenio, sino para <strong>s\u00ed<\/strong> mismo: exigi\u00f3 posiciones de poder que van a servirle de manera <strong>exclusiva<\/strong> a su proyecto de anunciar que le quitar\u00e1 en 2029 el poder a Sheinbaum para que el ebrardismo <strong>tenga<\/strong> la candidatura presidencial de Morena.<\/p>\n<p>Si la <strong>agenda<\/strong> pol\u00edtica de Morena el lunes debi\u00f3 haber sido el acuerdo pol\u00edtico con Ebrard y sus seguidores, ahora L\u00f3pez Obrador, Sheinbaum y Morena ya tienen claro que Ebrard ser\u00e1 una <strong>tachuela<\/strong> en el proyecto lopezobradorista. En este contexto habr\u00e1 que entender los primeros indicios de <strong>reducirle<\/strong> las posiciones de poder en el legislativo a los ebrardistas y la colocaci\u00f3n de <strong>candados<\/strong> pol\u00edticos para evitar que la tribu de Ebrard en Morena divida el voto en la pr\u00f3xima legislatura porque L\u00f3pez Obrador ya defini\u00f3 y adelant\u00f3 con claridad la b\u00fasqueda de la <strong>mayor\u00eda<\/strong> calificada para un conjunto de reformas pol\u00edticas con las que no est\u00e1 de acuerdo Ebrard porque romper\u00edan, en el sexenio 2030-2036 con su modelo de presidencialismo t\u00edpicamente priista.<\/p>\n<p>Como Camacho, Ebrard ser\u00e1 <strong>v\u00edctima<\/strong> de su propio estilo personal de ejercer la pol\u00edtica desde la <strong>arrogancia<\/strong> del poder.<\/p>\n<p>&nbsp;<\/p>\n<p>-0-<\/p>\n<p>&nbsp;<\/p>\n<p><strong>Pol\u00edtica para <em>dummies<\/em><\/strong>: la pol\u00edtica se juega en secreto, no en p\u00fablico.<\/p>\n<p>&nbsp;<\/p>\n<p><em>El contenido de esta columna es responsabilidad exclusiva del columnista y no del peri\u00f3dico que la publica.<\/em><\/p>\n<p><em>\u00a0<\/em><\/p>\n<p><a href=\"mailto:carlosramirezh@elindependiente.com.mx\"><em>carlosramirezh@elindependiente.com.mx<\/em><\/a><\/p>\n<p><a href=\"http:\/\/elindependiente.com.mx\"><em>http:\/\/elindependiente.com.mx<\/em><\/a><\/p>\n<p><em><u>\u00a0<\/u><\/em><\/p>\n<p><em>@carlosramirezh<\/em><\/p>\n<p>Canal YouTube: <a href=\"https:\/\/youtube.com\/@el_independiente\">https:\/\/youtube.com\/@el_independiente<\/a><\/p>\n","protected":false},"excerpt":{"rendered":"<p>Aunque hab\u00eda aceptado algunos de los razonamientos de Manuel Camacho Sol\u00eds para iniciar un acercamiento colaborativo, Luis Donaldo Colosio lleg\u00f3 con sus colaboradores para resumirles la reuni\u00f3n privada entre los dos en casa del pol\u00edtico oaxaque\u00f1o Luis Mart\u00ednez Fern\u00e1ndez del Campo el 16 de marzo de 1994: &#8211;Camacho no tiene remedio \u2013revel\u00f3 el columnista Federico [&hellip;]<\/p>\n","protected":false},"author":2,"featured_media":30943,"comment_status":"closed","ping_status":"closed","sticky":false,"template":"","format":"standard","meta":{"footnotes":""},"categories":[19],"tags":[1091,4162,1106,1342],"class_list":["post-30937","post","type-post","status-publish","format-standard","has-post-thumbnail","hentry","category-columna-indicador-politico","tag-claudia-sheinbaum-pardo","tag-ebrard","tag-luis-donaldo-colosio","tag-manuel-camacho-solis"],"_links":{"self":[{"href":"https:\/\/indicadorpolitico.com.mx\/index.php?rest_route=\/wp\/v2\/posts\/30937","targetHints":{"allow":["GET"]}}],"collection":[{"href":"https:\/\/indicadorpolitico.com.mx\/index.php?rest_route=\/wp\/v2\/posts"}],"about":[{"href":"https:\/\/indicadorpolitico.com.mx\/index.php?rest_route=\/wp\/v2\/types\/post"}],"author":[{"embeddable":true,"href":"https:\/\/indicadorpolitico.com.mx\/index.php?rest_route=\/wp\/v2\/users\/2"}],"replies":[{"embeddable":true,"href":"https:\/\/indicadorpolitico.com.mx\/index.php?rest_route=%2Fwp%2Fv2%2Fcomments&post=30937"}],"version-history":[{"count":0,"href":"https:\/\/indicadorpolitico.com.mx\/index.php?rest_route=\/wp\/v2\/posts\/30937\/revisions"}],"wp:featuredmedia":[{"embeddable":true,"href":"https:\/\/indicadorpolitico.com.mx\/index.php?rest_route=\/wp\/v2\/media\/30943"}],"wp:attachment":[{"href":"https:\/\/indicadorpolitico.com.mx\/index.php?rest_route=%2Fwp%2Fv2%2Fmedia&parent=30937"}],"wp:term":[{"taxonomy":"category","embeddable":true,"href":"https:\/\/indicadorpolitico.com.mx\/index.php?rest_route=%2Fwp%2Fv2%2Fcategories&post=30937"},{"taxonomy":"post_tag","embeddable":true,"href":"https:\/\/indicadorpolitico.com.mx\/index.php?rest_route=%2Fwp%2Fv2%2Ftags&post=30937"}],"curies":[{"name":"wp","href":"https:\/\/api.w.org\/{rel}","templated":true}]}}