{"id":3209,"date":"2021-02-14T12:31:01","date_gmt":"2021-02-14T18:31:01","guid":{"rendered":"https:\/\/indicadorpolitico.com.mx\/?p=3209"},"modified":"2021-02-14T12:31:01","modified_gmt":"2021-02-14T18:31:01","slug":"trump-quien-eres-realdonaldtrump","status":"publish","type":"post","link":"https:\/\/indicadorpolitico.com.mx\/?p=3209","title":{"rendered":"Trump, \u00bfQui\u00e9n eres&#8230; @realDonaldTrump?"},"content":{"rendered":"<p>Aunque puse la red social del Presidente Trump (@POTUS), en realidad todas sus redes est\u00e1n cerradas, pero qu\u00e9 \u00bfpasa con el hasta hoy Presidente de los Estados Unidos de Am\u00e9rica, el pa\u00eds m\u00e1s poderoso del mundo, el pa\u00eds mas democr\u00e1tico del mundo?&#8230;.<\/p>\n<p>Me preguntan algunas personas, que si en realidad Donald Trump fue el hacedor del asalto al Capitolio, invite a una de las personas con acceso a Chad Wolf (@DHS_wolf), Secretario interino de Seguridad Nacional (Department of Homeland Security), para preguntarle y me platic\u00f3 esto, \u201cmira Fernando, s\u00f3lo te puedo comentar que Chad(@DHS_Wolf) renunci\u00f3, porque nuestro Presidente @POTUS tuvo contacto con algunos miembros relacionados con el movimiento que ocasionaron sus seguidores en el Capitolio y el no quiere que lo involucren \u201d.<\/p>\n<p>Entonces, si Chad (@DHS_Wolf) no tuvo ninguna intervenci\u00f3n en el asalto al Capitolio \u00bfpor qu\u00e9 renunci\u00f3 tu jefe?, porque no pod\u00eda proteger a la Naci\u00f3n, de sus propios ciudadanos qu\u00e9 quieren ocasionar, caos, terrorismo, movimientos violentos y todas las agencias de seguridad Americanas est\u00e1n consientes de eso\u2026<\/p>\n<p>Por ah\u00ed anda un memor\u00e1ndum \u00a0interno donde habr\u00edan predicho de todos estos problemas, -continua dici\u00e9ndome- no entiendo c\u00f3mo es posible que los hayan dejado pasar, si sab\u00edan que podr\u00edan suceder todos estos horrores, no entiendo c\u00f3mo dejaron que murieran ciudadanos americanos protectores de la ley en el Capitolio, si podr\u00edan haber detenido esto, est\u00e1n dejando que los pol\u00edticos dicten las reglas de seguridad interna, antes de detener a este movimiento violento liderado por el mayor empleado del gobierno, que no merece ser llamado ciudadano americano.<\/p>\n<p>Solo te digo algo, a nuestro Presidente el se\u00f1or Donald Trump (@POTUS), actualmente no existe ninguna posibilidad de qu\u00e9 pierda o tenga alg\u00fan problema o lo encarcelen por un juicio pol\u00edtico, esto lo est\u00e1 haciendo porque es su forma de manifestarse en contra de las elecciones -porque perdi\u00f3 y no lo acepta-.<\/p>\n<p>Te comento, sin embargo por otro lado, todo esto es un teatro, que ha sido manejado por los pol\u00edticos que est\u00e1n en contra del Gobierno legitimo porque existen muchas agencias que podr\u00edan haber activado la alerta de seguridad para evitar este ataque y no lo hicieron, \u00bfporque?, -por el enojo que tienen contra Trump (@POTUS)- ,que adem\u00e1s tuvo una reuni\u00f3n previa, a todos estos lamentables sucesos, con sus abogados y asesores para analizar todas las posibilidades \u00a0y le dijeron que no habr\u00eda ning\u00fan problema para \u00e9l, que lo \u00fanico que ten\u00eda que hacer era desmentir todas las acusaciones y finalmente as\u00ed va a suceder, esc\u00fachame, aqu\u00ed no va a pasar nada, todo es un montaje, para medir la fuerza de Joe Biden @joeBiden.<\/p>\n<p>Lo que si estamos esperando es terrorismo, llevado a cabo por terroristas americanos, en suelo americano, entrenados por el ejercito americano y para da\u00f1ar infraestructura americana, eso si, \u00a1respetando a los ciudadanos americanos \u00a1.<\/p>\n<p>\u00bfy usted que opina?<\/p>\n<p>Saludos cordiales<\/p>\n<p>El autor es Master of Business Administration &amp; Master of Science in Education<\/p>\n<p>fugalde@outlook.com<\/p>\n","protected":false},"excerpt":{"rendered":"<p>Aunque puse la red social del Presidente Trump (@POTUS), en realidad todas sus redes est\u00e1n cerradas, pero qu\u00e9 \u00bfpasa con el hasta hoy Presidente de los Estados Unidos de Am\u00e9rica, el pa\u00eds m\u00e1s poderoso del mundo, el pa\u00eds mas democr\u00e1tico del mundo?&#8230;. Me preguntan algunas personas, que si en realidad Donald Trump fue el hacedor [&hellip;]<\/p>\n","protected":false},"author":45,"featured_media":2150,"comment_status":"closed","ping_status":"closed","sticky":false,"template":"","format":"standard","meta":{"footnotes":""},"categories":[23],"tags":[741,30,28,787],"class_list":["post-3209","post","type-post","status-publish","format-standard","has-post-thumbnail","hentry","category-articulistas","tag-capitolio","tag-donald-trump","tag-estados-unidos","tag-impeachment"],"_links":{"self":[{"href":"https:\/\/indicadorpolitico.com.mx\/index.php?rest_route=\/wp\/v2\/posts\/3209","targetHints":{"allow":["GET"]}}],"collection":[{"href":"https:\/\/indicadorpolitico.com.mx\/index.php?rest_route=\/wp\/v2\/posts"}],"about":[{"href":"https:\/\/indicadorpolitico.com.mx\/index.php?rest_route=\/wp\/v2\/types\/post"}],"author":[{"embeddable":true,"href":"https:\/\/indicadorpolitico.com.mx\/index.php?rest_route=\/wp\/v2\/users\/45"}],"replies":[{"embeddable":true,"href":"https:\/\/indicadorpolitico.com.mx\/index.php?rest_route=%2Fwp%2Fv2%2Fcomments&post=3209"}],"version-history":[{"count":0,"href":"https:\/\/indicadorpolitico.com.mx\/index.php?rest_route=\/wp\/v2\/posts\/3209\/revisions"}],"wp:featuredmedia":[{"embeddable":true,"href":"https:\/\/indicadorpolitico.com.mx\/index.php?rest_route=\/wp\/v2\/media\/2150"}],"wp:attachment":[{"href":"https:\/\/indicadorpolitico.com.mx\/index.php?rest_route=%2Fwp%2Fv2%2Fmedia&parent=3209"}],"wp:term":[{"taxonomy":"category","embeddable":true,"href":"https:\/\/indicadorpolitico.com.mx\/index.php?rest_route=%2Fwp%2Fv2%2Fcategories&post=3209"},{"taxonomy":"post_tag","embeddable":true,"href":"https:\/\/indicadorpolitico.com.mx\/index.php?rest_route=%2Fwp%2Fv2%2Ftags&post=3209"}],"curies":[{"name":"wp","href":"https:\/\/api.w.org\/{rel}","templated":true}]}}