{"id":32640,"date":"2024-03-11T06:39:54","date_gmt":"2024-03-11T12:39:54","guid":{"rendered":"https:\/\/indicadorpolitico.com.mx\/?p=32640"},"modified":"2024-03-11T06:40:40","modified_gmt":"2024-03-11T12:40:40","slug":"principales-articulistas-y-columnistas-en-temas-de-seguridad-y-defensa-ceeps-225","status":"publish","type":"post","link":"https:\/\/indicadorpolitico.com.mx\/?p=32640","title":{"rendered":"Principales articulistas y columnistas en temas de seguridad y defensa (CEEPS)"},"content":{"rendered":"<p><a href=\"http:\/\/seguridadydefensa.mx\">http:\/\/seguridadydefensa.mx<\/a>\u00a0\u00a0\u00a0\u00a0 <a href=\"mailto:seguridadydefensamx@gmail.com\">seguridadydefensamx@gmail.com<\/a><\/p>\n<h1><strong>Seguridad y Defensa<\/strong>\u00a0\u00a0\u00a0\u00a0\u00a0\u00a0\u00a0 \u00a011 de marzo 2024<\/h1>\n<h2><strong>Resumen de primeras planas\u00a0 <\/strong><\/h2>\n<p>&nbsp;<\/p>\n<ul>\n<li><a href=\"https:\/\/indicadorpolitico.com.mx\/?p=32638\">Primeras Planas Nacionales 11 de marzo de 2024<\/a><\/li>\n<\/ul>\n<p>&nbsp;<\/p>\n<ul>\n<li><a href=\"https:\/\/indicadorpolitico.com.mx\/?p=32636\">Primeras Planas Internacionales 11 de marzo de 2024<\/a><\/li>\n<\/ul>\n<p>&nbsp;<\/p>\n<h2><strong>Principales articulistas y columnistas en temas de seguridad y defensa<\/strong><\/h2>\n<p>&nbsp;<\/p>\n<p><a href=\"https:\/\/elindependiente.mx\/indicador-politico\/2024\/03\/11\/encinas-representa-a-los-43-en-el-equipo-de-sheinbaum\/\">Encinas representa a los 43 en el equipo de Sheinbaum<\/a> \u2014 El Independiente<\/p>\n<p><a href=\"https:\/\/elindependiente.mx\/seguridad-y-defensa\/2024\/03\/11\/llegan-a-nl-300-elementos-de-la-sedena-para-combatir-al-crimen\/\">Llegan a NL 300 elementos de la Sedena para combatir al crimen<\/a> \u2014 El Independiente<\/p>\n<p><a href=\"https:\/\/elindependiente.mx\/seguridad-y-defensa\/2024\/03\/11\/exigen-salida-del-secretario-de-seguridad-de-zacatecas-emeequis\/\">Exigen salida del Secretario de Seguridad de Zacatecas: EmeEquis<\/a> \u2014 El Independiente<\/p>\n<p><a href=\"https:\/\/elindependiente.mx\/seguridad-y-defensa\/2024\/03\/11\/liberan-agentes-retenidos-de-la-guardia-nacional-en-guerrero\/\">Liberan agentes retenidos de la Guardia Nacional en Guerrero<\/a> \u2014 El Independiente<\/p>\n<p><a href=\"https:\/\/elindependiente.mx\/seguridad-y-defensa\/2024\/03\/11\/escala-conflicto-de-ayotzinapos-a-nivel-estatal-y-federal\/\">Escala conflicto de Ayotzinapos a nivel estatal y federal<\/a> \u2014 El Independiente<\/p>\n<p><a href=\"https:\/\/elindependiente.mx\/seguridad-y-defensa\/2024\/03\/11\/indagara-fgr-muerte-de-joven-normalista-de-ayotzinapa\/\">Indagar\u00e1 FGR muerte de joven normalista de Ayotzinapa<\/a> \u2014 El Independiente<\/p>\n<p><a href=\"https:\/\/elindependiente.mx\/nacional\/2024\/03\/11\/confirma-amlo-que-no-asistira-a-la-cumbre-de-lideres-de-america\/\">Confirma AMLO que no asistir\u00e1 a la Cumbre de L\u00edderes de Am\u00e9rica<\/a> \u2014 El Independiente<\/p>\n<p><a href=\"https:\/\/elindependiente.mx\/palacio-nacional-2024\/2024\/03\/11\/indigenas-tzeltales-advierten-que-no-votaran-en-comicios\/\">Ind\u00edgenas tzeltales advierten que no votar\u00e1n en comicios<\/a> \u2014 El Independiente<\/p>\n<p><a href=\"https:\/\/elindependiente.mx\/palacio-nacional-2024\/2024\/03\/11\/xochitl-la-populista\/\">X\u00f3chitl, la populista<\/a> \u2014 El Independiente<\/p>\n<p><a href=\"https:\/\/elindependiente.mx\/diario-de-campana\/2024\/03\/11\/diario-de-campana-11-3-24\/\">Diario de Campa\u00f1a<\/a> \u2014 El Independiente<\/p>\n<p><a href=\"https:\/\/elindependiente.mx\/palacio-nacional-2024\/2024\/03\/11\/en-campana-11-03-24\/\">En campa\u00f1a<\/a> \u00a0\u2014 El Independiente<\/p>\n<p><a href=\"https:\/\/elindependiente.mx\/palacio-nacional-2024\/2024\/03\/11\/en-la-campana\/\">En la campa\u00f1a<\/a> \u2014 El Independiente<\/p>\n<p><a href=\"https:\/\/elindependiente.mx\/palacio-nacional-2024\/2024\/03\/11\/sheinbaum-y-las-mujeres-de-poder\/\">Sheinbaum y las mujeres de poder<\/a> \u2014 El Independiente<\/p>\n<p><a href=\"https:\/\/elindependiente.mx\/opinion\/2024\/03\/11\/ayotzinapa-puntos-suspensivos\/\">Ayotzinapa puntos suspensivos<\/a> \u2014 El Independiente<\/p>\n<p><a href=\"https:\/\/elindependiente.mx\/opinion\/2024\/03\/11\/cortazar-y-claudio-x-los-artifices-de-la-guerra-sucia\/\">Cort\u00e1zar y Claudio X, los art\u00edfices de la \u201cguerra sucia\u201d<\/a> \u2014 El Independiente<\/p>\n<p><a href=\"https:\/\/elindependiente.mx\/opinion\/2024\/03\/11\/riva-palacio-su-batalla-y-las-mananeras\/\">Riva Palacio, su batalla y las ma\u00f1aneras<\/a> \u2014 El Independiente<\/p>\n<p><a href=\"https:\/\/elindependiente.mx\/opinion\/2024\/03\/11\/valvula-de-escape\/\">V\u00e1lvula de escape<\/a> \u2014 El Independiente<\/p>\n<p><a href=\"https:\/\/elindependiente.mx\/opinion\/2024\/03\/10\/algunas-notas-sobre-la-guerra-sucia-contra-la-guerra-sucia\/\">Algunas notas sobre la guerra sucia contra la \u201cguerra sucia\u201d<\/a> \u2014 El Independiente<\/p>\n<p><a href=\"https:\/\/elindependiente.mx\/teoria-de-conspiracion\/2024\/03\/11\/teoria-de-la-conspiracion-11-3-24\/\">Teor\u00eda de la Conspiraci\u00f3n<\/a> \u2014 El Independiente<\/p>\n<p><a href=\"https:\/\/jacobinlat.com\/2024\/03\/10\/no-no-se-deben-enviar-tropas-occidentales-a-ucrania\/\">No, no se deben enviar tropas occidentales a Ucrania<\/a> &#8211; Jacobin Revista<\/p>\n<p><a href=\"https:\/\/jacobinlat.com\/2024\/03\/10\/los-libertarianos-suenan-con-un-mundo-sin-democracia\/\">Los libertarianos sue\u00f1an con un mundo sin democracia<\/a> &#8211; Jacobin Revista<\/p>\n<p><a href=\"https:\/\/www.sdpnoticias.com\/opinion\/moralmente-imposible-la-victoria-del-viejo-pan-nazi-y-del-nuevo-pan-narco\/\">Moralmente imposible la victoria del viejo PAN (nazi) y del nuevo PAN (narco)<\/a> \/ SDPNoticias<\/p>\n<p><a href=\"https:\/\/www.eluniversal.com.mx\/elecciones\/infiltracion-del-crimen-organizado-pone-en-peligro-el-proceso-electoral-internacional-socialista\/\">Infiltraci\u00f3n del crimen organizado pone en peligro el proceso electoral: Internacional Socialista<\/a> | El Universal<\/p>\n<p><a href=\"https:\/\/www.eluniversal.com.mx\/elecciones\/sheinbaum-victima-del-espionaje-desde-nina\/\">Sheinbaum, v\u00edctima del espionaje desde ni\u00f1a<\/a> | El Universal<\/p>\n<p><a href=\"https:\/\/www.eluniversal.com.mx\/opinion\/felipe-de-la-mata\/cual-es-el-principal-problema-de-la-democracia-mexicana\/\">\u00bfCu\u00e1l es el principal problema de la democracia mexicana?<\/a> | El Universal<\/p>\n<p><a href=\"https:\/\/www.eluniversal.com.mx\/opinion\/carlos-seoane\/el-dragon-espera-pacientemente\/\">El drag\u00f3n espera pacientemente<\/a> | El Universal<\/p>\n<p><a href=\"https:\/\/www.eluniversal.com.mx\/mundo\/francisco-11-anos-como-el-papa-incomodo\/\">Francisco, 11 a\u00f1os como el Papa inc\u00f3modo<\/a> | El Universal<\/p>\n<p><a href=\"https:\/\/www.eluniversal.com.mx\/opinion\/por-mexico-hoy\/geopolitica-mexicana-no-tendremos-un-futuro-maravilloso\/\">Geopol\u00edtica mexicana: no tendremos un futuro maravilloso<\/a> | El Universal<\/p>\n<p><a href=\"https:\/\/www.eluniversal.com.mx\/opinion\/mario-maldonado\/el-ine-y-el-mapa-de-riesgo-para-los-candidatos\/\">El INE y el mapa de riesgo para los candidatos<\/a> | El Universal<\/p>\n<p><a href=\"https:\/\/www.eluniversal.com.mx\/opinion\/hector-de-mauleon\/zebadua-el-impune\/\">Zebad\u00faa, el impune<\/a> | El Universal<\/p>\n<p><a href=\"https:\/\/www.eluniversal.com.mx\/opinion\/salvador-garcia-soto\/el-portazo-a-palacio-y-el-fin-de-sexenio\/\">El portazo a Palacio y el fin de sexenio<\/a> | El Universal<\/p>\n<p><a href=\"https:\/\/www.reforma.com\/preocupa-intromision-de-crimen-en-eleccion\/ar2771108?v=3\">Preocupa intromisi\u00f3n de crimen en elecci\u00f3n<\/a> \/ Reforma<\/p>\n<p><a href=\"https:\/\/www.reforma.com\/repunta-el-robo-a-trenes\/ar2771069?v=2\">Repunta el robo a trenes<\/a> \/ Reforma<\/p>\n<p><a href=\"https:\/\/www.reforma.com\/crece-50-la-extorsion\/ar2771051?v=4\">Crece 50% la extorsi\u00f3n<\/a> \/ Reforma<\/p>\n<p><a href=\"https:\/\/www.milenio.com\/opinion\/agustin-basave\/el-cajon-del-filoneismo\/el-extremismo-nos-avasalla\">El extremismo nos avasalla<\/a> &#8211; Milenio<\/p>\n<p><a href=\"https:\/\/www.milenio.com\/opinion\/carlos-marin\/el-asalto-la-razon\/ayotzinapa-otro-caso-sin-solucion\">Ayotzinapa: otro caso sin soluci\u00f3n<\/a> &#8211; Milenio<\/p>\n<p><a href=\"https:\/\/www.milenio.com\/policia\/palacio-gobierno-guerrero-blindado-protestas-normalistas-ayotzinapa\">Palacio Gobierno Guerrero blindado protestas Normalistas Ayotzinapa<\/a> &#8211; Milenio<\/p>\n<p><a href=\"https:\/\/www.milenio.com\/policia\/narcos-tienen-autos-monstruos-del-mismo-nivel-que-empresas-balisticas\">Narcos-tienen autos-monstruos del mismo nivel que empresas-bal\u00edsticas<\/a> &#8211; Milenio<\/p>\n<p><a href=\"https:\/\/www.milenio.com\/internacional\/embajadores-diplomaticos-europa-abandonan-haiti-violencia\">Embajadores y diplom\u00e1ticos de Europa abandonan Hait\u00ed por la violencia<\/a> &#8211; Milenio<\/p>\n<p><a href=\"https:\/\/www.milenio.com\/politica\/elecciones\/son-los-factores-impedir-el-voto-en-prision-preventiva\">Cu\u00e1les son-los factores para impedir el-voto en-prisi\u00f3n preventiva<\/a> &#8211; Milenio<\/p>\n<p><a href=\"https:\/\/www.jornada.com.mx\/2024\/03\/11\/opinion\/008a1pol\">Trump versus Biden<\/a> \/ \u00a0La Jornada<\/p>\n<p><a href=\"https:\/\/www.jornada.com.mx\/2024\/03\/11\/opinion\/020o1mun\">American curios: Brutalidad de EU<\/a> \/ La Jornada<\/p>\n<p><a href=\"https:\/\/www.jornada.com.mx\/2024\/03\/11\/opinion\/008o1pol\">Astillero<\/a> \/ La Jornada<\/p>\n<p><a href=\"https:\/\/www.jornada.com.mx\/2024\/03\/11\/politica\/003n1pol\">Funcionarios mienten para culpar a j\u00f3venes tras ejecuci\u00f3n de normalista<\/a> \/ La Jornada<\/p>\n<p><a href=\"https:\/\/www.jornada.com.mx\/2024\/03\/11\/mundo\/018n1mun\">Israel ha destruido m\u00e1s de mil mezquitas en Gaza<\/a> \/ La Jornada<\/p>\n<p><a href=\"https:\/\/www.excelsior.com.mx\/opinion\/jorge-fernandez-menendez\/asi-se-hace-justicia-en-veracruz\/1640376\">As\u00ed se hace justicia en Veracruz<\/a> Jorge Fern\u00e1ndez Men\u00e9ndez-Exc\u00e9lsior<\/p>\n<p><a href=\"https:\/\/www.eleconomista.com.mx\/empresas\/Proyectan-dar-3300-mdp-a-Sedena-para-compra-de-maquinaria-20240310-0078.html\">Proyectan dar 3,300 mdp a Sedena para compra de maquinaria<\/a> \/ EL Economista<\/p>\n<p><a href=\"https:\/\/www.elfinanciero.com.mx\/opinion\/eduardo-guerrero-gutierrez\/2024\/03\/11\/las-candidatas-y-la-seguridad-mas-alla-de-las-propuestas\/\">Las candidatas y la seguridad: m\u00e1s all\u00e1 de las propuestas<\/a> \u2013 El Financiero<\/p>\n<p><a href=\"https:\/\/www.elfinanciero.com.mx\/opinion\/ricardo-salinas-pliego\/2024\/03\/11\/la-entrevista\/\">La entrevista<\/a> \u2013 El Financiero<\/p>\n<p><a href=\"https:\/\/www.cronica.com.mx\/opinion\/michoacan.html\">\u00bfMichoac\u00e1n y cu\u00e1ntos m\u00e1s?<\/a> \/ Cr\u00f3nica<\/p>\n<p><a href=\"https:\/\/www.razon.com.mx\/opinion\/columnas\/bibiana-belsasso\/crisis-consumo-drogas-568468\">Crisis por consumo de drogas<\/a> \/ La Raz\u00f3n<\/p>\n<p><a href=\"https:\/\/www.elsoldemexico.com.mx\/analisis\/poder-nacional-las-fuerzas-armadas-en-la-defensa-exterior-11579107.html\">Poder Nacional \/ Las Fuerzas Armadas en la Defensa Exterior<\/a> &#8211; El Sol de M\u00e9xico<\/p>\n<p><a href=\"https:\/\/www.24-horas.mx\/2024\/03\/11\/otra-vez-2\/\">Otra vez<\/a> &#8211; 24 Horas<\/p>\n<p><a href=\"https:\/\/heraldodemexico.com.mx\/opinion\/2024\/3\/11\/venezuela-yo-no-quiero-tu-no-puedes-584681.html\">Venezuela: Yo no quiero, tu no puedes<\/a> | El Heraldo de M\u00e9xico<\/p>\n<p><a href=\"https:\/\/heraldodemexico.com.mx\/opinion\/2024\/3\/11\/propuestas-de-seguridad-claudia-sheinbaum-584717.html\">Propuestas de seguridad: Claudia Sheinbaum<\/a> | El Heraldo de M\u00e9xico<\/p>\n<p><a href=\"https:\/\/www.ejecentral.com.mx\/category\/opinion-2\/estrictamente-personal-amlo-por-la-reeleccion\">AMLO, por la reelecci\u00f3n<\/a> \/ Eje Central<\/p>\n<p><a href=\"https:\/\/www.ejecentral.com.mx\/semanario\/la-portada-disputa-por-nueve-sillas-que-arden-elecciones-gobernadores\">La Portada | Disputa por nueve sillas que arden<\/a> \/ Eje Central<\/p>\n<p>&nbsp;<\/p>\n<p><strong>Principales secciones especializadas en asuntos internacionales y de seguridad nacional.<\/strong><\/p>\n<p>&nbsp;<\/p>\n<p><a href=\"https:\/\/elindependiente.mx\/geopolitica\/2024\/03\/11\/suecia-entra-a-la-otan-y-se-refuerza-el-artico\/\">Suecia entra a la OTAN y se refuerza el \u00c1rtico<\/a> \u2014 El Independiente<\/p>\n<p><a href=\"https:\/\/elindependiente.mx\/geopolitica\/2024\/03\/10\/eu-delito-cibernetico-en-auge\/\">EU, delito cibern\u00e9tico en auge<\/a> \u2014 El Independiente<\/p>\n<p><a href=\"https:\/\/elindependiente.mx\/geopolitica\/2024\/03\/11\/trump-y-biden-enfrentan-en-georgia-sus-visiones-para-eu\/\">Trump y Biden enfrentan en Georgia sus visiones para EU<\/a> \u2014 El Independiente<\/p>\n<p><a href=\"https:\/\/elindependiente.mx\/geopolitica\/2024\/03\/11\/biden-lamenta-haber-usado-la-palabra-ilegal-recauda-10-mdd\/\">Biden lamenta haber usado la palabra \u00abilegal\u00bb; recauda 10 mdd<\/a> \u2014 El Independiente<\/p>\n<p><a href=\"https:\/\/www.eluniversal.com.mx\/tendencias\/biden-se-equivoca-sobre-la-guerra-en-gaza-netanyahu\/\">Biden se equivoca sobre la guerra en Gaza: Netanyahu<\/a> | El Universal<\/p>\n<p><a href=\"https:\/\/www.reforma.com\/venezuela-tendra-pseudo-eleccion-2024-03-11\/op267229?pc=102\">Venezuela tendr\u00e1 &#8216;pseudo-elecci\u00f3n&#8217;<\/a> \/ Reforma<\/p>\n<p><a href=\"https:\/\/www.elsoldemexico.com.mx\/mexico\/sociedad\/repatriaran-a-migrantes-hasta-panama-en-autobus-11579462.html\">Repatriar\u00e1n a migrantes hasta Panam\u00e1 en autob\u00fas<\/a> &#8211; El Sol de M\u00e9xico<\/p>\n<p>&nbsp;<\/p>\n<p><strong>ESTADOS UNIDOS<\/strong><\/p>\n<p><a href=\"https:\/\/www.whitehouse.gov\/briefing-room\/\">https:\/\/www.whitehouse.gov\/briefing-room\/<\/a> (declaraciones diarias del gobierno de Biden)<\/p>\n<p><a href=\"https:\/\/www.realclearpolitics.com\/epolls\/other\/president-biden-job-approval-7320.html\">https:\/\/www.realclearpolitics.com\/epolls\/other\/president-biden-job-approval-7320.html<\/a> (encuestas diarias de aprobaci\u00f3n\/desaprobaci\u00f3n de Biden)<\/p>\n<p><a href=\"https:\/\/www.realclearpolitics.com\/epolls\/other\/other\/FavorabilityRatingsPoliticalLeaders.html\">https:\/\/www.realclearpolitics.com\/epolls\/other\/other\/FavorabilityRatingsPoliticalLeaders.html<\/a> (Encuestas diarias de aprobaci\u00f3n\/desaprobaci\u00f3n de l\u00edderes de EU)<\/p>\n<p><a href=\"https:\/\/www.nytimes.com\/es\/\">https:\/\/www.nytimes.com\/es\/<\/a> <em>New York Times<\/em> en espa\u00f1ol.<\/p>\n<p><a href=\"https:\/\/www.washingtonpost.com\/es\/post-opinion\/\">https:\/\/www.washingtonpost.com\/es\/post-opinion\/<\/a> <em>Washington Post<\/em> en espa\u00f1ol.<\/p>\n<p><a href=\"http:\/\/nypost.com\">http:\/\/nypost.com<\/a>\u00a0 <em>New York Post<\/em>.<\/p>\n<p><a href=\"https:\/\/www.latimes.com\">https:\/\/www.latimes.com<\/a> <em>Los Angeles Times<\/em>.<\/p>\n<p><a href=\"https:\/\/www.realclearpolitics.com\">https:\/\/www.realclearpolitics.com<\/a> Portal Real Clear Politics.<\/p>\n<p><a href=\"https:\/\/www.theguardian.com\/world\/series\/the-guardian-in-spanish\">https:\/\/www.theguardian.com\/world\/series\/the-guardian-in-spanish<\/a><\/p>\n<p><a href=\"https:\/\/la-lista.com\">https:\/\/la-lista.com<\/a>\u00a0 (<em>The Guardian<\/em> M\u00e9xico<\/p>\n<p><a href=\"https:\/\/www.homelandsecuritynewswire.com\">https:\/\/www.homelandsecuritynewswire.com<\/a> (Noticias diarias de seguridad nacional de EU)<\/p>\n<p>&nbsp;<\/p>\n<h2><strong>Indicador Pol\u00edtico TV <\/strong><\/h2>\n<h2>1.\u00a0\u00a0\u00a0 <a href=\"https:\/\/www.youtube.com\/channel\/UCeo4Avv2y-LZPkIyX4Tu5dg\">La agenda de La Crisis<\/a><\/h2>\n<h2><\/h2>\n<h2><strong>Documentos Relevantes en temas de Seguridad y Defensa <\/strong><\/h2>\n<p>&nbsp;<\/p>\n<ol>\n<li><a href=\"https:\/\/s3.amazonaws.com\/document.issuu.com\/210914051221-f1dddec58d95dfde88d51314091ec5e5\/original.file?AWSAccessKeyId=AKIATDDRE5J7SJVYNEH6&amp;Expires=1631615273&amp;Signature=uouAtlEVbu58ZXLtwthlUxC7SqU%3D\">La doctrina de Washington: \u201cs\u00f3lo importamos nosotros\u201d<\/a>, dice Chomsky, David Brooks, Perfil<\/li>\n<li><a href=\"https:\/\/puedjs.unam.mx\/encuestas\/\">Encuesta Nacional de Culturas Pol\u00edticas y Democracia 2021<\/a>, M\u00e9xico<\/li>\n<li><a href=\"https:\/\/www.homelandsecuritynewswire.com\/\">Homeland Security News Wire<\/a>, Estados Unidos<\/li>\n<li><a href=\"https:\/\/www.inegi.org.mx\/contenidos\/saladeprensa\/boletines\/2021\/ensu\/ensu2021_07.pdf\">Encuesta nacional de seguridad p\u00fablica urbana (junio 2021)<\/a>, INEGI, M\u00e9xico<\/li>\n<li><a href=\"https:\/\/www.whitehouse.gov\/wp-content\/uploads\/2021\/03\/NSC-1v2.pdf\">Orientaci\u00f3n Estrat\u00e9gica Provisional de Seguridad Nacional de los Estados Unidos<\/a>, Gobierno de los Estados Unidos, 2021<\/li>\n<li><a href=\"https:\/\/seguridadydefensa.mx\/dossier\/documento-estrategia\/el-estado-y-el-mar-relaciones-con-el-poder-maritimo-el-poder-naval-y-el-desarrollo-nacional\/\">El Estado y el Mar: relaciones con el Poder Mar\u00edtimo, el Poder Naval y el desarrollo nacional<\/a>, Colombia, 2017<\/li>\n<li><a href=\"https:\/\/r3d.mx\/wp-content\/uploads\/TRANSPARENCIA-Y-VIGILANCIA-2019.pdf\">Transparencia y vigilancia en M\u00e9xico<\/a>, R3D M\u00e9xico, 2019<\/li>\n<\/ol>\n<h2><\/h2>\n<h2><strong>Principales centros de investigaci\u00f3n de seguridad nacional en M\u00e9xico, Estados Unidos, Europa y Am\u00e9rica Latina. <\/strong><\/h2>\n<p>&nbsp;<\/p>\n<ol>\n<li><a href=\"https:\/\/indicadorpolitico.com.mx\/\">Indicador Pol\u00edtico<\/a>, M\u00e9xico<\/li>\n<li><a href=\"https:\/\/www.unodc.org\/mexicoandcentralamerica\/es\/index.html\">Oficina de las Naciones Unidas Contra la Droga y el Delito en M\u00e9xico<\/a><\/li>\n<li><a href=\"https:\/\/www.gob.mx\/sedena\/es\/articulos\/instituto-mexicano-de-estudios-estrategicos-en-seguridad-y-defensa-nacionales-imeesdn?idiom=es\">Instituto Mexicano de Estudios Estrat\u00e9gicos en Seguridad y Defensa Nacionales<\/a>, M\u00e9xico<\/li>\n<li><a href=\"https:\/\/cesnav.uninav.edu.mx\/cesnav\/index_inicio.html\">Centro de Estudios Superiores Navales<\/a>, M\u00e9xico<\/li>\n<li><a href=\"https:\/\/onc.org.mx\/\">Observatorio Nacional Ciudadano<\/a>, M\u00e9xico<\/li>\n<li><a href=\"https:\/\/www.politicas.unam.mx\/cri\/\">Centro de Relaciones Internacionales<\/a> FCPyS-UNAM, M\u00e9xico<\/li>\n<li><a href=\"https:\/\/www.iis.unam.mx\/\">Instituto de Investigaciones Sociales<\/a> UNAM, M\u00e9xico<\/li>\n<li><a href=\"https:\/\/www.juridicas.unam.mx\/\">Instituto de Investigaciones Jur\u00eddicas<\/a> UNAM, M\u00e9xico<\/li>\n<li><a href=\"https:\/\/r3d.mx\/\">Red en Defensa de los Derechos Digitales<\/a> (R3D), M\u00e9xico<\/li>\n<li><a href=\"https:\/\/www.politicas.unam.mx\/cep\/\">Centro de Estudios Pol\u00edticos<\/a> FCPyS-UNAM, M\u00e9xico<\/li>\n<li><a href=\"http:\/\/cesede.funglode.org\/\">Centro de Estudios de Seguridad y Defensa<\/a>, Rep\u00fablica Dominicana<\/li>\n<li><a href=\"https:\/\/editorial.iaen.edu.ec\/universidad\/centros-academicos\/centro-de-seguridad-y-defensa\/\">Centro De Seguridad y Defensa<\/a>, Ecuador<\/li>\n<li><a href=\"http:\/\/www.escuelanaval.mil.ar\/\">Escuela Naval Militar<\/a>, Argentina<\/li>\n<li><a href=\"https:\/\/esdegue.edu.co\/es\/centro-de-estudios-estrategicos-sobre-seguridad-y-defensa-nacionales-csedn\">Centro de Estudios Estrat\u00e9gicos sobre Seguridad y Defensa Nacionales<\/a>, Colombia<\/li>\n<li><a href=\"https:\/\/nsri.nebraska.edu\/\">National Strategic Research Institute<\/a>, University of Nebraska, Estados Unidos<\/li>\n<li><a href=\"https:\/\/www.rand.org\/\">RAND Corporation<\/a>, California, Estados Unidos<\/li>\n<li><a href=\"https:\/\/www.homelandsecuritynewswire.com\/\">Homeland Security News Wire<\/a>, Estados Unidos<\/li>\n<li><a href=\"https:\/\/www.csis.org\/\">Center for Strategic and International Studies<\/a>, Estados Unidos<\/li>\n<li><a href=\"https:\/\/www.usna.edu\/homepage.php\">S. Naval Academy<\/a>, Estados Unidos<\/li>\n<li><a href=\"https:\/\/usnwc.edu\/Academics-and-Programs\/Programs-Offered\">Naval War College<\/a>, Estados Unidos<\/li>\n<li><a href=\"https:\/\/www.ifri.org\/en\">l\u2019Institut Fran\u00e7ais des Relations Internationales<\/a>, Francia<\/li>\n<li><a href=\"https:\/\/www.intelciseg.org\/\">Comunidad de Inteligencia y Seguridad Global<\/a>, Espa\u00f1a<\/li>\n<li><a href=\"http:\/\/www.ieee.es\/\">Instituto Espa\u00f1ol de Estudios Estrat\u00e9gicos<\/a>, Espa\u00f1a<\/li>\n<li><a href=\"https:\/\/www.defensa.gob.es\/ceseden\/ceseden\/index.html\">Centro Superior de Estudios de la Defensa Nacional<\/a>, Espa\u00f1a<\/li>\n<li><a href=\"https:\/\/www.iss.europa.eu\/topics\/security-and-defence\">European Union Institute for Security Studies<\/a>, Europa<\/li>\n<li><a href=\"https:\/\/www.iiss.org\/\">International Institute for Strategic Studies<\/a>, Reino Unido<\/li>\n<li><a href=\"https:\/\/www.kcl.ac.uk\/security-studies\">King\u2019s College, School of Security Studies<\/a>, Reino Unido<\/li>\n<li><a href=\"https:\/\/www.cidob.org\/\">Barcelona Centre for International Affairs<\/a>, Espa\u00f1a<\/li>\n<li><a href=\"https:\/\/www.foreignaffairs.com\/\">Foregion Affairs<\/a>, Estados Unidos<\/li>\n<li><a href=\"https:\/\/www.stratfor.com\/\">Stratfor<\/a>, Estados Unidos<\/li>\n<\/ol>\n","protected":false},"excerpt":{"rendered":"<p>http:\/\/seguridadydefensa.mx\u00a0\u00a0\u00a0\u00a0 seguridadydefensamx@gmail.com Seguridad y Defensa\u00a0\u00a0\u00a0\u00a0\u00a0\u00a0\u00a0 \u00a011 de marzo 2024 Resumen de primeras planas\u00a0 &nbsp; Primeras Planas Nacionales 11 de marzo de 2024 &nbsp; Primeras Planas Internacionales 11 de marzo de 2024 &nbsp; Principales articulistas y columnistas en temas de seguridad y defensa &nbsp; Encinas representa a los 43 en el equipo de Sheinbaum \u2014 El [&hellip;]<\/p>\n","protected":false},"author":56,"featured_media":18084,"comment_status":"closed","ping_status":"closed","sticky":false,"template":"","format":"standard","meta":{"footnotes":""},"categories":[22],"tags":[],"class_list":["post-32640","post","type-post","status-publish","format-standard","has-post-thumbnail","hentry","category-noticias"],"_links":{"self":[{"href":"https:\/\/indicadorpolitico.com.mx\/index.php?rest_route=\/wp\/v2\/posts\/32640","targetHints":{"allow":["GET"]}}],"collection":[{"href":"https:\/\/indicadorpolitico.com.mx\/index.php?rest_route=\/wp\/v2\/posts"}],"about":[{"href":"https:\/\/indicadorpolitico.com.mx\/index.php?rest_route=\/wp\/v2\/types\/post"}],"author":[{"embeddable":true,"href":"https:\/\/indicadorpolitico.com.mx\/index.php?rest_route=\/wp\/v2\/users\/56"}],"replies":[{"embeddable":true,"href":"https:\/\/indicadorpolitico.com.mx\/index.php?rest_route=%2Fwp%2Fv2%2Fcomments&post=32640"}],"version-history":[{"count":0,"href":"https:\/\/indicadorpolitico.com.mx\/index.php?rest_route=\/wp\/v2\/posts\/32640\/revisions"}],"wp:featuredmedia":[{"embeddable":true,"href":"https:\/\/indicadorpolitico.com.mx\/index.php?rest_route=\/wp\/v2\/media\/18084"}],"wp:attachment":[{"href":"https:\/\/indicadorpolitico.com.mx\/index.php?rest_route=%2Fwp%2Fv2%2Fmedia&parent=32640"}],"wp:term":[{"taxonomy":"category","embeddable":true,"href":"https:\/\/indicadorpolitico.com.mx\/index.php?rest_route=%2Fwp%2Fv2%2Fcategories&post=32640"},{"taxonomy":"post_tag","embeddable":true,"href":"https:\/\/indicadorpolitico.com.mx\/index.php?rest_route=%2Fwp%2Fv2%2Ftags&post=32640"}],"curies":[{"name":"wp","href":"https:\/\/api.w.org\/{rel}","templated":true}]}}