{"id":34113,"date":"2024-07-22T19:50:37","date_gmt":"2024-07-23T01:50:37","guid":{"rendered":"https:\/\/indicadorpolitico.com.mx\/?p=34113"},"modified":"2024-07-22T16:38:46","modified_gmt":"2024-07-22T22:38:46","slug":"amlo-no-encaro-a-trump-por-dependencia-csp-tampoco","status":"publish","type":"post","link":"https:\/\/indicadorpolitico.com.mx\/?p=34113","title":{"rendered":"AMLO no encar\u00f3 a Trump por\u00a0dependencia; CSP, tampoco"},"content":{"rendered":"<p>M\u00e1s all\u00e1 del problema <strong>diplom\u00e1tico<\/strong> bilateral que significaron las concesiones mexicanas a las exigencias migratorias agresivas y amenazantes del presidente Donald Trump, las revelaciones de su \u201c<strong>victoria<\/strong>\u201d sobre M\u00e9xico para obligarlo a someterse a las reglas estadounidenses tienen una interpretaci\u00f3n m\u00e1s all\u00e1 de egos lastimados: el modelo de desarrollo mexicano que firm\u00f3 el presidente Salinas de Gortari en 1993 <strong>determina<\/strong> la subordinaci\u00f3n diplom\u00e1tica mexicana a los intereses de la Casa Blanca.<\/p>\n<p>A <strong>pesar<\/strong> de su discurso antineoliberal y una propuesta ret\u00f3rica de un posneoliberalismo inacabado, M\u00e9xico seguir\u00e1 <strong>atado<\/strong> a los intereses econ\u00f3micos, comerciales, geopol\u00edticos, estrat\u00e9gicos y de seguridad nacional de Estados Unidos; en este contexto, las exigencias de Trump s\u00f3lo molestaron por el <strong>tonito<\/strong>, pero en el fondo M\u00e9xico sigue siendo una econom\u00eda <strong>subordinada<\/strong> por el Tratado a las definiciones de Washington.<\/p>\n<p>Una de las <strong>herencias<\/strong> m\u00e1s delicadas y poco analizadas en la sucesi\u00f3n presidencial de 2024 ha sido justamente el hecho de que M\u00e9xico s\u00f3lo utiliz\u00f3 una articulaci\u00f3n <strong>comercial<\/strong> dentro del Tratado y <strong>desaprovech\u00f3<\/strong> la oportunidad para replantear el modelo de desarrollo que hubiera modernizado la planta productiva nacional, elevado condiciones de empleo y bienestar y sobre todo hubiera podido fijar los criterios de una relaci\u00f3n bilateral al <strong>mismo<\/strong> nivel y no, como fue, haber quedado en un socio comercial <strong>menor<\/strong> &#8211;el modelo de pariente <strong>pobre<\/strong>&#8212; y beneficiario s\u00f3lo de la venta de productos elaborado en EU.<\/p>\n<p>Acostumbrado decisiones audaces, el presidente L\u00f3pez Obrador se vio muy <strong>tibio<\/strong> en la negociaci\u00f3n de asuntos migratorios con Trump: el presidente de EU <strong>amenaz\u00f3<\/strong> a M\u00e9xico con elevar aranceles si Palacio Nacional no aceptaba la exigencia de <strong>convertir<\/strong> la Guardia Nacional en un brazo operativo de la <em>border patrol<\/em>; la imposici\u00f3n de aranceles hubiera generado, en efecto, <strong>problema<\/strong> en la econom\u00eda mexicana que hab\u00eda salido muy fr\u00e1gil del sexenio de Pe\u00f1a Nieto, pero un buen jugador sabe utilizar el <strong><em>bluf<\/em><\/strong>: la crisis econ\u00f3mica por la elevaci\u00f3n de aranceles hubiera tenido una <strong>mayor<\/strong> repercusi\u00f3n para Estados Unidos y hubiera <strong>aumentado<\/strong> mucho m\u00e1s la migraci\u00f3n ilegal.<\/p>\n<p>El presidente L\u00f3pez Obrador encontr\u00f3 un espacio de debilitamiento americano en las primeras oleadas migratorias que ven\u00edan del sur latinoamericano y que atiborraron y <strong>reventaron<\/strong> las precarias estructuras migratorias estadounidenses. Pero luego de haberlas alentado, Palacio Nacional de un paso <strong>atr\u00e1s<\/strong> ante la furiosa amenaza americana.<\/p>\n<p>La provocaci\u00f3n mexicana y la amenaza arancelaria estadounidense s\u00f3lo <strong>revelaron<\/strong> que el tr\u00e1nsito pol\u00edtico del neoliberalismo salinista-pe\u00f1ista al posneoliberalismo lopezobradorista se hizo <strong>sin<\/strong> una redefinici\u00f3n de las relaciones estrat\u00e9gicas del Tratado comercial y sobre todo sin medir sus repercusiones negativas para la ciudadan\u00eda mexicana, y m\u00e1s a\u00fan por el estilo <strong>atrabancado<\/strong> e irrespetuoso del presidente Trump.<\/p>\n<p>La diplomacia mexicana con la Casa Blanca de Trump fue personal, <em>ma\u00f1anera<\/em> y <strong>elusiva<\/strong>, sin ninguna reformulaci\u00f3n de la pol\u00edtica migratoria de M\u00e9xico. En los incidentes recordados por Trump y revelados hace poco por Mike Pompeo, exdirector de la CIA y secretario de Estado de Trump, mostraron a un Marcelo Ebrard Casaub\u00f3n <strong>sin<\/strong> ninguna posibilidad de ejercer su cargo de titular de las Relaciones Exteriores mexicanas y tendr\u00e1 que seguir <strong>pagando<\/strong> su cuota de reclamos por haber cedido <strong>todo<\/strong> lo que hab\u00eda pedido Trump, y dicen que muchas <strong>otras<\/strong> cosas m\u00e1s que no se conocen de manera oficial.<\/p>\n<p>La virtual presidente electa Sheinbaum Pardo cometi\u00f3 su primer <strong>tropiezo<\/strong> diplom\u00e1tico bilateral con Estados Unidos, pues reaccion\u00f3 a una confusi\u00f3n de nombres y le reclam\u00f3 a Trump su lenguaje <strong>soez<\/strong>, aunque la respuesta debi\u00f3 de haber sido una declaraci\u00f3n formal como titular la pr\u00f3xima administraci\u00f3n y desde luego debi\u00f3 de haberse dado un posicionamiento en\u00e9rgico y concreto del canciller mexicano designado Juan Ram\u00f3n de la fuente Ram\u00edrez, un funcionario m\u00e1s conocido por sus comportamientos anticlim\u00e1ticos y elusivos. El desliz de Trump fue una oportunidad <strong>perdida<\/strong> por la pr\u00f3xima administraci\u00f3n mexicana para definir con claridad las nuevas reglas diplom\u00e1ticas de la administraci\u00f3n de la presidenta Sheinbaum Pardo. La respuesta mexicana fue m\u00e1s <strong>quejumbrosa<\/strong> que una l\u00ednea de acci\u00f3n.<\/p>\n<p>El presidente L\u00f3pez Obrador supo manejar el poder pol\u00edtico a su manera para <strong>jugar<\/strong> con Trump y sus declaraciones, pero la presidenta Sheinbaum Pardo <strong>carece<\/strong> de esta malicia discursiva que le har\u00e1 mucha falta ante problemas que quieren eludirse pero <strong>sin<\/strong> fijar posicionamientos cr\u00edticos.<\/p>\n<p>&nbsp;<\/p>\n<p style=\"text-align: center;\">-0-<\/p>\n<p><strong>Pol\u00edtica para <em>dummies<\/em><\/strong>: la pol\u00edtica es entre pol\u00edticos, pero sus reglas definen instituciones.<\/p>\n<p><em>El contenido de esta columna es responsabilidad exclusiva del columnista y no del peri\u00f3dico que la publica.<\/em><\/p>\n<p><em>\u00a0<\/em><\/p>\n<p><a href=\"mailto:carlosramirezh@elindependiente.com.mx\"><em>carlosramirezh@elindependiente.com.mx<\/em><\/a><\/p>\n<p><a href=\"http:\/\/elindependiente.com.mx\"><em>http:\/\/elindependiente.com.mx<\/em><\/a><\/p>\n<p><em>@carlosramirezh<\/em><\/p>\n<p>&nbsp;<\/p>\n","protected":false},"excerpt":{"rendered":"<p>M\u00e1s all\u00e1 del problema diplom\u00e1tico bilateral que significaron las concesiones mexicanas a las exigencias migratorias agresivas y amenazantes del presidente Donald Trump, las revelaciones de su \u201cvictoria\u201d sobre M\u00e9xico para obligarlo a someterse a las reglas estadounidenses tienen una interpretaci\u00f3n m\u00e1s all\u00e1 de egos lastimados: el modelo de desarrollo mexicano que firm\u00f3 el presidente Salinas [&hellip;]<\/p>\n","protected":false},"author":2,"featured_media":34114,"comment_status":"closed","ping_status":"closed","sticky":false,"template":"","format":"standard","meta":{"footnotes":""},"categories":[19],"tags":[36,4338],"class_list":["post-34113","post","type-post","status-publish","format-standard","has-post-thumbnail","hentry","category-columna-indicador-politico","tag-amlo","tag-trump"],"_links":{"self":[{"href":"https:\/\/indicadorpolitico.com.mx\/index.php?rest_route=\/wp\/v2\/posts\/34113","targetHints":{"allow":["GET"]}}],"collection":[{"href":"https:\/\/indicadorpolitico.com.mx\/index.php?rest_route=\/wp\/v2\/posts"}],"about":[{"href":"https:\/\/indicadorpolitico.com.mx\/index.php?rest_route=\/wp\/v2\/types\/post"}],"author":[{"embeddable":true,"href":"https:\/\/indicadorpolitico.com.mx\/index.php?rest_route=\/wp\/v2\/users\/2"}],"replies":[{"embeddable":true,"href":"https:\/\/indicadorpolitico.com.mx\/index.php?rest_route=%2Fwp%2Fv2%2Fcomments&post=34113"}],"version-history":[{"count":1,"href":"https:\/\/indicadorpolitico.com.mx\/index.php?rest_route=\/wp\/v2\/posts\/34113\/revisions"}],"predecessor-version":[{"id":34115,"href":"https:\/\/indicadorpolitico.com.mx\/index.php?rest_route=\/wp\/v2\/posts\/34113\/revisions\/34115"}],"wp:featuredmedia":[{"embeddable":true,"href":"https:\/\/indicadorpolitico.com.mx\/index.php?rest_route=\/wp\/v2\/media\/34114"}],"wp:attachment":[{"href":"https:\/\/indicadorpolitico.com.mx\/index.php?rest_route=%2Fwp%2Fv2%2Fmedia&parent=34113"}],"wp:term":[{"taxonomy":"category","embeddable":true,"href":"https:\/\/indicadorpolitico.com.mx\/index.php?rest_route=%2Fwp%2Fv2%2Fcategories&post=34113"},{"taxonomy":"post_tag","embeddable":true,"href":"https:\/\/indicadorpolitico.com.mx\/index.php?rest_route=%2Fwp%2Fv2%2Ftags&post=34113"}],"curies":[{"name":"wp","href":"https:\/\/api.w.org\/{rel}","templated":true}]}}