{"id":34162,"date":"2024-07-26T06:29:54","date_gmt":"2024-07-26T12:29:54","guid":{"rendered":"https:\/\/indicadorpolitico.com.mx\/?p=34162"},"modified":"2024-07-26T00:30:37","modified_gmt":"2024-07-26T06:30:37","slug":"inteligencia-contrainteligencia-y-lo-que-dicen-en-la-cabecera","status":"publish","type":"post","link":"https:\/\/indicadorpolitico.com.mx\/?p=34162","title":{"rendered":"\u201cInteligencia\/\/contrainteligencia\u201d y, lo que dicen en la cabecera."},"content":{"rendered":"<div>\n<p>-para bien de este Taller de ideas \u2026 Paul von Hindenburg est\u00e1 de regreso. Aunque quiero decir mucho este \u201cart\u00edculo de opini\u00f3n\u201d solo es un pu\u00f1ado de p\u00e1rrafos, no da espacio.<\/p>\n<p>Habiendo \u00e9l le\u00eddo la columna invitada, trazada esa por Albert Cisne, donde aquel da luz, v\u00eda su Opera Prima, de la \u201cinteligencia estrat\u00e9gica\u201d, vali\u00e9ndose para ello del fino m\u00e9todo del minimalismo, nuestro l\u00edder y patr\u00f3n desde su sill\u00f3n dice.<\/p>\n<p>-Resulta l\u00f3gico considerar que la Estrategia, con su v\u00eda principal de alimentaci\u00f3n, la inteligencia es digna de atenci\u00f3n- ya con nuestra atenci\u00f3n sigui\u00f3 -Tambi\u00e9n sus productos (de la Estrategia) de corto plazo, que son la t\u00e1ctica y operaciones con efectivos menores-. Y si, quienes lo escuch\u00e1bamos ipso facto nos movimos hasta las orillas de los sillones.<\/p>\n<p>Dec\u00eda \u2026. -Resulta l\u00f3gico que se considere a esta ciencia como del natural dominio de lo militar. Esto es incorrecto, aunque ese haya sido su origen. Perd\u00f3n que lo diga con todas sus letras- vaya que el plomo de los l\u00e1pices se gastaba; Paul continu\u00f3 en su ritmo.<\/p>\n<p>-Es incorrecto!<\/p>\n<p>La visi\u00f3n positiva debiera ser \u2026. Estrategia, producto de una visi\u00f3n clara del futuro, con dos vertientes: una con el resultado de explotar la inteligencia reunida, para adelantarse a las intenciones y\/o acciones del enemigo (o adversario en los campos econ\u00f3mico y pol\u00edtico) y con ello imponer nuestra voluntad- ups; que bien planchado qued\u00f3 el tema base.<\/p>\n<p>-Segunda, aquella en la que dejamos fluir la inteligencia sin explotar las ventajas que proporciona. De modo que el resultado de nuestras acciones (operaciones t\u00e1cticas) estar\u00e1 lleno de incertidumbre, debido al abandono de la ventaja que proporciona la inteligencia- si ahora usted se suma a la \u201catenci\u00f3n total\u201d cr\u00e9alo, est\u00e1 haciendo bien\u2026Paul sigui\u00f3.<\/p>\n<p>-Comparto la visi\u00f3n de nuestro hermano de Armas quien se presenta como Albert Cisne, y la comparto en el sentido de que, Estrategia es la de mayor cobertura en la concepci\u00f3n de una Pol\u00edtica militar, pol\u00edtica o econ\u00f3mica. Es tambi\u00e9n la gu\u00eda general de la que desagregar\u00e1n acciones menores pero que coordinadas dar\u00e1n el resultado ulterior que ser\u00e1, siempre, imponer nuestra voluntad!- imagino que, Albert Cisne, al leer lo escrito por Hindenburg abri\u00f3 el plumaje como lo hacen los guajolotes y dej\u00f3 salir los ruidos de sus pulmones; bien merecido el reconocimiento y bien reaccionando por Toscani.<\/p>\n<p>-La otra tarea- continua Paul -denominada contrainteligencia, es la disciplina aplicada para negar informaci\u00f3n al enemigo o adversario. Se escucha simple, pero requiere de secrecia, compartimentacion, codificaci\u00f3n, y otras acciones que permitan garantizar el NO compartir, ni por error, datos o informaci\u00f3n altamente sensibles- si lee otra ves, har\u00e1 bien.<\/p>\n<p>-Me pregunto: pude trasmitir mi idea? O solo enred\u00e9 m\u00e1s la madeja!- ah, ese sentido del humor del germano\u2026lac\u00f3nico, pragm\u00e1tico. Sigue.<\/p>\n<p>-Estos son temas, disciplinas o conceptos que no se explican ni se aprenden en una lecci\u00f3n, y !menos por correspondencia!- suscribo hasta la m\u00e9dula las tesis obsequiadas por Paul y por a\u00f1adidura tambi\u00e9n las de Cisne.<\/p>\n<p>-Pero hoy debemos intentarlo, para apoyar a la autoridad en la toma de decisiones estrat\u00e9gicas- bien bajado el bal\u00f3n. Dentro de su exposici\u00f3n Paul von Hindenburg nos llev\u00f3 a otro tema, ah\u00ed habl\u00f3 del M\u00e9xico de hoy\u2026dijo.<\/p>\n<p>-El pa\u00eds lo requiere! O no?<\/p>\n<p>El nuevo \u201cgabinete\u201d federal habr\u00e1 de confrontar los antagonismos a la seguridad nacional con seriedad! Podr\u00e1n? Est\u00e1n preparados? Tienen la voluntad?<\/p>\n<p>Hay experiencia? Y. Como suele hacerlo, se responde solo. -O seguiremos viendo el \u201cacto del ventr\u00edlocuo\u201d a nivel nacional?<\/p>\n<p dir=\"auto\">Bueno \u2026. as\u00ed pienso yo!- \u00a0Ha..ese fino uso de la may\u00e9utica usado por el due\u00f1o (y se\u00f1or) de una de las cabeceras de la mesa de nuestro laboratorio de ideas, si que cae bien a la digesti\u00f3n de ideas, !bien venido Mariscal! con todo y su nahual de Indio Yaqui.<\/p>\n<p dir=\"auto\">\u00a0 \u00a0 \u00daltimo patrullaje.!Dolor!\u2026!Dolor!\u2026!<wbr \/>Dolor! Novedades\u2026 all\u00e1, afuera del cuartel se escucha que muri\u00f3 el General Carlos Duarte Sacramento, !ignorantes! Los Generales de Divisi\u00f3n de nuestro glorioso ej\u00e9rcito mexicano, no mueren\u2026se desvanecen.<\/p>\n<p dir=\"auto\">\u00a0 \u00a0Mi General Duarte, desde 1950 hasta el d\u00eda que desvaneci\u00f3 su presencia, fue un soldado tan patriota como el que m\u00e1s. Su presencia, uniformado o \u201cde civil\u201d, era un permanente trazo de \u00e1ngulos rectos, !su mirada taladraba hasta el alma de la disciplina! aunque, fue Comandante de Cuerpo de Cadetes y, a\u00f1os despu\u00e9s Director de su (tres veces \u201cH\u201d) Colegio Militar, yo lo recuerdo como un extraordinario jugador de f\u00fatbol americano ah\u00ed, en ese mismo Colegio. Aguilucho eterno. Est\u00e9n tranquilos. Chapingo, Normal, Pumas y Burros Blancos, el diablo los espera en el otro emparrillado (quien entendi\u00f3\u2026entendi\u00f3)<\/p>\n<p>\u00a0 \u00a0 Balazo al aire.- por el honor de \u2026<\/p>\n<p>Gregueria.- cu\u00e1l Hierofante bajando de la loma, Duerte Sacramento se dejaba ver, a\u00fan sin ya estar ah\u00ed.<\/p>\n<p>Oximoron.- Venid, pero no te quites de ah\u00ed.<\/p>\n<p>Haiku.- aqu\u00ed est\u00e1s, mi cielo.<\/p>\n<p>Seas noche, seas d\u00eda,<\/p>\n<p>m\u00e1s. Aqu\u00ed est\u00e1s.<\/p>\n<div class=\"yj6qo\"><\/div>\n<div class=\"adL\"><\/div>\n<\/div>\n<div class=\"adL\"><\/div>\n","protected":false},"excerpt":{"rendered":"<p>-para bien de este Taller de ideas \u2026 Paul von Hindenburg est\u00e1 de regreso. Aunque quiero decir mucho este \u201cart\u00edculo de opini\u00f3n\u201d solo es un pu\u00f1ado de p\u00e1rrafos, no da espacio. Habiendo \u00e9l le\u00eddo la columna invitada, trazada esa por Albert Cisne, donde aquel da luz, v\u00eda su Opera Prima, de la \u201cinteligencia estrat\u00e9gica\u201d, vali\u00e9ndose [&hellip;]<\/p>\n","protected":false},"author":50,"featured_media":8608,"comment_status":"closed","ping_status":"closed","sticky":false,"template":"","format":"standard","meta":{"footnotes":""},"categories":[23],"tags":[2426,874],"class_list":["post-34162","post","type-post","status-publish","format-standard","has-post-thumbnail","hentry","category-articulistas","tag-contrainteligencia","tag-inteligencia"],"_links":{"self":[{"href":"https:\/\/indicadorpolitico.com.mx\/index.php?rest_route=\/wp\/v2\/posts\/34162","targetHints":{"allow":["GET"]}}],"collection":[{"href":"https:\/\/indicadorpolitico.com.mx\/index.php?rest_route=\/wp\/v2\/posts"}],"about":[{"href":"https:\/\/indicadorpolitico.com.mx\/index.php?rest_route=\/wp\/v2\/types\/post"}],"author":[{"embeddable":true,"href":"https:\/\/indicadorpolitico.com.mx\/index.php?rest_route=\/wp\/v2\/users\/50"}],"replies":[{"embeddable":true,"href":"https:\/\/indicadorpolitico.com.mx\/index.php?rest_route=%2Fwp%2Fv2%2Fcomments&post=34162"}],"version-history":[{"count":2,"href":"https:\/\/indicadorpolitico.com.mx\/index.php?rest_route=\/wp\/v2\/posts\/34162\/revisions"}],"predecessor-version":[{"id":34164,"href":"https:\/\/indicadorpolitico.com.mx\/index.php?rest_route=\/wp\/v2\/posts\/34162\/revisions\/34164"}],"wp:featuredmedia":[{"embeddable":true,"href":"https:\/\/indicadorpolitico.com.mx\/index.php?rest_route=\/wp\/v2\/media\/8608"}],"wp:attachment":[{"href":"https:\/\/indicadorpolitico.com.mx\/index.php?rest_route=%2Fwp%2Fv2%2Fmedia&parent=34162"}],"wp:term":[{"taxonomy":"category","embeddable":true,"href":"https:\/\/indicadorpolitico.com.mx\/index.php?rest_route=%2Fwp%2Fv2%2Fcategories&post=34162"},{"taxonomy":"post_tag","embeddable":true,"href":"https:\/\/indicadorpolitico.com.mx\/index.php?rest_route=%2Fwp%2Fv2%2Ftags&post=34162"}],"curies":[{"name":"wp","href":"https:\/\/api.w.org\/{rel}","templated":true}]}}