{"id":34430,"date":"2024-08-18T19:50:58","date_gmt":"2024-08-19T01:50:58","guid":{"rendered":"https:\/\/indicadorpolitico.com.mx\/?p=34430"},"modified":"2024-08-18T15:33:22","modified_gmt":"2024-08-18T21:33:22","slug":"poderes-como-viene-lo-que-viene-presidencialismo","status":"publish","type":"post","link":"https:\/\/indicadorpolitico.com.mx\/?p=34430","title":{"rendered":"Poderes: c\u00f3mo viene lo que\u00a0viene; presidencialismo"},"content":{"rendered":"<p>La <strong>presencia<\/strong> del pleno de la Suprema Corte de Justicia en la ceremonia de entrega del acta de presidencia electa a la candidata morenista Claudia Sheinbaum Pardo parec\u00eda haber sido un acto <strong>institucional<\/strong>, pero fue un momento de conflicto <strong>grav\u00edsimo<\/strong> entre poderes: la pr\u00f3xima mandataria 2024-2030 dej\u00f3 claro que <strong>gan\u00f3<\/strong> las elecciones con casi 60% de los votos, que <strong>espera<\/strong> la decisi\u00f3n jur\u00eddica para obtener la mayor\u00eda calificada en el Congreso y que la reforma judicial <strong>va<\/strong> que va.<\/p>\n<p>En este contexto, todo indica que la ministra presidenta Norma Pi\u00f1a Hern\u00e1ndez va de <strong>tropiezo<\/strong> en tropiezo; en t\u00e9rminos legales, su presencia era <strong>innecesaria<\/strong> en la sala del pleno del Tribunal Electoral del Poder Judicial de la Federaci\u00f3n, pero todo el cuerpo colegiado del Poder Judicial como tercer poder constitucional signific\u00f3 un <strong>sometimiento<\/strong> pol\u00edtico al acto de reconocimiento formal de la condici\u00f3n de Sheinbaum como pr\u00f3xima presidenta constitucional de la Rep\u00fablica.<\/p>\n<p>Sin embargo, al salir del evento y luego de haberse despedido formalmente de mano y con un beso en la mejilla de la pr\u00f3xima presidenta, la ministra pi\u00f1a <strong>regres\u00f3<\/strong> a sus oficinas de la Suprema Corte para seguir <strong>operando<\/strong> el paro judicial total &#8211;no parcial&#8211; de toda el \u00e1rea que tiene que ver con la aplicaci\u00f3n legal de la justicia y que hay presiones internas de los grupos radicales que est\u00e1n optando por la <strong>ruptura<\/strong> institucional para que ese paro sea permanente hasta que el presidente L\u00f3pez Obrador y su partido <strong>retiren<\/strong> y congelen la iniciativa de reforma judicial que ya ha sido aprobada en dict\u00e1menes legislativos por proceso <strong>constitucional<\/strong> y s\u00f3lo espera el inicio de la pr\u00f3xima legislatura el 1 de septiembre.<\/p>\n<p>En este <strong>choque<\/strong> entre Poder Judicial contra una decisi\u00f3n del Poder Ejecutivo, la oposici\u00f3n legislativa brilla por su <strong>ausencia<\/strong>; el PRI, el PAN y las posiciones perredistas ya sin partido tienen problemas <strong>internos<\/strong> para definir sus pr\u00f3ximas dirigencias, los tres est\u00e1n padeciendo confrontaciones dom\u00e9sticas que les <strong>impiden<\/strong> atender decisiones legislativas como poder constitucional y hasta ahora <strong>no<\/strong> hay ning\u00fan posicionamiento claro respecto a la iniciativa de reforma judicial que ya entr\u00f3 en un proceso en la legislatura que se va y hasta ahora esas tres posiciones de oposici\u00f3n s\u00f3lo han <strong>anunciado<\/strong> que votar\u00e1n en contra, pero ante la inminencia de una mayor\u00eda calificada de Morena y aliados.<\/p>\n<p>En su discurso de definici\u00f3n de su presidencia al momento de recibir el acta de presidenta electa, Sheinbaum fue muy <strong>clara<\/strong> en los objetivos del arranque de su administraci\u00f3n: esperar la asignaci\u00f3n de plurinominales para construir la mayor\u00eda calificada de m\u00e1s de las dos terceras partes de la bancada y decirle de <strong>frente<\/strong> a la ministra presidenta de la Corte que el voto popular legal <strong>apoy\u00f3<\/strong> la agenda de reformas sist\u00e9micas y de estructura pol\u00edtica, de manera sobresaliente la reforma de la justicia.<\/p>\n<p>Otro <strong>dato<\/strong> significativo en la ceremonia del viernes fue el hecho de que el grupo social opositor &#8211;gelatinoso y hasta aguado&#8211; conocido como <em>Marea Rosa<\/em> <strong>no<\/strong> pudo configurar una protesta masiva como la marcha de finales del a\u00f1o pasado en contra de la reforma de la Corte, pero lo m\u00e1s significativo ha sido el hecho de que la oposici\u00f3n a decisiones del Gobierno lopezobradorista se presenta <strong>dividida<\/strong> y sin un liderazgo de calidad pol\u00edtica y moral: la <em>Marea Rosa<\/em> como resaca, los priistas y panistas <strong>destripados<\/strong> que andan en busca de un grupo que los acoja, la \u00e9lite de liderazgos sociales individuales que <strong>mezclan<\/strong> activistas desprestigiados y figuras sociales que s\u00f3lo quieren presentarse como opini\u00f3n moral y <strong>no<\/strong> participar en una organizaci\u00f3n formal, las desarticuladas estructuras y militantes de los tres partidos de oposici\u00f3n, los intelectuales de <strong>redilas<\/strong> que en masa apoyaron a la candidata opositora X\u00f3chitl G\u00e1lvez Ruiz y pidieron a sus seguidores culturales que por favor votar\u00e1n por el PRI, el PAN o el PRD y ahora ya est\u00e1n firmando otros desplegados de <strong>redilas<\/strong> en contra del presidente venezolano Nicol\u00e1s Maduro y los periodistas que asumieron ya la condici\u00f3n de comunicadores <strong>militantes<\/strong> a favor de figuras y partidos pol\u00edticos, pero todos ellos <strong>desperdigados<\/strong> en sus propios territorios.<\/p>\n<p>Sin ning\u00fan espacio fortificado en el Poder Legislativo donde se va a <strong>discutir<\/strong> la reforma judicial, la ministra Pi\u00f1a como comandanta de la rebeli\u00f3n social en modo de paro total de labores de todos los prestadores del servicio de Justicia se qued\u00f3 en medio de un <strong>vac\u00edo<\/strong> de poder y no pudo &#8211;o no la dejaron los miembros del bloque duro de la Corte&#8211; abrir un verdadero camino de <strong>negociaci\u00f3n<\/strong> de un consenso sobre la reforma.<\/p>\n<p>Si hay paro judicial permanente, el <em>c\u00e1rtel<\/em> de la toga y el birrete va a <strong>romper<\/strong> el orden constitucional.<\/p>\n<p>&nbsp;<\/p>\n<p style=\"text-align: center;\">-0-<\/p>\n<p>&nbsp;<\/p>\n<p><strong>Pol\u00edtica para <em>dummies<\/em><\/strong>: la pol\u00edtica &#8211;y es muy dif\u00edcil que lo entiendan los pol\u00edticos&#8211; ese entendimiento o guerra.<\/p>\n<p><em>El contenido de esta columna es responsabilidad exclusiva del columnista y no del peri\u00f3dico que la publica.<\/em><\/p>\n<p><em>\u00a0<\/em><\/p>\n<p><a href=\"mailto:carlosramirezh@elindependiente.com.mx\"><em>carlosramirezh@elindependiente.com.mx<\/em><\/a><\/p>\n<p><a href=\"http:\/\/elindependiente.com.mx\"><em>http:\/\/elindependiente.com.mx<\/em><\/a><\/p>\n<p><em>@carlosramirezh<\/em><\/p>\n<p>&nbsp;<\/p>\n","protected":false},"excerpt":{"rendered":"<p>La presencia del pleno de la Suprema Corte de Justicia en la ceremonia de entrega del acta de presidencia electa a la candidata morenista Claudia Sheinbaum Pardo parec\u00eda haber sido un acto institucional, pero fue un momento de conflicto grav\u00edsimo entre poderes: la pr\u00f3xima mandataria 2024-2030 dej\u00f3 claro que gan\u00f3 las elecciones con casi 60% [&hellip;]<\/p>\n","protected":false},"author":2,"featured_media":34431,"comment_status":"closed","ping_status":"closed","sticky":false,"template":"","format":"standard","meta":{"footnotes":""},"categories":[19],"tags":[1091,4686],"class_list":["post-34430","post","type-post","status-publish","format-standard","has-post-thumbnail","hentry","category-columna-indicador-politico","tag-claudia-sheinbaum-pardo","tag-pina"],"_links":{"self":[{"href":"https:\/\/indicadorpolitico.com.mx\/index.php?rest_route=\/wp\/v2\/posts\/34430","targetHints":{"allow":["GET"]}}],"collection":[{"href":"https:\/\/indicadorpolitico.com.mx\/index.php?rest_route=\/wp\/v2\/posts"}],"about":[{"href":"https:\/\/indicadorpolitico.com.mx\/index.php?rest_route=\/wp\/v2\/types\/post"}],"author":[{"embeddable":true,"href":"https:\/\/indicadorpolitico.com.mx\/index.php?rest_route=\/wp\/v2\/users\/2"}],"replies":[{"embeddable":true,"href":"https:\/\/indicadorpolitico.com.mx\/index.php?rest_route=%2Fwp%2Fv2%2Fcomments&post=34430"}],"version-history":[{"count":1,"href":"https:\/\/indicadorpolitico.com.mx\/index.php?rest_route=\/wp\/v2\/posts\/34430\/revisions"}],"predecessor-version":[{"id":34432,"href":"https:\/\/indicadorpolitico.com.mx\/index.php?rest_route=\/wp\/v2\/posts\/34430\/revisions\/34432"}],"wp:featuredmedia":[{"embeddable":true,"href":"https:\/\/indicadorpolitico.com.mx\/index.php?rest_route=\/wp\/v2\/media\/34431"}],"wp:attachment":[{"href":"https:\/\/indicadorpolitico.com.mx\/index.php?rest_route=%2Fwp%2Fv2%2Fmedia&parent=34430"}],"wp:term":[{"taxonomy":"category","embeddable":true,"href":"https:\/\/indicadorpolitico.com.mx\/index.php?rest_route=%2Fwp%2Fv2%2Fcategories&post=34430"},{"taxonomy":"post_tag","embeddable":true,"href":"https:\/\/indicadorpolitico.com.mx\/index.php?rest_route=%2Fwp%2Fv2%2Ftags&post=34430"}],"curies":[{"name":"wp","href":"https:\/\/api.w.org\/{rel}","templated":true}]}}