{"id":34909,"date":"2024-09-29T19:50:09","date_gmt":"2024-09-30T01:50:09","guid":{"rendered":"https:\/\/indicadorpolitico.com.mx\/?p=34909"},"modified":"2024-09-29T18:34:53","modified_gmt":"2024-09-30T00:34:53","slug":"dia-1-hoy-martes-dia-1-de-sheinbaum-sola-o-con-amlo","status":"publish","type":"post","link":"https:\/\/indicadorpolitico.com.mx\/?p=34909","title":{"rendered":"D\u00eda -1. Hoy martes, d\u00eda 1 de\u00a0Sheinbaum; sola o con AMLO"},"content":{"rendered":"<p>Todos los an\u00e1lisis, evaluaciones y <strong>expectativas<\/strong> como nuevos inicios de gobierno se basan en experiencias <strong>anteriores<\/strong> y a partir de ah\u00ed se comienzan a establecer ciertos perfiles <strong>propios<\/strong> de los presidentes que inician su gesti\u00f3n.<\/p>\n<p>Las <strong>sucesiones<\/strong> en el poder dominante &#8211;imperios ind\u00edgenas, Nueva Espa\u00f1a y M\u00e9xico Independiente&#8211; se basan en el hecho de que el emperador, virrey o presidente tiene todo el poder para <strong>imponer<\/strong> &#8211;no solo poner&#8211; a su sucesor y todos los salientes siempre escogen al m\u00e1s <strong>d\u00e9bil<\/strong> y al que de alguna manera podr\u00edan controlar.<\/p>\n<p>Pero salvo los <strong>casos<\/strong> de Pascual Ortiz Rubio &#8211;el <em>nopalito<\/em>, por verde y baboso&#8211; y Abelardo Rodr\u00edguez &#8211;m\u00e1s negociante que militar&#8211;, todos los presidentes entrantes saben que de alguna manera tendr\u00e1n que <strong>decidir<\/strong> entre su propio paso a la historia o responder a los intereses del expresidente en turno.<\/p>\n<p>La presidenta Claudia Sheinbaum Pardo empieza su periodo constitucional con una <strong>marca<\/strong> hasta ahora indeleble: la impuso el presidente L\u00f3pez Obrador en un juego maquiav\u00e9lico desde Palacio Nacional por <strong>dos<\/strong> razones sencillas: <strong>carece<\/strong> de un grupo que pudiera de alguna manera replantear el proyecto lopezobradorista y la lealtad y <strong>disciplina<\/strong> a su jefe como prueba permanente.<\/p>\n<p>Las <strong>primeras<\/strong> evaluaciones al pie de la ceremonia de investidura con la banda presidencial, buena parte de los an\u00e1lisis hablan de una Sheinbaum militante social, figura del 68, <strong>presuntamente<\/strong> de la izquierda universitaria de la base estudiantil &#8211;no de la \u00e9lite acad\u00e9mica&#8211; y se ha multiplicado una foto donde una protesta aparece con una pancarta contra Salinas.<\/p>\n<p>En t\u00e9rminos de an\u00e1lisis pol\u00edtico real, estos son elementos <strong>superficiales<\/strong>, sobreestimados a\u00fan si se toman al cien por cierto y sin poder configurar un elemento de peso a la hora de <strong>construir<\/strong> su liderazgo presidencial.<\/p>\n<p>En cambio, L\u00f3pez Obrador present\u00f3 desde su <strong>inicio<\/strong> una imagen de militancia en las calles, de liderazgo de protestas masivas, de confrontaci\u00f3n con el poder y de armado de un partido que dominar\u00e1 los pr\u00f3ximos sexenios y que <strong>no<\/strong> le pertenecer\u00e1 a la presidenta Sheinbaum porque el presidente L\u00f3pez Obrador dej\u00f3 <strong>amarrada<\/strong> a su cuadro femenino m\u00e1s consolidado &#8211;Luisa Mar\u00eda Alcalde Luj\u00e1n&#8211; y a su <strong>hijo<\/strong> Andr\u00e9s Manuel <em>Andy<\/em> L\u00f3pez Beltr\u00e1n en el manejo del <strong>aparato<\/strong> del partido desde la Secretar\u00eda de Organizaci\u00f3n.<\/p>\n<p>Sin partido, con un gabinete <strong>dividido<\/strong> entre herencias y algunas figuras propias y con un presidente saliente que hasta la \u00faltima hora dej\u00f3 muy claro su <strong>padrinazgo<\/strong> de su sucesora, la presidenta Sheinbaum tendr\u00e1 no un a\u00f1o, tampoco seis meses y menos a\u00fan cien d\u00edas, sino el escaso margen de los primeros <strong>diez<\/strong> d\u00edas de su gobierno para definir un perfil propio o dejar que <strong>domine<\/strong> en la opini\u00f3n p\u00fablica su papel de <strong>intendenta<\/strong> de un proyecto que no es propio y al que le podr\u00e1 dar <strong>cierto<\/strong> sello personal pero no lo suficiente como para asumir la totalidad del poder absolutista de la Jefatura del Poder Ejecutivo.<\/p>\n<p>El presidente L\u00f3pez Obrador <strong>marc\u00f3<\/strong> la imagen pol\u00edtica p\u00fablica de su sucesora cuando la llev\u00f3 a su lado en los \u00faltimos dos meses de gobierno con la intenci\u00f3n de dejar muy claro que la presidenta Sheinbaum <strong>pertenec\u00eda<\/strong> al proyecto pol\u00edtico de L\u00f3pez Obrador y que Morena y la propuesta de Cuarta Transformaci\u00f3n se <strong>sintetizaba<\/strong> en la figura del presidente saliente rumbo a su expresidencia.<\/p>\n<p>Los art\u00edculos y <strong>an\u00e1lisis<\/strong> y comentarios de las plumas conocidas y reconocidas como antilopezobradoristas jugaron un papel <strong>malvado<\/strong> de dejar abierta la posibilidad de un apoyo institucional a la nueva presidencia, pero a cambio de una <strong>ruptura<\/strong> abrupta con su antecesor. Y ah\u00ed vendr\u00e1 la capacidad de la presidenta Sheinbaum Pardo para usar con <strong>astucia<\/strong> pol\u00edtica la posibilidad de definir dos sexenios &#8211;el anterior y el propio&#8211; con estilos que reflejen el valor de sus <strong>propias<\/strong> propuestas, adem\u00e1s de darle relativa continuidad institucional a las heredadas.<\/p>\n<p>M\u00e1s que ruptura, la posibilidad que enfrenta la presidenta de Sheinbaum Pardo es la del <strong>deslindamiento<\/strong> de los l\u00edmites pol\u00edticos de los sexenios, en el entendido de que todos los ojos de protagonistas del sistema pol\u00edtico estar\u00e1n adivinando e <strong>interpretando<\/strong> gestos y movimientos, lamentablemente para ella en medio de un clima <strong>antilopezobradorista<\/strong> que no es mayoritario, pero logr\u00f3 <strong>sobrevivir<\/strong> en el ecosistema pol\u00edtico y que est\u00e1 esperando que a partir de hoy martes comience a <strong>cobrarle<\/strong> la factura a L\u00f3pez Obrador sin el poder directo de la Presidencia.<\/p>\n<p>Ma\u00f1ana 1 de octubre comenzar\u00e1n los <strong>diez<\/strong> d\u00edas que determinar\u00e1n el sexenio de la presidenta Sheinbaum Pardo.<\/p>\n<p>&nbsp;<\/p>\n<p style=\"text-align: center;\">-0-<\/p>\n<p>&nbsp;<\/p>\n<p><strong>Pol\u00edtica para <em>dummies<\/em><\/strong>: la pol\u00edtica se incuba en una f\u00e1brica de hielo.<\/p>\n<p><em>El contenido de esta columna es responsabilidad exclusiva del columnista y no del peri\u00f3dico que la publica.<\/em><\/p>\n<p><em>\u00a0<\/em><\/p>\n<p><a href=\"mailto:carlosramirezh@elindependiente.com.mx\"><em>carlosramirezh@elindependiente.com.mx<\/em><\/a><\/p>\n<p><a href=\"http:\/\/elindependiente.com.mx\"><em>http:\/\/elindependiente.com.mx<\/em><\/a><\/p>\n<p><em>@carlosramirezh<\/em><\/p>\n<p>&nbsp;<\/p>\n","protected":false},"excerpt":{"rendered":"<p>Todos los an\u00e1lisis, evaluaciones y expectativas como nuevos inicios de gobierno se basan en experiencias anteriores y a partir de ah\u00ed se comienzan a establecer ciertos perfiles propios de los presidentes que inician su gesti\u00f3n. Las sucesiones en el poder dominante &#8211;imperios ind\u00edgenas, Nueva Espa\u00f1a y M\u00e9xico Independiente&#8211; se basan en el hecho de que [&hellip;]<\/p>\n","protected":false},"author":2,"featured_media":34916,"comment_status":"closed","ping_status":"closed","sticky":false,"template":"","format":"standard","meta":{"footnotes":""},"categories":[19],"tags":[36,477],"class_list":["post-34909","post","type-post","status-publish","format-standard","has-post-thumbnail","hentry","category-columna-indicador-politico","tag-amlo","tag-sheinbaum"],"_links":{"self":[{"href":"https:\/\/indicadorpolitico.com.mx\/index.php?rest_route=\/wp\/v2\/posts\/34909","targetHints":{"allow":["GET"]}}],"collection":[{"href":"https:\/\/indicadorpolitico.com.mx\/index.php?rest_route=\/wp\/v2\/posts"}],"about":[{"href":"https:\/\/indicadorpolitico.com.mx\/index.php?rest_route=\/wp\/v2\/types\/post"}],"author":[{"embeddable":true,"href":"https:\/\/indicadorpolitico.com.mx\/index.php?rest_route=\/wp\/v2\/users\/2"}],"replies":[{"embeddable":true,"href":"https:\/\/indicadorpolitico.com.mx\/index.php?rest_route=%2Fwp%2Fv2%2Fcomments&post=34909"}],"version-history":[{"count":1,"href":"https:\/\/indicadorpolitico.com.mx\/index.php?rest_route=\/wp\/v2\/posts\/34909\/revisions"}],"predecessor-version":[{"id":34910,"href":"https:\/\/indicadorpolitico.com.mx\/index.php?rest_route=\/wp\/v2\/posts\/34909\/revisions\/34910"}],"wp:featuredmedia":[{"embeddable":true,"href":"https:\/\/indicadorpolitico.com.mx\/index.php?rest_route=\/wp\/v2\/media\/34916"}],"wp:attachment":[{"href":"https:\/\/indicadorpolitico.com.mx\/index.php?rest_route=%2Fwp%2Fv2%2Fmedia&parent=34909"}],"wp:term":[{"taxonomy":"category","embeddable":true,"href":"https:\/\/indicadorpolitico.com.mx\/index.php?rest_route=%2Fwp%2Fv2%2Fcategories&post=34909"},{"taxonomy":"post_tag","embeddable":true,"href":"https:\/\/indicadorpolitico.com.mx\/index.php?rest_route=%2Fwp%2Fv2%2Ftags&post=34909"}],"curies":[{"name":"wp","href":"https:\/\/api.w.org\/{rel}","templated":true}]}}