{"id":3718,"date":"2021-03-03T00:45:00","date_gmt":"2021-03-03T06:45:00","guid":{"rendered":"https:\/\/indicadorpolitico.com.mx\/?p=3718"},"modified":"2021-03-03T00:45:00","modified_gmt":"2021-03-03T06:45:00","slug":"monreal-mete-mano-a-la-reforma-electrica-y-la-saca-adelante","status":"publish","type":"post","link":"https:\/\/indicadorpolitico.com.mx\/?p=3718","title":{"rendered":"Monreal mete mano a la reforma el\u00e9ctrica y la saca adelante"},"content":{"rendered":"<p>Con al menos dos cambios simples, el zacatecano\u00a0<b>Ricardo Monreal<\/b>\u00a0saca adelante otra reforma controvertida y echa abajo la posibilidad de que esta iniciativa termine en una ola de juicios en tribunales internacionales.<\/p>\n<p>El primer cambio fue de una palabra. En lugar de \u201c<b>deber\u00e1<\/b>\u201d quedar\u00e1 en la nueva Ley sobre la Industria El\u00e9ctrica, la palabra \u201c<b>podr\u00e1<\/b>\u201d con lo cual el zacatecano derrumb\u00f3 los reclamos de la oposici\u00f3n y los temores de los industriales del ramo y de la planta productiva en general.<\/p>\n<p>La otra modificaci\u00f3n fue la que establece que cualquier cambio de los convenios o contratos firmados, o los que se van a suscribir a partir de ahora, deber\u00e1n pasar primero por un proceso de \u201cderecho de audiencia\u201d, es decir, quienes se inconformen podr\u00e1n rebatir en una instancia oficial interna la decisi\u00f3n que les afecte.<\/p>\n<p>Los cambios y una amplia explicaci\u00f3n sobre el todo de la reforma de la Ley de Energ\u00eda El\u00e9ctrica fueron dados a conocer por el propio presidente de la Junta de Coordinaci\u00f3n Pol\u00edtica y l\u00edder de la mayor\u00eda de Morena en el Senado con el proceso de debate ya adelantado en el Pleno de la c\u00e1mara alta.<\/p>\n<p><b>LO QUE LOGRA UNA SIMPLE PALABRA<\/b><\/p>\n<p>Asediado y confrontado por el reclamo de sectores importantes como el los industriales y los del sector financiero, sin contar con los internacionales, quienes le advert\u00edan constantemente con comentarios de que tal como envi\u00f3 el presidente\u00a0<b>Andr\u00e9s Manuel L\u00f3pez Obrador<\/b>\u00a0su iniciativa preferente (lo que obliga a diputados y senadores a tramitarla en tiempo espec\u00edfico), su aprobaci\u00f3n provocar\u00eda un alud de juicios y graves p\u00e9rdidas de confianza y dinero por indemnizaciones,\u00a0<b>Monreal<\/b>\u00a0puso a trabajar su habilidosa e ingeniosa neurona \u00a0y finalmente encontr\u00f3 la soluci\u00f3n.<\/p>\n<p>Todo con el cambio de una palabra por otra. En la iniciativa presidencial se dec\u00eda que la CFE \u201c<b>deber\u00eda<\/b>\u201d privilegiar, o dar prioridad, preferencia a la producci\u00f3n o compra de energ\u00eda con combust\u00f3leo y carb\u00f3n porque ello le garantizar\u00eda menos p\u00e9rdidas y mayor soberan\u00eda.<\/p>\n<p>Los industriales y ecologistas se prendieron de la lampara, porque esa decisi\u00f3n no s\u00f3lo impondr\u00eda un mecanismo autoritario, sino muy costoso para los consumidores de energ\u00eda el\u00e9ctrica y sobre todo una emisi\u00f3n mayor de contaminantes.<\/p>\n<p>Todo iba mal con eso.<\/p>\n<p>Ante este panorama de advertencias y presagios de conflicto, se le ocurri\u00f3 cambiar de palabra: en lugar de \u201c<b>deber\u00eda<\/b>\u201d la reforma dir\u00e1, \u201c<b>podr\u00eda<\/b>\u201d con lo cual da opci\u00f3n a que la CFE opte en algunos casos por el uso de energ\u00edas limpias en lugar de usar combust\u00f3leo o carb\u00f3n.<\/p>\n<p>Ello abrir\u00eda la alternativa de optar por diferentes opciones y con ello bajar la rijosidad de los consumidores y los ambientalistas.<\/p>\n<p><b>SE ABRIR\u00c1N INSTANCIAS DE NEGOCIACI\u00d3N<\/b><\/p>\n<p>La segunda soluci\u00f3n vino al introducirse en la reforma la creaci\u00f3n de una instancia de negociaci\u00f3n interna, para abrir la garant\u00eda de ser escuchados.<\/p>\n<p>Luego de ser aprobada por los senadores el dictamen de la reforma de la Ley de la Industria El\u00e9ctrica regresar\u00e1 a San L\u00e1zaro para que sea a su vez aprobada de nuevo por los diputados.<\/p>\n<p><b>EL DEBATE<\/b><\/p>\n<p>Hasta poco antes de que\u00a0<b>Monreal<\/b>\u00a0presentara sus propuestas de cambio, lo que ocurri\u00f3 al filo de las 8 de la noche, los senadores de todos los partidos hab\u00edan iniciado un proceso de discusi\u00f3n que se perfilaba para durar toda la noche y madrugada.<\/p>\n<p>En el dictamen, los senadores coincidieron con la propuesta de la C\u00e1mara de Diputados para rescatar y fortalecer a la Comisi\u00f3n Federal de Electricidad cuyo car\u00e1cter estrat\u00e9gico es fundamental para mantener tarifas bajas en beneficio de los usuarios finales y proteger los intereses de la naci\u00f3n.<\/p>\n<p>En ese contexto los legisladores de Morena y sus aliados del PT y Verde, adelantaban que votar\u00eda a favor de la aprobaci\u00f3n del dictamen por que la propuesta de\u00a0<b>AMLO<\/b>\u00a0\u201cbusca reivindicar a la CFE como Empresa Productiva del Estado y garantizar la confiabilidad y seguridad del Sistema El\u00e9ctrico Nacional\u201d.<\/p>\n<p>Todos ellos recibieron la indicaci\u00f3n previa de que esta reforma significa \u201cla instauraci\u00f3n de un nuevo orden en el sistema de despacho de los generadores el\u00e9ctricos, as\u00ed como el fortalecimiento de la rector\u00eda del Estado para dirigir las actividades de planeaci\u00f3n del Sistema El\u00e9ctrico Nacional, a trav\u00e9s de la Secretar\u00eda de Energ\u00eda.<\/p>\n<p>\u201cY ello se har\u00eda con una modalidad en el otorgamiento de los Certificados de Energ\u00edas Limpias que elimina la obligatoriedad de compras por subastas y la revocaci\u00f3n de los permisos de autoabastecimiento, que hayan sido obtenidos en fraude a la ley y que contin\u00faen surtiendo sus efectos jur\u00eddicos\u201d.<\/p>\n<p>Otro de los aspectos de la reforma, es el que considera la revisi\u00f3n de la legalidad y rentabilidad, para el Gobierno Federal, de los contratos suscritos con productores independientes de energ\u00eda.<\/p>\n<p>El proyecto se\u00f1ala que el cambio normativo propuesto de ninguna manera implica la concesi\u00f3n de un trato preferencial a la CFE, en detrimento de los competidores del mercado el\u00e9ctrico mayorista.<\/p>\n<p>Lejos de ello, se establece en la reforma el principio angular consagrado en el art\u00edculo 25 constitucional, conforme al cual al Estado le corresponde la rector\u00eda del desarrollo nacional, por lo que tiene a su cargo la planeaci\u00f3n, conducci\u00f3n y coordinaci\u00f3n de la actividad econ\u00f3mica nacional.<\/p>\n<p>As\u00ed, al presentar el dictamen en sesi\u00f3n a distancia, la senadora\u00a0<b>Roc\u00edo Adriana Abreu Arti\u00f1an<\/b>o, presidenta de la Comisi\u00f3n de Energ\u00eda, se\u00f1al\u00f3 que frente a la situaci\u00f3n actual que vive el sector es necesario dar un cambio radical a las pol\u00edticas energ\u00e9ticas, en particular a la el\u00e9ctrica.<\/p>\n<p>Subray\u00f3 que la finalidad es lograr el bienestar de los mexicanos, mantener una industria el\u00e9ctrica fuerte, sana, autosuficiente, creadora de empleo y en crecimiento, para que siga siendo el pilar de desarrollo.<\/p>\n<p>La legisladora de Morena indic\u00f3 que la importancia del sector energ\u00e9tico nacional es ampliamente reconocida, pues se trata de un \u00e1rea estrat\u00e9gica, no s\u00f3lo desde el punto de vista econ\u00f3mico, sino que es factor clave de la pol\u00edtica exterior y vital para la seguridad nacional y el bienestar de las familias mexicanas.<\/p>\n<p><b>LA OPOSICI\u00d3N NO SE ENGANCHA<\/b><\/p>\n<p>A nombre del PRI, la senadora\u00a0<b>Claudia Ruiz Massieu<\/b>, present\u00f3 un voto particular en contra del proyecto. Acus\u00f3 a la bancada mayoritaria de rendirse a presiones presidenciales y no luchar por el beneficio del pueblo de M\u00e9xico.<\/p>\n<p>\u201cEste proyecto es desaseado e il\u00f3gico. Su implementaci\u00f3n no prosperar\u00e1, pues, por un lado, establece disposiciones que son contrarias al mandato de la CFE, como empresa productiva y obliga al Estado a adquirir energ\u00eda cara, sucia e ineficiente, adem\u00e1s de que viola los tratados internacionales\u201d, insisti\u00f3.<\/p>\n<p>A su vez la senadora\u00a0<b>Alejandra Noem\u00ed Reynoso<\/b>, del PAN, present\u00f3 igual un voto particular en contra. Y explic\u00f3 que esta reforma no garantiza el derecho a la salud, a un medioambiente sano e impide la libre competencia.<\/p>\n<p>Dijo que su fracci\u00f3n considera esta reforma como inconstitucional, porque adem\u00e1s de incumplir tratados internacionales, vulnera los procesos legislativos al no someterse al m\u00e9todo de un parlamento abierto.<\/p>\n<p><b>VA LUPITA JONES POR PRI, PAN Y PRD EN BC<\/b><\/p>\n<p>Luego de m\u00e1s de dos meses de incertidumbre y dudas, PAN, PRI y PRD lograron el acuerdo para lanzar la ex Miss Universo\u00a0<b>Lupita Jones como su candidata a la gubernatura de BC.<\/b><\/p>\n<p><b>La formadora de reinas de la belleza, competir\u00e1 as\u00ed contra Jorge Hank Rohn que representar\u00e1 al PES y contra Marina del Pilar \u00c1vila, quien representar\u00e1 a Morena, Verde y PT.<\/b><\/p>\n<p>El anuncio se realizar\u00e1 formalmente hoy desde Tijuana.<\/p>\n<p><span lang=\"EN-US\">&#8230;<\/span><a href=\"mailto:rvizcainoa@gmail.com\" target=\"_blank\" rel=\"noopener\"><span lang=\"EN-US\">rvizcainoa@gmail.com<\/span><\/a><span lang=\"EN-US\">\u00a0\/ Twitter: @_Vizcaino \/ Facebook \/\u00a0<\/span><a href=\"https:\/\/www.facebook.com\/rvizcainoa\" target=\"_blank\" rel=\"noopener\" data-saferedirecturl=\"https:\/\/www.google.com\/url?q=https:\/\/www.facebook.com\/rvizcainoa&amp;source=gmail&amp;ust=1614832831515000&amp;usg=AFQjCNGbMJz7ars4NC1Hzw5LCOdPmsLgMQ\"><span lang=\"EN-US\">https:\/\/www.facebook.com\/<wbr \/>rvizcainoa<\/span><\/a><\/p>\n","protected":false},"excerpt":{"rendered":"<p>Con al menos dos cambios simples, el zacatecano\u00a0Ricardo Monreal\u00a0saca adelante otra reforma controvertida y echa abajo la posibilidad de que esta iniciativa termine en una ola de juicios en tribunales internacionales. El primer cambio fue de una palabra. En lugar de \u201cdeber\u00e1\u201d quedar\u00e1 en la nueva Ley sobre la Industria El\u00e9ctrica, la palabra \u201cpodr\u00e1\u201d con [&hellip;]<\/p>\n","protected":false},"author":9,"featured_media":421,"comment_status":"closed","ping_status":"closed","sticky":false,"template":"","format":"standard","meta":{"footnotes":""},"categories":[23],"tags":[1047,85],"class_list":["post-3718","post","type-post","status-publish","format-standard","has-post-thumbnail","hentry","category-articulistas","tag-ley-de-la-industria-electrica-lie","tag-senado"],"_links":{"self":[{"href":"https:\/\/indicadorpolitico.com.mx\/index.php?rest_route=\/wp\/v2\/posts\/3718","targetHints":{"allow":["GET"]}}],"collection":[{"href":"https:\/\/indicadorpolitico.com.mx\/index.php?rest_route=\/wp\/v2\/posts"}],"about":[{"href":"https:\/\/indicadorpolitico.com.mx\/index.php?rest_route=\/wp\/v2\/types\/post"}],"author":[{"embeddable":true,"href":"https:\/\/indicadorpolitico.com.mx\/index.php?rest_route=\/wp\/v2\/users\/9"}],"replies":[{"embeddable":true,"href":"https:\/\/indicadorpolitico.com.mx\/index.php?rest_route=%2Fwp%2Fv2%2Fcomments&post=3718"}],"version-history":[{"count":0,"href":"https:\/\/indicadorpolitico.com.mx\/index.php?rest_route=\/wp\/v2\/posts\/3718\/revisions"}],"wp:featuredmedia":[{"embeddable":true,"href":"https:\/\/indicadorpolitico.com.mx\/index.php?rest_route=\/wp\/v2\/media\/421"}],"wp:attachment":[{"href":"https:\/\/indicadorpolitico.com.mx\/index.php?rest_route=%2Fwp%2Fv2%2Fmedia&parent=3718"}],"wp:term":[{"taxonomy":"category","embeddable":true,"href":"https:\/\/indicadorpolitico.com.mx\/index.php?rest_route=%2Fwp%2Fv2%2Fcategories&post=3718"},{"taxonomy":"post_tag","embeddable":true,"href":"https:\/\/indicadorpolitico.com.mx\/index.php?rest_route=%2Fwp%2Fv2%2Ftags&post=3718"}],"curies":[{"name":"wp","href":"https:\/\/api.w.org\/{rel}","templated":true}]}}