{"id":38193,"date":"2025-10-06T06:28:40","date_gmt":"2025-10-06T12:28:40","guid":{"rendered":"https:\/\/indicadorpolitico.com.mx\/?p=38193"},"modified":"2025-10-06T07:08:20","modified_gmt":"2025-10-06T13:08:20","slug":"san-luis-potosi-sede-del-cuarto-congreso-nacional-de-mujeres-501","status":"publish","type":"post","link":"https:\/\/indicadorpolitico.com.mx\/?p=38193","title":{"rendered":"San Luis Potos\u00ed sede del Cuarto Congreso Nacional de Mujeres 50+1"},"content":{"rendered":"<p dir=\"ltr\">El Cuarto Congreso Nacional 2025 de la Colectiva 50+1, reunir\u00e1 a m\u00e1s de mil liderazgos femeninos en San Luis Potos\u00ed, ciudad elegida por su ubicaci\u00f3n estrat\u00e9gica, riqueza cultural e historia en favor de la lucha por los derechos de las mujeres.<\/p>\n<p>&nbsp;<\/p>\n<p dir=\"ltr\">M\u00e1s de mil liderazgos femeninos se reunir\u00e1n en un encuentro que promete transformar la ciudad en un escenario de conocimiento, inspiraci\u00f3n y acci\u00f3n, con paneles, conferencias magistrales, actividades culturales y reconocimientos a mujeres y aliados destacados.<\/p>\n<p>&nbsp;<\/p>\n<p dir=\"ltr\">Mujeres l\u00edderes en diferentes \u00e1mbitos se reunir\u00e1n en San Luis Potos\u00ed el pr\u00f3ximo 10 de octubre, en donde se abordar\u00e1n los temas de violencia hacia las infancias y la mujer, derechos pol\u00edticos y empoderamiento econ\u00f3mico.<\/p>\n<p>&nbsp;<\/p>\n<p dir=\"ltr\">Claudia Corichi Garc\u00eda, Presidenta Nacional de 50+1, inform\u00f3 que las actividades comenzar\u00e1n a partir de las 9 de la ma\u00f1ana y arrancan con la presentaci\u00f3n de mensajes de activistas que han logrado cambios en la legislaci\u00f3n en M\u00e9xico, por ejemplo Malena R\u00edos y las impulsoras de la ley contra la violencia vicaria.<\/p>\n<p>&nbsp;<\/p>\n<p dir=\"ltr\">La Colectiva 50+1, con su enfoque en la equidad y el empoderamiento, ofrece un modelo de acci\u00f3n que inspira a las nuevas generaciones. Al reconocer y celebrar los logros de mujeres y aliados, el congreso se convierte en una plataforma de transformaci\u00f3n social, donde la experiencia de cada participante se traduce en proyectos y pol\u00edticas que benefician a toda la comunidad potosina.<\/p>\n<p>&nbsp;<\/p>\n<p dir=\"ltr\">Rosa Bechara Arriola, Presidenta del cap\u00edtulo 50+1 San Luis Potos\u00ed, anunci\u00f3 que a lo largo del d\u00eda se realizar\u00e1n diferentes paneles, como \u00abMujeres que gobiernan desde lo local\u00bb, en el cual participar\u00e1n diferentes alcaldesas; \u00abLlegamos todas\u00bb, sobre derechos pol\u00edticos de las mujeres ind\u00edgenas; \u00abLiderazgo empresarial femenino\u00bb, en el que participar\u00e1n mujeres como Blanca Estela P\u00e9rez, miembro del Consejo Coordinador Empresarial, la presidenta nacional de Canacintra, directora de asuntos gubernamentales de Audi y la atleta Rar\u00e1muri nacida en Guachochi, Chihuahua, Lorena Ram\u00edrez.<\/p>\n<p>&nbsp;<\/p>\n<p dir=\"ltr\">Rosa Bechara Arriola, Presidenta de 50+1 San Luis Potos\u00ed te invita a participar en el 4to. Congreso Nacional que se llevar\u00e1 a cabo este pr\u00f3ximo viernes 10 de octubre de 2025 en San Luis Potos\u00ed, epicentro de la fuerza, la voz y el talento de mujeres que est\u00e1n transformando M\u00e9xico.<\/p>\n<p>&nbsp;<\/p>\n<p dir=\"ltr\">Ver #Video en\u2026<\/p>\n<p dir=\"ltr\"><a href=\"https:\/\/www.instagram.com\/reel\/DPcKibEDsyN\/?igsh=ZHo0bnY5dXBnYzB2\" target=\"_blank\" rel=\"noopener\" data-saferedirecturl=\"https:\/\/www.google.com\/url?q=https:\/\/www.instagram.com\/reel\/DPcKibEDsyN\/?igsh%3DZHo0bnY5dXBnYzB2&amp;source=gmail&amp;ust=1759802160586000&amp;usg=AOvVaw05sAsXMcUbYoZxylv_MHhg\">https:\/\/www.instagram.com\/<wbr \/>reel\/DPcKibEDsyN\/?igsh=<wbr \/>ZHo0bnY5dXBnYzB2<\/a><\/p>\n<p>&nbsp;<\/p>\n<p dir=\"ltr\">Para finalizar, ser\u00e1 una jornada \u00fanica con paneles, conferencias, arte, cultura y experiencias que nos recuerdan que el liderazgo y la sororidad son el motor del cambio.<\/p>\n<p>&nbsp;<\/p>\n<p dir=\"ltr\">#Congreso50m\u00e1s1<\/p>\n<p dir=\"ltr\">#SanLuisPotos\u00ed #MujeresPoderosas<\/p>\n<p>&nbsp;<\/p>\n<p dir=\"ltr\">As\u00ed es como estar\u00e9 compartiendo con todos ustedes #MiColumnaDeHoy \u00bfRoz\u00f3n\u2026 y?, y me pongo a sus \u00f3rdenes en el sitio web:\u00a0<a href=\"https:\/\/www.facebook.com\/fabianjimeneznarvaez1\" target=\"_blank\" rel=\"noopener\" data-saferedirecturl=\"https:\/\/www.google.com\/url?q=https:\/\/www.facebook.com\/fabianjimeneznarvaez1&amp;source=gmail&amp;ust=1759802160586000&amp;usg=AOvVaw2zJj-g_KNX_qZFypxK0nVR\">https:\/\/www.facebook.com\/<wbr \/>fabianjimeneznarvaez1<\/a>, correo electr\u00f3nico:\u00a0<a href=\"mailto:fabianjimeneznarvaez@gmail.com\" target=\"_blank\" rel=\"noopener\">fabianjimeneznarvaez@gmail.com<\/a><wbr \/>, twitter: fabian7511, instagram: fabianjimenezn, y en la p\u00e1gina de Facebook, me puedes encontrar como @Fajinar<\/p>\n","protected":false},"excerpt":{"rendered":"<p>El Cuarto Congreso Nacional 2025 de la Colectiva 50+1, reunir\u00e1 a m\u00e1s de mil liderazgos femeninos en San Luis Potos\u00ed, ciudad elegida por su ubicaci\u00f3n estrat\u00e9gica, riqueza cultural e historia en favor de la lucha por los derechos de las mujeres. &nbsp; M\u00e1s de mil liderazgos femeninos se reunir\u00e1n en un encuentro que promete transformar [&hellip;]<\/p>\n","protected":false},"author":37,"featured_media":549,"comment_status":"closed","ping_status":"closed","sticky":false,"template":"","format":"standard","meta":{"footnotes":""},"categories":[23],"tags":[],"class_list":["post-38193","post","type-post","status-publish","format-standard","has-post-thumbnail","hentry","category-articulistas"],"_links":{"self":[{"href":"https:\/\/indicadorpolitico.com.mx\/index.php?rest_route=\/wp\/v2\/posts\/38193","targetHints":{"allow":["GET"]}}],"collection":[{"href":"https:\/\/indicadorpolitico.com.mx\/index.php?rest_route=\/wp\/v2\/posts"}],"about":[{"href":"https:\/\/indicadorpolitico.com.mx\/index.php?rest_route=\/wp\/v2\/types\/post"}],"author":[{"embeddable":true,"href":"https:\/\/indicadorpolitico.com.mx\/index.php?rest_route=\/wp\/v2\/users\/37"}],"replies":[{"embeddable":true,"href":"https:\/\/indicadorpolitico.com.mx\/index.php?rest_route=%2Fwp%2Fv2%2Fcomments&post=38193"}],"version-history":[{"count":1,"href":"https:\/\/indicadorpolitico.com.mx\/index.php?rest_route=\/wp\/v2\/posts\/38193\/revisions"}],"predecessor-version":[{"id":38194,"href":"https:\/\/indicadorpolitico.com.mx\/index.php?rest_route=\/wp\/v2\/posts\/38193\/revisions\/38194"}],"wp:featuredmedia":[{"embeddable":true,"href":"https:\/\/indicadorpolitico.com.mx\/index.php?rest_route=\/wp\/v2\/media\/549"}],"wp:attachment":[{"href":"https:\/\/indicadorpolitico.com.mx\/index.php?rest_route=%2Fwp%2Fv2%2Fmedia&parent=38193"}],"wp:term":[{"taxonomy":"category","embeddable":true,"href":"https:\/\/indicadorpolitico.com.mx\/index.php?rest_route=%2Fwp%2Fv2%2Fcategories&post=38193"},{"taxonomy":"post_tag","embeddable":true,"href":"https:\/\/indicadorpolitico.com.mx\/index.php?rest_route=%2Fwp%2Fv2%2Ftags&post=38193"}],"curies":[{"name":"wp","href":"https:\/\/api.w.org\/{rel}","templated":true}]}}