{"id":38853,"date":"2026-03-05T06:31:43","date_gmt":"2026-03-05T12:31:43","guid":{"rendered":"https:\/\/indicadorpolitico.com.mx\/?p=38853"},"modified":"2026-03-05T11:34:23","modified_gmt":"2026-03-05T17:34:23","slug":"maria-elena-orantes-fortalece-la-inversion-y-el-intercambio-comercial-de-yucatan-en-houston","status":"publish","type":"post","link":"https:\/\/indicadorpolitico.com.mx\/?p=38853","title":{"rendered":"Mar\u00eda Elena Orantes fortalece la inversi\u00f3n y el intercambio comercial de Yucat\u00e1n en Houston"},"content":{"rendered":"<p dir=\"ltr\">*\u201cEmpleo digno y desarrollo econ\u00f3mico para el Edomex \u201c: \u00d3scar Flores Jim\u00e9nez<\/p>\n<p dir=\"ltr\">En el marco del Rodeo Houston 2026, el Gobernador de Yucat\u00e1n, Joaqu\u00edn D\u00edaz Mena (\u00abHuacho\u00bb), habl\u00f3 sobre las bondades de su estado como un destino importante para la ganader\u00eda, esto en el marco de la relaci\u00f3n institucional que el gobernador mantiene con las representaciones consulares de M\u00e9xico en Estados Unidos para promover los sectores productivos de Yucat\u00e1n.<\/p>\n<p>&nbsp;<\/p>\n<p dir=\"ltr\">La C\u00f3nsul General de M\u00e9xico en Houston, Mar\u00eda Elena Orantes, en la \u00abCasa de M\u00e9xico\u00bb, se reuni\u00f3 con un grupo de empresarios ganaderos mexicanos para destacar la importancia estrat\u00e9gica de la ganader\u00eda yucateca, buscando fortalecer la inversi\u00f3n y el intercambio comercial de Yucat\u00e1n en Houston.<\/p>\n<p>&nbsp;<\/p>\n<p dir=\"ltr\">\u201cCon gran entusiasmo recib\u00ed en la Casa de M\u00e9xico a un distinguido grupo de empresarios ganaderos provenientes de diversos estados de nuestro pa\u00eds, as\u00ed como a destacadas y destacados representantes del Houston Livestock Show and Rodeo\u201d, indic\u00f3\u00a0Mar\u00eda Elena Orantes, C\u00f3nsul General de M\u00e9xico en Houston.<\/p>\n<p>&nbsp;<\/p>\n<p dir=\"ltr\">Abund\u00f3, que \u201cdurante este encuentro tuvimos el honor de escuchar al Gobernador de Yucat\u00e1n, Joaqu\u00edn D\u00edaz Mena, quien nos habl\u00f3 de las bondades de su estado como un destino importante para la ganader\u00eda\u201d.<\/p>\n<p><img loading=\"lazy\" decoding=\"async\" class=\" wp-image-38854 alignleft\" src=\"https:\/\/indicadorpolitico.com.mx\/wp-content\/uploads\/2026\/03\/unnamed-2-225x300.jpg\" alt=\"\" width=\"275\" height=\"367\" srcset=\"https:\/\/indicadorpolitico.com.mx\/wp-content\/uploads\/2026\/03\/unnamed-2-225x300.jpg 225w, https:\/\/indicadorpolitico.com.mx\/wp-content\/uploads\/2026\/03\/unnamed-2-769x1024.jpg 769w, https:\/\/indicadorpolitico.com.mx\/wp-content\/uploads\/2026\/03\/unnamed-2-768x1023.jpg 768w, https:\/\/indicadorpolitico.com.mx\/wp-content\/uploads\/2026\/03\/unnamed-2-1153x1536.jpg 1153w, https:\/\/indicadorpolitico.com.mx\/wp-content\/uploads\/2026\/03\/unnamed-2-1538x2048.jpg 1538w, https:\/\/indicadorpolitico.com.mx\/wp-content\/uploads\/2026\/03\/unnamed-2-696x927.jpg 696w, https:\/\/indicadorpolitico.com.mx\/wp-content\/uploads\/2026\/03\/unnamed-2-1068x1422.jpg 1068w, https:\/\/indicadorpolitico.com.mx\/wp-content\/uploads\/2026\/03\/unnamed-2-315x420.jpg 315w, https:\/\/indicadorpolitico.com.mx\/wp-content\/uploads\/2026\/03\/unnamed-2-600x799.jpg 600w, https:\/\/indicadorpolitico.com.mx\/wp-content\/uploads\/2026\/03\/unnamed-2-scaled.jpg 1922w\" sizes=\"auto, (max-width: 275px) 100vw, 275px\" \/><\/p>\n<p dir=\"ltr\">Ver #video en\u2026<\/p>\n<p dir=\"ltr\"><a href=\"https:\/\/x.com\/i\/status\/2029384377713766878\" target=\"_blank\" rel=\"noopener\" data-saferedirecturl=\"https:\/\/www.google.com\/url?q=https:\/\/x.com\/i\/status\/2029384377713766878&amp;source=gmail&amp;ust=1772818235152000&amp;usg=AOvVaw3oBssV2LLuIG5QWM3i0DfL\">https:\/\/x.com\/i\/status\/<wbr \/>2029384377713766878<\/a><\/p>\n<p>&nbsp;<\/p>\n<p dir=\"ltr\">Asimismo, reconoci\u00f3 la trayectoria de V\u00edctor Hugo Howard, campe\u00f3n mundial de barbecue y ganador del certamen en el Rodeo de Houston el a\u00f1o pasado, \u201ca quien expresamos nuestro aprecio por su destacada labor y por poner en alto el nombre de M\u00e9xico\u201d.<\/p>\n<p>&nbsp;<\/p>\n<p dir=\"ltr\">Esta actividad forma parte de la proyecci\u00f3n internacional que el gobierno de D\u00edaz Mena est\u00e1 dando al estado de Yucat\u00e1n en materia econ\u00f3mica y agropecuaria.<\/p>\n<p>&nbsp;<\/p>\n<p dir=\"ltr\">Vale la pena destacar, la presencia de l\u00edderes del sector ganadero y de integrantes del Rodeo Houston reafirma el esp\u00edritu de colaboraci\u00f3n que distingue esta celebraci\u00f3n y subraya la valiosa contribuci\u00f3n de la comunidad mexicana al desarrollo econ\u00f3mico y cultural entre M\u00e9xico y Houston.<\/p>\n<p>&nbsp;<\/p>\n<p dir=\"ltr\">#DiplomaciaCercana #TuConsulado<\/p>\n<p>&nbsp;<\/p>\n<p dir=\"ltr\">\u201cEmpleo digno y desarrollo econ\u00f3mico para el Edomex \u201c: \u00d3scar Flores Jim\u00e9nez<\/p>\n<p>&nbsp;<\/p>\n<p dir=\"ltr\">El tercer eje del Plan de Desarrollo del Estado de M\u00e9xico 2023-2029 es Empleo digno y desarrollo econ\u00f3mico \u201cInclusi\u00f3n para el bienestar y la prosperidad\u201d, para lograrlo se sumar\u00e1n esfuerzos con distintos sectores sociales y econ\u00f3micos.<\/p>\n<p>&nbsp;<\/p>\n<p dir=\"ltr\">Con ese prop\u00f3sito \u201cme reun\u00ed con el Presidente de la C\u00e1mara Mexicana de la Industria de la Construcci\u00f3n, Delegaci\u00f3n Edo. Mex. Gustavo Berrelleza Valdez; as\u00ed como con su Secretario, Erick Ben\u00edtez; y el Tesorero, Rodolfo Iv\u00e1n P\u00e9rez\u201d, se\u00f1al\u00f3\u00a0\u00d3scar Flores Jim\u00e9nez, Secretario de Finanzas del Gobierno del Estado de M\u00e9xico.<\/p>\n<p>&nbsp;<\/p>\n<p dir=\"ltr\">El sector de la construcci\u00f3n es muy relevante en la econom\u00eda estatal, genera una importante cantidad de empleos directos e indirectos y potencia otras actividades como el de las manufacturas, transporte y comercio. Este sector representa aproximadamente el 4.3% del Producto Interno Bruto del Estado de M\u00e9xico.<\/p>\n<p>&nbsp;<\/p>\n<p dir=\"ltr\">2026 es el a\u00f1o de la obra p\u00fablica en la entidad, y la Gobernadora, Mtra. Delfina G\u00f3mez \u00c1lvarez, impuls\u00f3 un paquete de incentivos fiscales ambicioso para atraer nuevas inversiones o ampliar las operaciones de empresas en la entidad.<\/p>\n<p>&nbsp;<\/p>\n<p dir=\"ltr\">Destacan 15 subsidios al Impuesto sobre Erogaciones por Remuneraciones al Trabajo Personal, seis subsidios ecol\u00f3gicos y dos subsidios para vivienda social.<\/p>\n<p>&nbsp;<\/p>\n<p dir=\"ltr\">#ElPoderDeServir<\/p>\n<p>&nbsp;<\/p>\n<p dir=\"ltr\">As\u00ed es como estar\u00e9 compartiendo con todos ustedes #MiColumnaDeHoy \u00bfRoz\u00f3n\u2026 y?, y me pongo a sus \u00f3rdenes en el sitio web:\u00a0<a href=\"https:\/\/www.facebook.com\/fabianjimeneznarvaez1\" target=\"_blank\" rel=\"noopener\" data-saferedirecturl=\"https:\/\/www.google.com\/url?q=https:\/\/www.facebook.com\/fabianjimeneznarvaez1&amp;source=gmail&amp;ust=1772818235152000&amp;usg=AOvVaw2veDsO-dXdyX6qSiM2lcJ_\">https:\/\/www.facebook.com\/<wbr \/>fabianjimeneznarvaez1<\/a>, correo electr\u00f3nico:\u00a0<a href=\"mailto:fabianjimeneznarvaez@gmail.com\" target=\"_blank\" rel=\"noopener\">fabianjimeneznarvaez@gmail.com<\/a><wbr \/>, X: fabian7511, instagram: fabianjimenezn, y en la p\u00e1gina de Facebook, me puedes encontrar como @Fajinar<\/p>\n","protected":false},"excerpt":{"rendered":"<p>*\u201cEmpleo digno y desarrollo econ\u00f3mico para el Edomex \u201c: \u00d3scar Flores Jim\u00e9nez En el marco del Rodeo Houston 2026, el Gobernador de Yucat\u00e1n, Joaqu\u00edn D\u00edaz Mena (\u00abHuacho\u00bb), habl\u00f3 sobre las bondades de su estado como un destino importante para la ganader\u00eda, esto en el marco de la relaci\u00f3n institucional que el gobernador mantiene con las [&hellip;]<\/p>\n","protected":false},"author":37,"featured_media":549,"comment_status":"closed","ping_status":"closed","sticky":false,"template":"","format":"standard","meta":{"footnotes":""},"categories":[23],"tags":[],"class_list":["post-38853","post","type-post","status-publish","format-standard","has-post-thumbnail","hentry","category-articulistas"],"_links":{"self":[{"href":"https:\/\/indicadorpolitico.com.mx\/index.php?rest_route=\/wp\/v2\/posts\/38853","targetHints":{"allow":["GET"]}}],"collection":[{"href":"https:\/\/indicadorpolitico.com.mx\/index.php?rest_route=\/wp\/v2\/posts"}],"about":[{"href":"https:\/\/indicadorpolitico.com.mx\/index.php?rest_route=\/wp\/v2\/types\/post"}],"author":[{"embeddable":true,"href":"https:\/\/indicadorpolitico.com.mx\/index.php?rest_route=\/wp\/v2\/users\/37"}],"replies":[{"embeddable":true,"href":"https:\/\/indicadorpolitico.com.mx\/index.php?rest_route=%2Fwp%2Fv2%2Fcomments&post=38853"}],"version-history":[{"count":1,"href":"https:\/\/indicadorpolitico.com.mx\/index.php?rest_route=\/wp\/v2\/posts\/38853\/revisions"}],"predecessor-version":[{"id":38855,"href":"https:\/\/indicadorpolitico.com.mx\/index.php?rest_route=\/wp\/v2\/posts\/38853\/revisions\/38855"}],"wp:featuredmedia":[{"embeddable":true,"href":"https:\/\/indicadorpolitico.com.mx\/index.php?rest_route=\/wp\/v2\/media\/549"}],"wp:attachment":[{"href":"https:\/\/indicadorpolitico.com.mx\/index.php?rest_route=%2Fwp%2Fv2%2Fmedia&parent=38853"}],"wp:term":[{"taxonomy":"category","embeddable":true,"href":"https:\/\/indicadorpolitico.com.mx\/index.php?rest_route=%2Fwp%2Fv2%2Fcategories&post=38853"},{"taxonomy":"post_tag","embeddable":true,"href":"https:\/\/indicadorpolitico.com.mx\/index.php?rest_route=%2Fwp%2Fv2%2Ftags&post=38853"}],"curies":[{"name":"wp","href":"https:\/\/api.w.org\/{rel}","templated":true}]}}