{"id":38866,"date":"2026-03-10T19:50:57","date_gmt":"2026-03-11T01:50:57","guid":{"rendered":"https:\/\/indicadorpolitico.com.mx\/?p=38866"},"modified":"2026-03-10T13:53:25","modified_gmt":"2026-03-10T19:53:25","slug":"la-4t-se-olvido-del-desarrollo-con-mismos-errores-del-prian","status":"publish","type":"post","link":"https:\/\/indicadorpolitico.com.mx\/?p=38866","title":{"rendered":"La 4T se olvid\u00f3 del desarrollo,\u00a0con mismos errores del PRIAN"},"content":{"rendered":"<p>Los Gobiernos de la 4T se encontraron en 2018 con 25 a\u00f1os de una <strong>desidia<\/strong> gubernamental en materia de desarrollo industrial y agropecuario dentro del Tratado, pero llevan ya siete a\u00f1os <strong>repitiendo<\/strong> los mismos errores que cometi\u00f3 el presidente Carlos Salinas de Gortari cuando le dio <strong>prioridad<\/strong> a la casi desaparici\u00f3n de aranceles y desde 1994 <strong>no<\/strong> ha existido una pol\u00edtica de Estado para la modernizaci\u00f3n\/reconversi\u00f3n de la planta productiva de exportaci\u00f3n.<\/p>\n<p>En este contexto, el secretario de Econom\u00eda, Marcelo Ebrard Casaub\u00f3n, <strong>no<\/strong> tiene m\u00e1s que hacer alarde de su especialidad pol\u00edtica: la <strong>ret\u00f3rica<\/strong>, para tratar de vender la idea de que la revisi\u00f3n del acuerdo comercial trilateral &#8211;que por cierto ser\u00e1 solo entre <strong>dos<\/strong>, por el desprecio del presidente Trump hacia Canad\u00e1&#8211; ser\u00e1 una gran oportunidad para que M\u00e9xico siga <strong>avanzando<\/strong> en el comercio exterior.<\/p>\n<p>Pero <strong>tres<\/strong> datos del especialista Arnulfo R. G\u00f3mez han revelado de manera insistente que en los \u00faltimos a\u00f1os M\u00e9xico dej\u00f3 <strong>pasar<\/strong> la oportunidad hist\u00f3rica de mercados integrados porque se qued\u00f3 c\u00f3modamente en la <strong>modorra<\/strong> de producir lo poco que pod\u00eda producir y <strong>no<\/strong> dar el salto cualitativo en la modernizaci\u00f3n de la planta industrial.<\/p>\n<p>1.- M\u00e9xico ha firmado <strong>15<\/strong> tratados comerciales tanto individuales como con bloques con 54 pa\u00edses de los 182 registrados en el \u00e1mbito mundial, pero el <strong>83%<\/strong> de las exportaciones va solo a EU y el <strong>60%<\/strong> de las importaciones proviene de Europa y sobre todo Asia.<\/p>\n<p>2.- El <strong>desaf\u00edo<\/strong> mexicano estuvo en la posibilidad de que el Tratado acicateara la modernizaci\u00f3n o hasta reconversi\u00f3n productiva de una planta industrial y agropecuaria obsoleta y con ello convirtiera en M\u00e9xico en un pa\u00eds que <strong>aportara<\/strong> productos fabricados aqu\u00ed &#8211;hechos en M\u00e9xico, dice la propaganda cuatrote\u00edsta&#8211;, pero la <strong>participaci\u00f3n<\/strong> nacional en la elaboraci\u00f3n de productos de exportaci\u00f3n al mercado norteamericano y al mundo ha <strong>bajado<\/strong> de 58% a 40%, y el sector productivo mexicano ya <strong>ni<\/strong> siquiera es maquilador sino que est\u00e1 colocado en el escal\u00f3n <strong>inferior<\/strong> de la producci\u00f3n: simple <strong>ensamblador<\/strong>. Y lo peor ha sido que la <strong>incapacidad<\/strong> de producci\u00f3n industrial de M\u00e9xico ha sido <strong>sustituida<\/strong> de manera tramposa en el Tratado con productos de otros pa\u00edses, los que al final son los <strong>beneficiarios<\/strong> del intercambio comercial.<\/p>\n<p>3.- El negociador Ebrard Casaub\u00f3n se encontrar\u00e1 que 32 a\u00f1os de tratado comercial <strong>no<\/strong> modificaron la capacidad competitiva de M\u00e9xico frente a sus socios tradicionales y menos en comparaci\u00f3n con otros pa\u00edses subdesarrollados que invirtieron en modernizaci\u00f3n y reconversi\u00f3n: de las <strong>140<\/strong> variables de competitividad, M\u00e9xico solo tiene ventaja en <strong>18<\/strong> &#8211;apenas el 12.8%&#8211; y desventaja en 122 restantes. Pero se trata de variables que tienen que ver con la <strong>elevaci\u00f3n<\/strong> de la calidad productiva: instituciones, infraestructura, tecnolog\u00eda de la comunicaci\u00f3n, estabilidad macroecon\u00f3mica, capacitaci\u00f3n, innovaci\u00f3n y otras, y M\u00e9xico <strong>nada<\/strong> que hacer frente a pa\u00edses como Singapur y hasta Vietnam.<\/p>\n<p>Experto en estrategias <strong>distractoras<\/strong>, el secretario Ebrard Casaub\u00f3n tendr\u00e1 que entrar en el terreno del realismo econ\u00f3mico frente a los <strong>indicios<\/strong> que ya envi\u00f3 por adelantado el objetivo del presidente Trump de <strong>frenar<\/strong> la desintegraci\u00f3n de la planta productiva de EU por la globalizaci\u00f3n que permiti\u00f3 la <strong>fuga<\/strong> de empresas industriales a otras naciones y con <strong>sanciones<\/strong> graves las est\u00e1 obligando a reinstalarse en Estados Unidos.<\/p>\n<p>El funcionario mexicano dice estar dispuesto a \u201ciniciar un <strong>di\u00e1logo<\/strong> con Estados Unidos\u201d cuando la agenda establece con claridad puntos de <strong>negociaci\u00f3n<\/strong> concreta de los aspectos en los que M\u00e9xico <strong>descuid\u00f3<\/strong> en el ciclo PRIAN 1994-2018 y mantuvo y hasta <strong>profundiz\u00f3<\/strong> en el corto periodo cuatrote\u00edsta 2018-2026.<\/p>\n<p>Los siete a\u00f1os de gobierno lopezobradorista atendieron las prioridades de la agenda <strong>social<\/strong> y de reconstrucci\u00f3n del r\u00e9gimen presidencialista en lo econ\u00f3mico y productivo, con una circunstancia agravante de que se impuso un sistema judicial <strong>politizado<\/strong> y subordinado al presidencialismo y <strong>redujo<\/strong> el Estado de derecho a las empresas que mal que bien pod\u00edan negociar espacios con el viejo r\u00e9gimen judicial. El tema justamente del Estado de derecho es el m\u00e1s <strong>vulnerable<\/strong> porque los inversionistas extranjeros no van a arriesgar su dinero en un pa\u00eds donde se <strong>desmoron\u00f3<\/strong> la calidad de las leyes.<\/p>\n<p>El punto m\u00e1s <strong>delicado<\/strong> de la renegociaci\u00f3n de los t\u00e9rminos del Tratado se encuentra en el hecho de que a la Secretar\u00eda de Econom\u00eda le correspond\u00eda dise\u00f1ar y poner en pr\u00e1ctica un gran programa de <strong>modernizaci\u00f3n<\/strong> industrial y agropecuaria para elevar la calidad de la producci\u00f3n y poder desplazar a otros productos. L\u00f3pez Obrador aprob\u00f3 un proyecto titulado \u201c<strong>Rumbo<\/strong> a una pol\u00edtica industrial\u201d que no fue m\u00e1s que una <strong>mala<\/strong> calca del programa que el presidente De la Madrid se sac\u00f3 de la manga cuando meti\u00f3 a M\u00e9xico al GATT.<\/p>\n<p>La presidenta Sheinbaum defini\u00f3 su Plan M\u00e9xico como programa <strong>pol\u00edtico<\/strong> que no promueve la modernizaci\u00f3n o reconversi\u00f3n industrial sino solo se centra en el modelo propagand\u00edstico de \u201cPolos de desarrollo para el <strong>bienestar<\/strong>\u201d, no para la producci\u00f3n industrial.<\/p>\n<p>La <strong>revisi\u00f3n<\/strong> del Tratado en modo de <strong>renegociaci\u00f3n<\/strong> se realizar\u00e1 en t\u00e9rminos de las prioridades de Estados Unidos, por muy <strong>dialogante<\/strong> que llegue en M\u00e9xico.<\/p>\n<p>&nbsp;<\/p>\n<p style=\"text-align: center;\">-0-<\/p>\n<p>&nbsp;<\/p>\n<p><strong>Pol\u00edtica para <em>dummies<\/em><\/strong>: la pol\u00edtica se mide por resultados; lo dem\u00e1s es demagogia.<\/p>\n<p><a href=\"mailto:carlosramirezh@elindependiente.com.mx\"><em>carlosramirezh@elindependiente.com.mx<\/em><\/a><\/p>\n<p><a href=\"http:\/\/elindependiente.com.mx\"><em>http:\/\/elindependiente.com.mx<\/em><\/a><\/p>\n<p><em>@carlosramirezh<\/em><\/p>\n<p><em>\u00a0<\/em><\/p>\n<p><em>El contenido de esta columna es responsabilidad exclusiva del columnista y no del peri\u00f3dico que la publica.<\/em><\/p>\n<p>&nbsp;<\/p>\n<p>&nbsp;<\/p>\n","protected":false},"excerpt":{"rendered":"<p>Los Gobiernos de la 4T se encontraron en 2018 con 25 a\u00f1os de una desidia gubernamental en materia de desarrollo industrial y agropecuario dentro del Tratado, pero llevan ya siete a\u00f1os repitiendo los mismos errores que cometi\u00f3 el presidente Carlos Salinas de Gortari cuando le dio prioridad a la casi desaparici\u00f3n de aranceles y desde [&hellip;]<\/p>\n","protected":false},"author":2,"featured_media":0,"comment_status":"closed","ping_status":"closed","sticky":false,"template":"","format":"standard","meta":{"footnotes":""},"categories":[19],"tags":[],"class_list":["post-38866","post","type-post","status-publish","format-standard","hentry","category-columna-indicador-politico"],"_links":{"self":[{"href":"https:\/\/indicadorpolitico.com.mx\/index.php?rest_route=\/wp\/v2\/posts\/38866","targetHints":{"allow":["GET"]}}],"collection":[{"href":"https:\/\/indicadorpolitico.com.mx\/index.php?rest_route=\/wp\/v2\/posts"}],"about":[{"href":"https:\/\/indicadorpolitico.com.mx\/index.php?rest_route=\/wp\/v2\/types\/post"}],"author":[{"embeddable":true,"href":"https:\/\/indicadorpolitico.com.mx\/index.php?rest_route=\/wp\/v2\/users\/2"}],"replies":[{"embeddable":true,"href":"https:\/\/indicadorpolitico.com.mx\/index.php?rest_route=%2Fwp%2Fv2%2Fcomments&post=38866"}],"version-history":[{"count":1,"href":"https:\/\/indicadorpolitico.com.mx\/index.php?rest_route=\/wp\/v2\/posts\/38866\/revisions"}],"predecessor-version":[{"id":38867,"href":"https:\/\/indicadorpolitico.com.mx\/index.php?rest_route=\/wp\/v2\/posts\/38866\/revisions\/38867"}],"wp:attachment":[{"href":"https:\/\/indicadorpolitico.com.mx\/index.php?rest_route=%2Fwp%2Fv2%2Fmedia&parent=38866"}],"wp:term":[{"taxonomy":"category","embeddable":true,"href":"https:\/\/indicadorpolitico.com.mx\/index.php?rest_route=%2Fwp%2Fv2%2Fcategories&post=38866"},{"taxonomy":"post_tag","embeddable":true,"href":"https:\/\/indicadorpolitico.com.mx\/index.php?rest_route=%2Fwp%2Fv2%2Ftags&post=38866"}],"curies":[{"name":"wp","href":"https:\/\/api.w.org\/{rel}","templated":true}]}}