{"id":38886,"date":"2026-03-17T14:29:09","date_gmt":"2026-03-17T20:29:09","guid":{"rendered":"https:\/\/indicadorpolitico.com.mx\/?p=38886"},"modified":"2026-03-17T08:30:17","modified_gmt":"2026-03-17T14:30:17","slug":"la-barredora-aun-no-esta-siendo-juzgada","status":"publish","type":"post","link":"https:\/\/indicadorpolitico.com.mx\/?p=38886","title":{"rendered":"La Barredora\u00a0a\u00fan no est\u00e1 siendo juzgada"},"content":{"rendered":"<p>A un a\u00f1o y cuatro meses de que el gobernador de Tabasco,\u00a0<b>Javier May Rodr\u00edguez<\/b>, detonara el esc\u00e1ndalo de\u00a0<i>La Barredora<\/i>\u00a0con su acusaci\u00f3n de que el cabecilla de este grupo vinculado al C\u00e1rtel Jalisco Nueva Generaci\u00f3n (CJNG) era quien hab\u00eda sido secretario de Seguridad de la administraci\u00f3n que le antecedi\u00f3,\u00a0<b>Hern\u00e1n Berm\u00fadez Requena<\/b>, el llamado\u00a0<i>Comandante H<\/i>\u00a0est\u00e1 siendo juzgado por asociaci\u00f3n delictuosa, secuestro y extorsi\u00f3n agravados, no por los delitos derivados de haber sido presuntamente jefe de una organizaci\u00f3n criminal al mismo tiempo que estaba al frente de la seguridad p\u00fablica estatal.<\/p>\n<p>Seg\u00fan consta en el expediente criminal de la Fiscal\u00eda General de la Rep\u00fablica (FGR) contra el colaborador del senador\u00a0<b>Ad\u00e1n Augusto L\u00f3pez Hern\u00e1ndez<\/b>, as\u00ed como en expedientes de inteligencia militar del gobierno mexicano, desde 2019\u00a0<b>Berm\u00fadez Requena\u00a0<\/b>fue vinculado al c\u00e1rtel que comandaba\u00a0<b>Rub\u00e9n Nemesio Oseguera Cervantes<\/b>,\u00a0<i>El Mencho<\/i>, recientemente abatido en un operativo castrense en Jalisco.<\/p>\n<p>Justo en ese a\u00f1o arranc\u00f3 la administraci\u00f3n de\u00a0<b>Ad\u00e1n L\u00f3pez<\/b>\u00a0en Tabasco, y hay constancia documentada de que en 2019 que\u00a0<b>Berm\u00fadez Requena<\/b>\u00a0fue nombrado director de la Polic\u00eda de Investigaci\u00f3n de la Fiscal\u00eda General del Estado de Tabasco (FGET),\u00a0<b>Ulises Pinto Madera<\/b>,\u00a0<i>El Mamado<\/i>, fue dado de alta como agente de esa corporaci\u00f3n.<\/p>\n<p><i>El Mamado<\/i>\u00a0fue detenido el 23 de julio del a\u00f1o pasado en el aeropuerto internacional de la ciudad de Guadalajara, bajo el se\u00f1alamiento de ser\u00a0<i>el n\u00famero dos<\/i>\u00a0de\u00a0<i>La Barredora<\/i>; se sabe que ese presunto delincuente se ha acogido al beneficio de ser\u00a0<i>testigo colaborador<\/i>\u00a0de la FGR.<\/p>\n<p>Por declaraciones de\u00a0<b>Pinto Madera<\/b>\u00a0y de\u00a0<b>Carlos<\/b>\u00a0<b>Tom\u00e1s<\/b>\u00a0\u201cN\u201d, el\u00a0<i>Licenciado Tomas\u00edn,\u00a0<\/i>operador financiero del grupo criminal, detenido el pasado 21 de enero en Puebla y quien en su declaraci\u00f3n ministerial dijo ser \u201csecretario particular\u201d de\u00a0<b>Berm\u00fadez Requena<\/b>, se ha logrado trazar el\u00a0<i>mapa criminal<\/i>\u00a0de\u00a0<i>La Barredora<\/i>.<\/p>\n<p>Esas delaciones han establecido que la banda, ap\u00e9ndice del CJNG, operaba con la estructura de la Secretar\u00eda de Seguridad y Protecci\u00f3n Ciudadana de Tabasco (SSyPC), y que mandos policiacos eran al mismo tiempo jefes de plaza.<\/p>\n<p>Por los testimonios de\u00a0<b>Ulises<\/b>\u00a0\u201cN\u201d y\u00a0<b>Carlos Tom\u00e1s<\/b>\u00a0\u201cN\u201d se sabe que el grupo criminal usaba camionetas y armamento de la dependencia, y que se dedicaba al trasiego de drogas, extorsi\u00f3n, tr\u00e1fico de indocumentados y contrabando de combustible robado a Petr\u00f3leos Mexicanos (Pemex), tambi\u00e9n llamado\u00a0<i>huachicol<\/i>.<\/p>\n<p>Pero por nada de eso est\u00e1 siendo juzgado quien fuera secretario de Seguridad en las administraciones de\u00a0<b>Ad\u00e1n L\u00f3pez<\/b>\u00a0y de\u00a0<b>Carlos Manuel Merino Campos<\/b>, nombrado gobernador interino cuando el entonces mandatario de Tabasco fue designado secretario de Gobernaci\u00f3n por el presidente\u00a0<b>Andr\u00e9s Manuel L\u00f3pez Obrador<\/b>\u00a0el 26 de agosto de 2021.<\/p>\n<p>Pese a esas declaraciones ministeriales y a los expedientes de la Secretar\u00eda de la Defensa Nacional (Sedena) que desde 2019 lo vinculaban\u00a0con\u00a0<i>El Mencho<\/i>, el<i>\u00a0Comandante H\u00a0<\/i>est\u00e1 preso bajo la acusaci\u00f3n de asociaci\u00f3n delictuosa, as\u00ed como de secuestro y extorsi\u00f3n agravados.<\/p>\n<p>Dentro de una semana, el pr\u00f3ximo martes, concluir\u00e1 el plazo de la ampliaci\u00f3n del t\u00e9rmino de la investigaci\u00f3n en contra de\u00a0<i>El H<\/i>, y a partir de entonces comenzar\u00e1 la segunda etapa del proceso en su contra.<\/p>\n<p>Se espera que siga en prisi\u00f3n y se haga acreedor a una larga condena, pero de su actuaci\u00f3n como funcionario del \u00e1rea de seguridad mientras era el hombre de\u00a0<i>El Mencho\u00a0<\/i>en el sureste no se espera que el proceso judicial llegue al fondo por las implicaciones pol\u00edticas.<\/p>\n<p>Tras su detenci\u00f3n el 12 de septiembre en Paraguay,\u00a0<b>Hern\u00e1n Berm\u00fadez<\/b>\u00a0se ha reservado su derecho constitucional a no declarar, lo cual ha sido el candado que evita que\u00a0<b>Ad\u00e1n L\u00f3pez<\/b>\u00a0sea requerido en el caso.<\/p>\n<p>En las contadas ocasiones que se ha referido al tema, el secretario de Seguridad federal,\u00a0<b>Omar Garc\u00eda Harfuch<\/b>, ha dicho que el senador\u00a0<b>L\u00f3pez<\/b>\u00a0no aparece involucrado en la investigaci\u00f3n contra su colaborador.<\/p>\n<p>Tambi\u00e9n, en su momento, el fiscal general\u00a0<b>Alejandro Hertz Manero<\/b>\u00a0asegur\u00f3 que no hab\u00eda alguna imputaci\u00f3n directa contra el ex secretario de Gobernaci\u00f3n al que<b>\u00a0L\u00f3pez Obrador<\/b>\u00a0llamaba \u201chermano\u201d.<\/p>\n<p>El ex titular de la FGR dijo que para que el tabasque\u00f1o del primer c\u00edrculo de\u00a0<b>AMLO\u00a0<\/b>fuera llamado a declarar, tendr\u00eda que ser sindicado por\u00a0<i>El H<\/i>.<\/p>\n","protected":false},"excerpt":{"rendered":"<p>A un a\u00f1o y cuatro meses de que el gobernador de Tabasco,\u00a0Javier May Rodr\u00edguez, detonara el esc\u00e1ndalo de\u00a0La Barredora\u00a0con su acusaci\u00f3n de que el cabecilla de este grupo vinculado al C\u00e1rtel Jalisco Nueva Generaci\u00f3n (CJNG) era quien hab\u00eda sido secretario de Seguridad de la administraci\u00f3n que le antecedi\u00f3,\u00a0Hern\u00e1n Berm\u00fadez Requena, el llamado\u00a0Comandante H\u00a0est\u00e1 siendo juzgado [&hellip;]<\/p>\n","protected":false},"author":4,"featured_media":304,"comment_status":"closed","ping_status":"closed","sticky":false,"template":"","format":"standard","meta":{"footnotes":""},"categories":[23],"tags":[],"class_list":["post-38886","post","type-post","status-publish","format-standard","has-post-thumbnail","hentry","category-articulistas"],"_links":{"self":[{"href":"https:\/\/indicadorpolitico.com.mx\/index.php?rest_route=\/wp\/v2\/posts\/38886","targetHints":{"allow":["GET"]}}],"collection":[{"href":"https:\/\/indicadorpolitico.com.mx\/index.php?rest_route=\/wp\/v2\/posts"}],"about":[{"href":"https:\/\/indicadorpolitico.com.mx\/index.php?rest_route=\/wp\/v2\/types\/post"}],"author":[{"embeddable":true,"href":"https:\/\/indicadorpolitico.com.mx\/index.php?rest_route=\/wp\/v2\/users\/4"}],"replies":[{"embeddable":true,"href":"https:\/\/indicadorpolitico.com.mx\/index.php?rest_route=%2Fwp%2Fv2%2Fcomments&post=38886"}],"version-history":[{"count":1,"href":"https:\/\/indicadorpolitico.com.mx\/index.php?rest_route=\/wp\/v2\/posts\/38886\/revisions"}],"predecessor-version":[{"id":38887,"href":"https:\/\/indicadorpolitico.com.mx\/index.php?rest_route=\/wp\/v2\/posts\/38886\/revisions\/38887"}],"wp:featuredmedia":[{"embeddable":true,"href":"https:\/\/indicadorpolitico.com.mx\/index.php?rest_route=\/wp\/v2\/media\/304"}],"wp:attachment":[{"href":"https:\/\/indicadorpolitico.com.mx\/index.php?rest_route=%2Fwp%2Fv2%2Fmedia&parent=38886"}],"wp:term":[{"taxonomy":"category","embeddable":true,"href":"https:\/\/indicadorpolitico.com.mx\/index.php?rest_route=%2Fwp%2Fv2%2Fcategories&post=38886"},{"taxonomy":"post_tag","embeddable":true,"href":"https:\/\/indicadorpolitico.com.mx\/index.php?rest_route=%2Fwp%2Fv2%2Ftags&post=38886"}],"curies":[{"name":"wp","href":"https:\/\/api.w.org\/{rel}","templated":true}]}}