{"id":38896,"date":"2026-03-17T19:50:42","date_gmt":"2026-03-18T01:50:42","guid":{"rendered":"https:\/\/indicadorpolitico.com.mx\/?p=38896"},"modified":"2026-03-17T14:03:44","modified_gmt":"2026-03-17T20:03:44","slug":"la-traicion-de-fidel-castro-a-cardenas-legitimo-a-salinas","status":"publish","type":"post","link":"https:\/\/indicadorpolitico.com.mx\/?p=38896","title":{"rendered":"La traici\u00f3n de Fidel Castro a\u00a0C\u00e1rdenas: legitim\u00f3 a Salinas"},"content":{"rendered":"<p>El expresidente Andr\u00e9s Manuel L\u00f3pez Obrador qued\u00f3 <strong>enredado<\/strong> en sus propias palabras con su mensaje de apoyo a la Cuba de Fidel Castro y la <strong>invocaci\u00f3n<\/strong> a la solidaridad del presidente L\u00e1zaro C\u00e1rdenas en abril de 1961 cuando la CIA oper\u00f3 el <strong>intento<\/strong> de invasi\u00f3n de contrarrevolucionarios por Bah\u00eda de Cochinos\/Playa Gir\u00f3n.<\/p>\n<p>En efecto, el expresidente C\u00e1rdenas se quiso <strong>movilizar<\/strong> f\u00edsicamente para participar como soldado en la defensa de Cuba y lo hizo por convicci\u00f3n ideol\u00f3gica. Pero 27 a\u00f1os despu\u00e9s, el Fidel Castro de Playa Gir\u00f3n <strong>traicion\u00f3<\/strong> la memoria del general C\u00e1rdenas al asistir a la ceremonia de <strong>entronizaci\u00f3n<\/strong> presidencial de Carlos Salinas de Gortari, quien se hab\u00eda adjudicado las elecciones presidenciales de julio de 1988 a trav\u00e9s de un <strong>fraude<\/strong> electoral nada menos que contra el candidato disidente Cuauht\u00e9moc <strong>C\u00e1rdenas<\/strong> Sol\u00f3rzano, hijo el expresidente C\u00e1rdenas.<\/p>\n<p>En aquel diciembre de 1988, Fidel Castro hizo una <strong>machincuepa<\/strong> ideol\u00f3gica-pol\u00edtica-circense para se\u00f1alar que el l\u00edder de las guerrillas de Sierra maestra se hab\u00eda <strong>quedado<\/strong> en La Habana y que en la ceremonia del Palacio Legislativo de M\u00e9xico estaba el jefe del Estado cubano con <strong>traje<\/strong> de calle.<\/p>\n<p>Y llama la atenci\u00f3n la <strong>falta<\/strong> de memoria de L\u00f3pez Obrador porque en 1988 \u00e9l hab\u00eda estado al <strong>lado<\/strong> de C\u00e1rdenas en el Frente Democr\u00e1tico Nacional y el fraude del PRI lo <strong>alcanz\u00f3<\/strong> para derrotarlo en la competencia por la gubernatura de Tabasco.<\/p>\n<p>Pero la historia pol\u00edtica da muchas <strong>vueltas<\/strong>: casi tres lustros despu\u00e9s, el primer presidente de oposici\u00f3n en M\u00e9xico, el panista Vicente Fox Quesada, le dio al comandante-jefe de Estado-guerrillero hist\u00f3rico-figura mundial Fidel Castro el trato de pol\u00edtico <strong>tercermundista<\/strong> al invitarlo en 2002 a una Cumbre Iberoamericana donde estar\u00eda el presidente estadounidense George Bush Jr. pero <strong>limit\u00f3<\/strong> su presencia: despu\u00e9s de la ceremonia y por favor sin causarle molestias al invitado especial de EU, \u201c<strong>comes y te vas<\/strong>\u201d. Ah\u00ed qued\u00f3 enterrado en M\u00e9xico el <strong>cad\u00e1ver<\/strong> pol\u00edtico del legendario Fidel Castro.<\/p>\n<p>El mensaje del presidente em\u00e9rito L\u00f3pez Obrador como <strong>encargado<\/strong> &#8211;se supone&#8211; de ejercer la pol\u00edtica exterior de M\u00e9xico que le corresponde s\u00f3lo a la presidenta de la Rep\u00fablica en funciones y con la participaci\u00f3n institucional del Senado invoc\u00f3 la <strong>supremac\u00eda<\/strong> pol\u00edtica e ideol\u00f3gica de la Cuba de Fidel y Ra\u00fal Castro casi como gu\u00eda ideol\u00f3gica de los mexicanos, porque el expresidente <strong>no<\/strong> habl\u00f3 a t\u00edtulo personal ni como autoridad pol\u00edtica m\u00e1xima de Morena, sino que lo hizo en <strong>nombre<\/strong> nada menos que del expresidente C\u00e1rdenas.<\/p>\n<p>Cuba y Fidel Castro fueron hist\u00f3ricamente <strong>desde\u00f1osos<\/strong> con el M\u00e9xico priista, a pesar de que el presidente L\u00f3pez Mateos se <strong>neg\u00f3<\/strong> a romper relaciones diplom\u00e1ticas con La Habana por orden Estados Unidos a trav\u00e9s de la OEA como su Departamento de Colonias, pero 1962 a 1970 el gobierno castrista financi\u00f3, <strong>cobij\u00f3<\/strong> y entren\u00f3 a la guerrilla mexicana que quer\u00eda derrocar precisamente al PRI del poder.<\/p>\n<p>Echeverr\u00eda y L\u00f3pez Portillo, forjados en el pensamiento pol\u00edtico del PRI, <strong>protegieron<\/strong> a Fidel Castro y siempre recibieron del comandante hist\u00f3rico gestos de <strong>desd\u00e9n<\/strong>. La \u00fanica izquierda &#8211;por llamarle de alg\u00fan modo&#8211; mexicana que apoy\u00f3 a Castro fue la del <strong>nacionalismo<\/strong> revolucionario del PRI, aunque como ejemplo de un cargo de conciencia de los priistas que tuvieron que avalar la <strong>derechizaci\u00f3n<\/strong> del partido y se aferraron a Cuba como coartada ideol\u00f3gica. Por ello, la priista ya sin ideolog\u00eda Beatriz Paredes Rangel se atrevi\u00f3 a decir ahora que Cuba es un asunto de pol\u00edtica <strong>interior<\/strong> de M\u00e9xico, lo cual demostr\u00f3 su falta de capacidad te\u00f3rica para razonar lo que es la pol\u00edtica interior y en todos casos s\u00f3lo porque fue embajadora de M\u00e9xico en Cuba como posici\u00f3n <strong>burocr\u00e1tica<\/strong>.<\/p>\n<p>Fidel Castro no solo <strong>traicion\u00f3<\/strong> la memoria del general C\u00e1rdenas ni los compromisos de solidaridad con la verdadera izquierda socialista-comunista de M\u00e9xico &#8211;la del Partido Comunista Mexicano que por cierto siempre mir\u00f3 con desd\u00e9n a Castro por acomodaticio ideol\u00f3gico y su subordinaci\u00f3n a Mosc\u00fa&#8211; cuando contribuy\u00f3 a la <strong>entronizaci\u00f3n<\/strong> al poder de Carlos Salinas de Gortari en diciembre de 1988. A\u00f1os despu\u00e9s, <strong>sin<\/strong> rubor, Ra\u00fal Castro le entreg\u00f3 a do\u00f1a Amalia Sol\u00f3rzano de C\u00e1rdenas la medalla <em>p\u00f3stuma<\/em> para el general C\u00e1rdenas, en un acto de <strong>hipocres\u00eda<\/strong> pol\u00edtica e ideol\u00f3gica porque a muchos mexicanos nunca se les olvid\u00f3 cuando el comandante Fidel Castro Ruz simb\u00f3licamente le <strong>puso<\/strong> la banda presidencial al Salinas del fraude de 1988.<\/p>\n<p>Queda por <strong>aclarar<\/strong> qu\u00e9 quiso decir el presidente em\u00e9rito L\u00f3pez Obrador con su frase de los \u201cideales de <strong>libertad<\/strong>\u201d de la Cuba de Fidel Castro, cuando sobran testimonios, evidencias, fusilados, exiliados y tumbas de cubanos que <strong>enfrentaron<\/strong> la dictadura del comandante Fidel y perdieron la partida, y sobre todo cuando las c\u00e1rceles cubanas est\u00e1n <strong>llenas<\/strong> de presos por ideas pol\u00edticas, a veces m\u00e1s radicales que las comunistas y a veces tambi\u00e9n muy conservadoras, pero testimoniales de que en Cuba <strong>no<\/strong> existe libertad de pensar, de escribir, de manifestarse.<\/p>\n<p>Por <strong>orden<\/strong> el Palacio de Invierno de Palenque, <strong>todos<\/strong> los funcionarios municipales, estatales y federales est\u00e1n siendo <strong>obligados<\/strong> a dar su <em>moche<\/em> obligatorio al fondo para la Cuba de Castro.<\/p>\n<p>&nbsp;<\/p>\n<p style=\"text-align: center;\">-0-<\/p>\n<p>&nbsp;<\/p>\n<p><strong>Pol\u00edtica para <em>dummies<\/em><\/strong>: la pol\u00edtica es el \u201cya s\u00e9 qui\u00e9n eres, te he estado observando\u201d de Jos\u00e9 Agust\u00edn.<\/p>\n<p><a href=\"mailto:carlosramirezh@elindependiente.mx\"><em>carlosramirezh@elindependiente.mx<\/em><\/a><\/p>\n<p><a href=\"http:\/\/elindependiente.mx\"><em>http:\/\/elindependiente.mx<\/em><\/a><\/p>\n<p><em>@carlosramirezh<\/em><\/p>\n<p><em>\u00a0<\/em><\/p>\n<p><em>El contenido de esta columna es responsabilidad exclusiva del columnista y no del peri\u00f3dico que la publica.<\/em><\/p>\n<p>&nbsp;<\/p>\n<p>&nbsp;<\/p>\n","protected":false},"excerpt":{"rendered":"<p>El expresidente Andr\u00e9s Manuel L\u00f3pez Obrador qued\u00f3 enredado en sus propias palabras con su mensaje de apoyo a la Cuba de Fidel Castro y la invocaci\u00f3n a la solidaridad del presidente L\u00e1zaro C\u00e1rdenas en abril de 1961 cuando la CIA oper\u00f3 el intento de invasi\u00f3n de contrarrevolucionarios por Bah\u00eda de Cochinos\/Playa Gir\u00f3n. En efecto, el [&hellip;]<\/p>\n","protected":false},"author":2,"featured_media":0,"comment_status":"closed","ping_status":"closed","sticky":false,"template":"","format":"standard","meta":{"footnotes":""},"categories":[19],"tags":[],"class_list":["post-38896","post","type-post","status-publish","format-standard","hentry","category-columna-indicador-politico"],"_links":{"self":[{"href":"https:\/\/indicadorpolitico.com.mx\/index.php?rest_route=\/wp\/v2\/posts\/38896","targetHints":{"allow":["GET"]}}],"collection":[{"href":"https:\/\/indicadorpolitico.com.mx\/index.php?rest_route=\/wp\/v2\/posts"}],"about":[{"href":"https:\/\/indicadorpolitico.com.mx\/index.php?rest_route=\/wp\/v2\/types\/post"}],"author":[{"embeddable":true,"href":"https:\/\/indicadorpolitico.com.mx\/index.php?rest_route=\/wp\/v2\/users\/2"}],"replies":[{"embeddable":true,"href":"https:\/\/indicadorpolitico.com.mx\/index.php?rest_route=%2Fwp%2Fv2%2Fcomments&post=38896"}],"version-history":[{"count":1,"href":"https:\/\/indicadorpolitico.com.mx\/index.php?rest_route=\/wp\/v2\/posts\/38896\/revisions"}],"predecessor-version":[{"id":38897,"href":"https:\/\/indicadorpolitico.com.mx\/index.php?rest_route=\/wp\/v2\/posts\/38896\/revisions\/38897"}],"wp:attachment":[{"href":"https:\/\/indicadorpolitico.com.mx\/index.php?rest_route=%2Fwp%2Fv2%2Fmedia&parent=38896"}],"wp:term":[{"taxonomy":"category","embeddable":true,"href":"https:\/\/indicadorpolitico.com.mx\/index.php?rest_route=%2Fwp%2Fv2%2Fcategories&post=38896"},{"taxonomy":"post_tag","embeddable":true,"href":"https:\/\/indicadorpolitico.com.mx\/index.php?rest_route=%2Fwp%2Fv2%2Ftags&post=38896"}],"curies":[{"name":"wp","href":"https:\/\/api.w.org\/{rel}","templated":true}]}}