{"id":38904,"date":"2026-03-17T08:26:26","date_gmt":"2026-03-17T14:26:26","guid":{"rendered":"https:\/\/indicadorpolitico.com.mx\/?p=38904"},"modified":"2026-03-19T12:27:48","modified_gmt":"2026-03-19T18:27:48","slug":"y-como-galileo-y-sin-embargoel-problema-persiste","status":"publish","type":"post","link":"https:\/\/indicadorpolitico.com.mx\/?p=38904","title":{"rendered":"Y como Galileo: y sin embargo\u2026el problema persiste"},"content":{"rendered":"<div>Porque ni los plurinominales representan a alguien en realidad ni se eligen directamente, los 32 senadores plurinominales sirven para maldita la cosa y los gastos electorales de todos siguen siendo excesivos.<\/div>\n<div><\/div>\n<div>La oposici\u00f3n finge sordera. Nadie pidi\u00f3 esta reforma electoral, asegura, mintiendo. Como les gusta hacerse los zongos. La gente lleva \u00a1a\u00f1os! clamando por un cambio y por reducir los gastos electorales. Que no lo quieran o\u00edr y tengan hoy cargos p\u00fablicos de rebote y por proporci\u00f3n de votos, es otra cosa. Y la culpa de eso no es de Morena. Los tienen bajo las reglas electorales que PRI y PAN aprobaron en 2014. Que a nadie se le olvide.<\/div>\n<div><\/div>\n<div>Porque\u2026 los coment\u00f3cratas opositores a Morena ten\u00edan prisa por centrarse en que la no probaci\u00f3n de la reforma propuesta por Sheinbaum era una derrota para ella. Salivaban. Pero su odio y su rencor se qued\u00f3 en eso, para variar. No en an\u00e1lisis. \u00a0Lo importante no es tal reforma ni tal rechazo, porque eso es centrar el punto en los pol\u00edticos y no en lo importante: los ciudadanos y la democracia mexicana, una que ha sido cara \u2013generando impresentables como Juanito, Lilly T\u00e9llez, Alitos y dem\u00e1s espec\u00edmenes\u2013 y que tiene justificadores del desfalco como Lorenzo C\u00f3rdova; y los pluris carecen de una m\u00ednima legitimidad de representatividad real \u2013\u00bfalguien lo duda de los 32 senadores pluris que representan a nada y a nadie? \u2013 y de todas maneras en las condiciones actuales si la propuesta no fue aprobada, no hay garant\u00eda de que la gente votar\u00e1 PAN o PRI. Ni contra los aliados de Morena en venganza ni tampoco por Morena. Nadie la tiene segura y eso s\u00ed es la democracia. Lo dem\u00e1s son elucubraciones.<\/div>\n<div><\/div>\n<div>Persistir en gastos excesivos, porque lo son y esta m\u00e1s que visto, supone seguir desfalcando al erario. Eso votaron los opositores. S\u00ed, el triunfo de Morena hasta hoy es por sus aliados, pero ellos y los opositores son cada vez m\u00e1s ficticios en su representaci\u00f3n.<\/div>\n<div><\/div>\n<div>S\u00ed, el triunfo de Sheinbaum consiste en que sus aliados equivocaron votar en contra, exhibi\u00e9ndose. Reiterando que son r\u00e9moras. Claro que es complicado deshacerse de ellos. Son lacras, pero si de aqu\u00ed en adelante se al\u00edan con PAN y PRI, ser\u00e1n m\u00e1s lacras. Tampoco la tienen asegurada cambiando de bando, porque los ciudadanos a\u00fan no se expresan.<\/div>\n<div><\/div>\n<div>Pero eso tampoco resuelve el problema de su cuestionable representatividad, de que la gente cada vez vota menos a los opositores, sean o no aliados de Morena. No los votan por no ser opci\u00f3n. Ah\u00ed tenemos al PRI y al PAN, tambi\u00e9n en picada perdiendo adeptos y votantes. Botar en contra de la reforma de Sheinbaum no resolvi\u00f3 ese tema, el c\u00f3mo conseguir que la gente vote por ellos si ellos, todos los mencionados, no se ayudan. Ese es el punto.<\/div>\n<div><\/div>\n<div>Y s\u00famele que el PRI s\u00ed rob\u00f3 m\u00e1s.<\/div>\n<div><\/div>\n<div>Durante semanas previas a la votaci\u00f3n, los opositores se han devanado los sesos haciendo sesudos an\u00e1lisis de lo que, seg\u00fan sus fantas\u00edas, no ocurrir\u00eda, de lo mala que es Morena y siguen sin poder decirnos porqu\u00e9 los otros son estupendos. Justo como ellos mismos, los otros, no pueden. No lo consiguen. Azucena Uresti con voz lastimera jeremiqueaba reci\u00e9n, que Morena ya se prepara para las elecciones del 27. Tonto el que no lo est\u00e9 haciendo. \u00bfCu\u00e1l es el problema? Que no gobiernan los que les gustar\u00eda. Nada m\u00e1s. \u00bfCual es su problema? Persisten en mal hilvanar discursillos burdos que conducen a ninguna parte.<\/div>\n<div><\/div>\n<div>Es m\u00e1s dif\u00edcil saber si el votante negar\u00e1 el voto al PT por venganza. Es insondable. Es m\u00e1s f\u00e1cil probar que el PRI s\u00ed rob\u00f3 m\u00e1s y que merece estar en el basurero de la Historia.<\/div>\n<div><\/div>\n<div>Hablando del PRI cabe anotar que Alito anda muy enchilado, otra vez. Se puso f\u00farico haciendo el rid\u00edculo para variar. Se lanz\u00f3 el madreador de presidentes del Senado contra Manuel Pedrero acus\u00e1ndolo de violentador (el chiste se cuenta solo) de la ilustre desconocida Tania Larios. Una diputada que fue se\u00f1alada de apoyar a un tratante de mujeres y una red de prostituci\u00f3n como la regenteada por el priista Cuauht\u00e9moc Guti\u00e9rrez.<\/div>\n<div><\/div>\n<div>Inconsistente entonces el reclamo de la priista ejerciendo una violencia propia de desquiciados contra un ciudadano y con violencia inadmisible, acusa a Pedrero de violentador (contra ella) \u00a0usando su difamaci\u00f3n como respuesta idiota a verse exhibida. No ha le\u00eddo la ley al respecto. Que se siente a hacerlo la priista que cuesta a los contribuyentes que sea diputada de representaci\u00f3n proporcional, o sea que representa a nadie \u2013volvemos al punto\u2013 como para que no revise la ley queriendo evadirse y se monte esos numeritos que a nadie impresionan, sabi\u00e9ndola cercana al sujeto preso ya referido. Tambi\u00e9n son rechazables sus gritos y su violencia injustificada contra otros. Esa es la que acusa a otros de violentadores. Eso, en una mesa redonda. En otra, Larios dijo que el priista Alito \u201cactu\u00f3 en representaci\u00f3n de todo M\u00e9xico\u201d d\u00e1ndole un zape a Noro\u00f1a. Qu\u00e9 perdida va la diputada.<\/div>\n<div><\/div>\n<div>No Larios, ni el PRI es \u201ctodo\u201d M\u00e9xico ni M\u00e9xico es del PRI. Alito no actu\u00f3 en el nombre de M\u00e9xico, a menos que secuestrase ese nombre. Ser sin\u00f3nimo de M\u00e9xico, eso quisieran los extraviados priistas y est\u00e1n muy ardidos de que ya no van mamando de la ubre. Quienes tambi\u00e9n somos M\u00e9xico, los m\u00e1s, ni nos representan las barbajanadas y la violencia de Alito, que tampoco nos dejan impresionados, ni somos priistas y en estos momentos no estamos obligados a secundar al priismo en su violencia, la de Alito o la tuya. No nos representan, no act\u00faan en nuestro nombre. No te equivoques ni tus seguidores. El PRI no representa a todo M\u00e9xico, sino a un pu\u00f1ado cada vez m\u00e1s peque\u00f1o de mexicanos, los m\u00e1s deploramos su violencia, la agresi\u00f3n a Noro\u00f1a y tus vociferaciones violentas atacando la libertad de expresi\u00f3n ciudadana que no te cuadra, escud\u00e1ndote en violencia pol\u00edtica de g\u00e9nero que no procede, censurando a otros que exhiben tu quehacer pol\u00edtico como actor pol\u00edtico que eres. Nada m\u00e1s. Grave el PRI de siempre, porque ya sabemos que eso de nuevo PRI no hay. Solo hay sus viejas ma\u00f1as, censurando a quienes no piensan como tal (como a Pedrero) o madreando a quien con congenia con ellos (como a Noro\u00f1a) y sin derecho a todo ello. Repit\u00e1moslo: no tienen derecho a ello. La priista est\u00e1 muy fuera de lugar. Justificando y actuando con la arbitrariedad priista de toda la vida. Merecen ni un voto.<\/div>\n<div><\/div>\n<div>D\u00edas atr\u00e1s, Moreno dec\u00eda que Morena crea problemas en vez de resolverlos. No, Alito, el pa\u00eds qued\u00f3 en el piso con los desgobiernos priistas. M\u00e1s, con el vendepatrias y su reforma energ\u00e9tica priista regalando el petr\u00f3leo a los extranjeros. Aunque su estatua en Los Pinos lo ponga agarrando una bandera. La incongruencia discursiva priista, normal secuestrando la bandera como en su logo. Tienen muy poca memoria los priistas y hay que recordarles su desastroso desempe\u00f1o. Recibieron un costal de harina y devolvieron un bolillo, tranz\u00e1ndose el resto. Esa fue su gesti\u00f3n. As\u00ed de nefasta y saqueadora y rateril la trayectoria del PRI en este pa\u00eds. Para que a nadie se le olvide. Es el PRI que por boca de este par no va a decir qu\u00e9 temas se tratan ni es due\u00f1o de M\u00e9xico. No quiere entenderlo, anda muy enchilado, pero los ciudadanos no tenemos que tragar sus impertinencias ni sus complicidades. As\u00ed de sencillo.<\/div>\n","protected":false},"excerpt":{"rendered":"<p>Porque ni los plurinominales representan a alguien en realidad ni se eligen directamente, los 32 senadores plurinominales sirven para maldita la cosa y los gastos electorales de todos siguen siendo excesivos. La oposici\u00f3n finge sordera. Nadie pidi\u00f3 esta reforma electoral, asegura, mintiendo. Como les gusta hacerse los zongos. La gente lleva \u00a1a\u00f1os! clamando por un [&hellip;]<\/p>\n","protected":false},"author":42,"featured_media":794,"comment_status":"closed","ping_status":"closed","sticky":false,"template":"","format":"standard","meta":{"footnotes":""},"categories":[23],"tags":[],"class_list":["post-38904","post","type-post","status-publish","format-standard","has-post-thumbnail","hentry","category-articulistas"],"_links":{"self":[{"href":"https:\/\/indicadorpolitico.com.mx\/index.php?rest_route=\/wp\/v2\/posts\/38904","targetHints":{"allow":["GET"]}}],"collection":[{"href":"https:\/\/indicadorpolitico.com.mx\/index.php?rest_route=\/wp\/v2\/posts"}],"about":[{"href":"https:\/\/indicadorpolitico.com.mx\/index.php?rest_route=\/wp\/v2\/types\/post"}],"author":[{"embeddable":true,"href":"https:\/\/indicadorpolitico.com.mx\/index.php?rest_route=\/wp\/v2\/users\/42"}],"replies":[{"embeddable":true,"href":"https:\/\/indicadorpolitico.com.mx\/index.php?rest_route=%2Fwp%2Fv2%2Fcomments&post=38904"}],"version-history":[{"count":1,"href":"https:\/\/indicadorpolitico.com.mx\/index.php?rest_route=\/wp\/v2\/posts\/38904\/revisions"}],"predecessor-version":[{"id":38905,"href":"https:\/\/indicadorpolitico.com.mx\/index.php?rest_route=\/wp\/v2\/posts\/38904\/revisions\/38905"}],"wp:featuredmedia":[{"embeddable":true,"href":"https:\/\/indicadorpolitico.com.mx\/index.php?rest_route=\/wp\/v2\/media\/794"}],"wp:attachment":[{"href":"https:\/\/indicadorpolitico.com.mx\/index.php?rest_route=%2Fwp%2Fv2%2Fmedia&parent=38904"}],"wp:term":[{"taxonomy":"category","embeddable":true,"href":"https:\/\/indicadorpolitico.com.mx\/index.php?rest_route=%2Fwp%2Fv2%2Fcategories&post=38904"},{"taxonomy":"post_tag","embeddable":true,"href":"https:\/\/indicadorpolitico.com.mx\/index.php?rest_route=%2Fwp%2Fv2%2Ftags&post=38904"}],"curies":[{"name":"wp","href":"https:\/\/api.w.org\/{rel}","templated":true}]}}