{"id":38927,"date":"2026-03-24T12:57:11","date_gmt":"2026-03-24T18:57:11","guid":{"rendered":"https:\/\/indicadorpolitico.com.mx\/?p=38927"},"modified":"2026-03-25T12:58:21","modified_gmt":"2026-03-25T18:58:21","slug":"en-que-va-el-pan-y-las-cuentas-locas-de-alito","status":"publish","type":"post","link":"https:\/\/indicadorpolitico.com.mx\/?p=38927","title":{"rendered":"\u00bfEn qu\u00e9 va el PAN? Y las cuentas locas de Alito\u2026\u00a0"},"content":{"rendered":"<div>\n<div id=\"m_7432463978408912402x_gmail-:183\">\n<div id=\"m_7432463978408912402x_gmail-:182\">\n<div id=\"m_7432463978408912402x_gmail-avWBGd-23\">\n<div dir=\"ltr\">\n<p>Tema que coge, tema que suelta el PAN por abordarlo de manera deshilachada para terminar con fracaso asegurado en cada planteamiento que formula. Construir un discurso opositor que cuaje y termina por nunca cuajar, eso acaba siendo el distintivo del PAN. As\u00ed no se puede ser opci\u00f3n.<\/p>\n<p>&nbsp;<\/p>\n<p>En el inter, el PAN apuesta por un discurso de odio que es absolutamente rechazable en una sociedad democr\u00e1tica como la mexicana, que no necesita el odio panista, que se lo pueden tragar en el blanquiazul.<\/p>\n<p>&nbsp;<\/p>\n<p>Discursos sin fondo ni consistencia, que no convencen salvo entre panistas o despistados o quienes sientan que les cuadra las sandeces que enarbolan. Y es una pena que un partido que parec\u00eda prometer tanto est\u00e9 en la lona gracias a su militancia. Nadie m\u00e1s es responsable de su desastre discursivo. Y en su extrav\u00edo diario se superan a s\u00ed mismos, para verg\u00fcenza de la Patria. Repasemos su desvar\u00edos.<\/p>\n<p>&nbsp;<\/p>\n<p>Hace rato que ya no se oye a los panistas decir que (con Morena, claro) ser\u00edamos Cuba. Qu\u00e9 tonter\u00eda m\u00e1s grande rebuznaron, para enga\u00f1aincautos, comprada por gente m\u00e1s despistada que ellos.\u00a0 Recordemos nuevamente al panista que, furioso, al ver que eso no pasaba \u2013deseoso de que a M\u00e9xico no le fuera bien, se entiende\u2013 rezongaba:\u00a0 \u00abno somos, pero estamos en v\u00edas de serlo\u00bb. Y \u00a1t\u00f3mala! que nunca ocurri\u00f3 lo que muchos panistas aseguraron sin m\u00e1s. Mentirosos.<\/p>\n<p>&nbsp;<\/p>\n<p>Luego vino otra sandez: que ser\u00edamos Venezuela \u2013porque nunca se pon\u00edan de acuerdo, que si ser\u00edamos Cuba o Venezuela, reflejando su ignorancia y su frivolidad \u201canal\u00edtica\u201d\u2013 y nada. Nunca fu\u00edmos Venezuela, lo que quiera que eso significara, porque nunca lo ser\u00edamos por mil y un razones que no entender\u00edan ni les interesa entender ni fueron capaces de explicarlo. Ni modo que el resto se los\u00a0explic\u00e1ramos, si el resto no repet\u00eda su zonzada.<\/p>\n<p>&nbsp;<\/p>\n<p>\u00bfSeremos hoy Venezuela? todo indica que no, pero hoy \u00bfqu\u00e9 significar\u00eda enarbolar \u201cseremos Venezuela\u201d? \u00bfQu\u00e9 lo yanquis secuestren al mandatario mexicano o que se apropien del petr\u00f3leo? Apropiaci\u00f3n extranjera que s\u00ed se dio con la vendepatrias reforma pe\u00f1ista que aprob\u00f3 tambi\u00e9n el PAN y entonces eso no les molestaba. Ese entreguismo s\u00ed les gustaba. \u00bfQu\u00e9 ser\u00e1? \u00bfqu\u00e9 les significa hoy Venezuela, esa que han regenteado ama\u00f1ados en sus discursos los panistas irresponsablemente para s\u00ed y sus mezquinos intereses?<\/p>\n<p>&nbsp;<\/p>\n<p>All\u00e1 ellos exhibi\u00e9ndose como siempre, como el impresentable se\u00f1or Tabe que, mientras tiene cr\u00e1teres hasta en las Lomas de Chapultepec y ahora pondr\u00e1 jardineras en Prado Norte y Sur, no ha pedido a estas alturas que la embajada yanqui abandone la Miguel Hidalgo por ser de un pa\u00eds donde s\u00ed se mueren mexicanos bajo custodia del ICE. En Cuba, que se sepa, no matan ni se les muere ning\u00fan mexicano. As\u00ed de extraviados los panistas cuando se meten en temas internacionales, carg\u00e1ndose al lado equivocado como siempre.<\/p>\n<p>&nbsp;<\/p>\n<p>Luego han apoyado una sandez priista repitiendo que las propuestas de reformas electorales son la Ley Maduro. Qu\u00e9 idiotez. Es mezclar cosas inconexas. A estas alturas del partido\u00a0cabe preguntarle a los extraviados panistas si saben qui\u00e9n fue Maduro.<\/p>\n<p>&nbsp;<\/p>\n<p>Y que lo diga el PRI en plan de rechazo, el PRI, que son los primeros en decir lo de Ley Maduro, ese PRI que mantuvo relaciones con Ch\u00e1vez, el PRI que mand\u00f3 a sus funerales al presidente priista Pe\u00f1a, el PRI que usa el mismo rojo en tono id\u00e9ntico al de la dictadura chavista&#8230;.\u00bfcomo es que les molesta una ley que dicen inspirada en tal, si el priismo es el m\u00e1s chavista entre los chavistas? Son incongruentes en sus posicionamientos. Igual que el PAN que les ha comprado el cuento.<\/p>\n<p>&nbsp;<\/p>\n<p>Si al PAN tanto le molesta la dictadura chavista \u00bfqu\u00e9 hace aliado con el PRI de m\u00e1s en m\u00e1s aunque\u00a0niegue mantener alianzas, que la ador\u00f3 y la idolatra en el mismo color y conducta? Son inconsistentes e incongruentes, tambi\u00e9n.<\/p>\n<p>&nbsp;<\/p>\n<p>Los panistas \u00bfa qui\u00e9n quieren tomarle el pelo? el PAN se gana un sonoro abucheo.<\/p>\n<p>Y estuvieron todo un sexenio fastidiando conque ser\u00edamos Venezuela. No se cansaron de repetir semejante tanto simpatizantes como miembros y dirigentes panistas por igual. Pues bien: EE.UU.\u00a0invadi\u00f3 el pa\u00eds secuestrando a Maduro. \u00bfEso es a lo que\u00a0llaman ser Venezuela? pues Maduro ya no est\u00e1, como no se sabe en qu\u00e9 se fundamentaba el rebuzno panista. Ya no est\u00e1 Maduro, les quitaron esa bandera. Y simplemente, si adem\u00e1s no hay forma de ser Venezuela como nunca la hubo, entonces ya no existe esa banderita ni \u00e1nimo ni opci\u00f3n. Solo le resta al PAN admitir que otra vez minti\u00f3 cegado por el odio y repetir cual tarabilla, alguna otra nueva tonter\u00eda. Y la tiene: Insistir en una Ley Maduro que no se aprob\u00f3 y ahora as\u00ed llama al plan B como tal, pero ya no mencionan Venezuela, ya no. Se les acab\u00f3 esa bandera,\u00a0quiz\u00e1s avalan frases como las que s\u00ed han pedido invadir M\u00e9xico, tal y como s\u00ed lo ha hecho T\u00e9llez. Si, una impresentable, ya lo sabemos.<\/p>\n<p>&nbsp;<\/p>\n<p>Es que no hay manera de simpatizar con tanta bribonada discursiva que sostienen los panistas.<\/p>\n<p>&nbsp;<\/p>\n<p>En estas \u00faltimas semanas, Romero afirm\u00f3 que pronto dir\u00eda un gran anuncio. Como no sea el fracaso de su campa\u00f1a de afiliaci\u00f3n, resulta imposible saber hacia d\u00f3nde apuntar\u00e1 ahora. \u00bfOtra sandez? no nos extra\u00f1ar\u00eda. Como no proponen\u00a0nada sensato y aterrizado y se limitan a darle juego a las tonteras de Anaya y Zepeda, poco m\u00e1s qu\u00e9 aportar. As\u00ed les va en las urnas.<\/p>\n<p>Por \u00faltimo, Alito y sus cuentas raras. Que si los partidos se unen, ganar\u00e1n en 2030. Claro, con \u00e9l de candidato, si no \u00bfpara qu\u00e9?. Bueno, pero d\u00edgase que para que Alito gane la presidencia de M\u00e9xico tendr\u00edan que pasar muchas cosas antes y merece dec\u00edrselo a los priistas. Antes que todo, que Alito no fuera el candidato, que haya un opositor presentable, que cada partido acepte al otro y un candidato acaso, \u00fanico;\u00a0 con\u00a0estrategia no fracasada brutalmente como 2018 y en 2024 \u2013que le cost\u00f3 al PAN 10 millones de votos\u2013 y que los dem\u00e1s partidos lo acepten, que las alianzas\u00a0de Morena no fracasaran, que los electores a los priistas no los manden lejos. Todos, y que Morena no consiga mejores n\u00fameros como gobierno. Y si todo eso pasa, que antes Trump no detone una\u00a0guerra nuclear y explotemos. Solo entonces ganar\u00e1 Alito. Y eso, si es que convence a la gente de elegir a este priista impresentable. De mientras, ya fich\u00f3 a\u00a0 Rosario Robles. Otro genio.<\/p>\n<p>&nbsp;<\/p>\n<p>Otro d\u00eda hablaremos de Guadalupe Acosta Naranjo, el sujeto que no ha sido elegido a cargo alguno por voto directo y dice que defender\u00e1 la democracia, encarn\u00e1ndola. Estamos hechos.<\/p>\n<\/div>\n<\/div>\n<\/div>\n<\/div>\n<\/div>\n<p><span style=\"color: #888888;\">&#8212;<\/span><\/p>\n","protected":false},"excerpt":{"rendered":"<p>Tema que coge, tema que suelta el PAN por abordarlo de manera deshilachada para terminar con fracaso asegurado en cada planteamiento que formula. Construir un discurso opositor que cuaje y termina por nunca cuajar, eso acaba siendo el distintivo del PAN. As\u00ed no se puede ser opci\u00f3n. &nbsp; En el inter, el PAN apuesta por [&hellip;]<\/p>\n","protected":false},"author":42,"featured_media":794,"comment_status":"closed","ping_status":"closed","sticky":false,"template":"","format":"standard","meta":{"footnotes":""},"categories":[23],"tags":[],"class_list":["post-38927","post","type-post","status-publish","format-standard","has-post-thumbnail","hentry","category-articulistas"],"_links":{"self":[{"href":"https:\/\/indicadorpolitico.com.mx\/index.php?rest_route=\/wp\/v2\/posts\/38927","targetHints":{"allow":["GET"]}}],"collection":[{"href":"https:\/\/indicadorpolitico.com.mx\/index.php?rest_route=\/wp\/v2\/posts"}],"about":[{"href":"https:\/\/indicadorpolitico.com.mx\/index.php?rest_route=\/wp\/v2\/types\/post"}],"author":[{"embeddable":true,"href":"https:\/\/indicadorpolitico.com.mx\/index.php?rest_route=\/wp\/v2\/users\/42"}],"replies":[{"embeddable":true,"href":"https:\/\/indicadorpolitico.com.mx\/index.php?rest_route=%2Fwp%2Fv2%2Fcomments&post=38927"}],"version-history":[{"count":1,"href":"https:\/\/indicadorpolitico.com.mx\/index.php?rest_route=\/wp\/v2\/posts\/38927\/revisions"}],"predecessor-version":[{"id":38928,"href":"https:\/\/indicadorpolitico.com.mx\/index.php?rest_route=\/wp\/v2\/posts\/38927\/revisions\/38928"}],"wp:featuredmedia":[{"embeddable":true,"href":"https:\/\/indicadorpolitico.com.mx\/index.php?rest_route=\/wp\/v2\/media\/794"}],"wp:attachment":[{"href":"https:\/\/indicadorpolitico.com.mx\/index.php?rest_route=%2Fwp%2Fv2%2Fmedia&parent=38927"}],"wp:term":[{"taxonomy":"category","embeddable":true,"href":"https:\/\/indicadorpolitico.com.mx\/index.php?rest_route=%2Fwp%2Fv2%2Fcategories&post=38927"},{"taxonomy":"post_tag","embeddable":true,"href":"https:\/\/indicadorpolitico.com.mx\/index.php?rest_route=%2Fwp%2Fv2%2Ftags&post=38927"}],"curies":[{"name":"wp","href":"https:\/\/api.w.org\/{rel}","templated":true}]}}