{"id":39696,"date":"2026-08-30T19:50:16","date_gmt":"2026-08-31T01:50:16","guid":{"rendered":"https:\/\/indicadorpolitico.com.mx\/?p=39696"},"modified":"2026-08-30T11:55:07","modified_gmt":"2026-08-30T17:55:07","slug":"4-csp-ii-termina-ano-ii-y-no-sale-del-vi-de-amlo","status":"publish","type":"post","link":"https:\/\/indicadorpolitico.com.mx\/?p=39696","title":{"rendered":"4.- CSP II. Termina a\u00f1o II y\u00a0no sale del VI de AMLO"},"content":{"rendered":"<p>Una cosa es que la presidenta represente la <strong>continuidad<\/strong> transexenal del proyecto de Andr\u00e9s Manuel L\u00f3pez Obrador para m\u00ednimo tres sexenios y otra cosa es que la <strong>carga<\/strong> de todos los pasivos heredados le <strong>impida<\/strong> al Gobierno actual definir y operar con precisi\u00f3n su <strong>propio<\/strong> proyecto y a\u00fan sin salirse de los acotamientos de la herencia recibida.<\/p>\n<p>La presidenta Sheinbaum ha tenido que administrar <strong>sin<\/strong> margen de maniobra los cuatro principales ejes del proyecto lopezobradorista: <strong>sistema<\/strong> pol\u00edtico ajustado a la nueva mayor\u00eda, <strong>seguridad<\/strong> determinada por tratar de mantener el modelo de \u201cabrazos, no balazos\u201d, <strong>geopol\u00edtica<\/strong> centrada en el acoso del presidente Trump y su modelo de regreso a la reconstrucci\u00f3n del bloque estadounidense y escas\u00edsimos m\u00e1rgenes de maniobra en materia de <strong>desarrollo<\/strong> por la pol\u00edtica econ\u00f3mica neoliberal-asistencialista y el manejo de un presupuesto que no genera recursos para planes propios.<\/p>\n<p>A diferencia de L\u00f3pez Obrador, la presidenta Sheinbaum <strong>s\u00ed<\/strong> se decidi\u00f3 por la propuesta de un modelo de desarrollo integral: el Plan M\u00e9xico, pero las <strong>herencias<\/strong> lopezobradoristas, la carga dominante de enfoques <strong>populistas<\/strong>, la negaci\u00f3n gubernamental a pactar un <strong>acuerdo<\/strong> productivo con el empresariado privado a condici\u00f3n de otorgarle autonom\u00eda pol\u00edtica y de clase, la falta de un <strong>equipo<\/strong> econ\u00f3mico con capacidad para desarrollar las potencialidades del nuevo Plan y el vicio del <strong>centralismo<\/strong> absoluto en las voluntades y decisiones del poder Ejecutivo federal han <strong>limitado<\/strong> las posibilidades de marcar con claridad los m\u00e1rgenes de <strong>maniobra<\/strong> del Gobierno actual con respecto al gobierno anterior.<\/p>\n<p>En este contexto, la administraci\u00f3n de la presidenta Sheinbaum ha quedado en un modelo <strong>amorfo<\/strong> de continuidad-secuencia, pero con un grupo de Gobierno <strong>sin<\/strong> movilidad propia para reducir las formas caudillistas que siguen <strong>operando<\/strong> a veces por din\u00e1mica propia.<\/p>\n<p>La presidenta Sheinbaum va a terminar &#8211;en el calendario Constitucional&#8211; su <strong>segundo<\/strong> a\u00f1o de gobierno con la entrega de su informe sobre el estado de la administraci\u00f3n p\u00fablica en el per\u00edodo septiembre 2025-septiembre de 2026. Este ciclo se puede resumir de manera muy sencilla: el <strong>estancamiento<\/strong> en lo general y la falta de capacidad o voluntad de autonom\u00eda relativa para <strong>tomar<\/strong> los hilos del poder federal e implantar <strong>su<\/strong> proyecto de gobierno aun siendo la continuidad del anterior.<\/p>\n<p>Pero el principal <strong>lastre<\/strong> de la administraci\u00f3n de la presidenta Sheinbaum apareci\u00f3 en los \u00faltimos dos meses: las presiones de Estados Unidos en el escenario de lo que la Casa Blanca ha definido como la narcopol\u00edtica o el <strong>narcoestado<\/strong> que est\u00e1n mandando mensajes insinuados de una <strong>lista<\/strong> de pol\u00edticos y funcionarios lopezobradoristas involucrados en la protecci\u00f3n a carteles del narcotr\u00e1fico, con el peso en las espaldas de la piedra llamada Rub\u00e9n Rocha Moya y sus <strong>compromisos<\/strong> con L\u00f3pez Obrador.<\/p>\n<p>La solicitud de arresto con fines de <strong>extradici\u00f3n<\/strong> de Rocha Moya y nueve c\u00f3mplices y la cancelaci\u00f3n de la <strong>visa<\/strong> a <em>Andy<\/em> L\u00f3pez Beltr\u00e1n son apenas la punta del iceberg de temores que est\u00e1n desarticulando las complicidades y provocando la b\u00fasqueda de acuerdos <strong>privados<\/strong> de mexicanos sospechosos con las autoridades judiciales estadounidenses.<\/p>\n<p>La presidenta Sheinbaum se encuentra <strong>atrapada<\/strong> entre la parte negativa de una herencia y su falta de fuerza institucional &#8211;aunque la tendr\u00eda en lo personal&#8211; para <strong>replantear<\/strong> el espacio de maniobra del expresidente L\u00f3pez Obrador y exigir <strong>su<\/strong> espacio para utilizar los cuatro a\u00f1os que quedan en el sexenio y conseguir <strong>reencaminar<\/strong> la pol\u00edtica nacional sin el lastre del pasado reciente.<\/p>\n<p>Pero el <strong>verdadero<\/strong> desaf\u00edo de la presidenta Sheinbaum se percibe en la necesidad postergada de <strong>reconstruir<\/strong> el sistema pol\u00edtico para sacarlo de las herencias entrelazadas del r\u00e9gimen priista-prianista-lopezobradorista y llegar a la conclusi\u00f3n de que las posibilidades dinamizar su modelo de desarrollo del Plan M\u00e9xico <strong>dependen<\/strong>, primero, terminar con el estilo bonapartista del lopezobradorismo y, despu\u00e9s, de construir un aparato de poder que se <strong>olvide<\/strong> de la vieja herencia ind\u00edgena-novohispana-priista que se basa en un presidencialismo autoritario.<\/p>\n<p>Sin una <strong>democracia<\/strong> de sistema\/r\u00e9gimen\/Estado\/Constituci\u00f3n\/populismo, el Plan M\u00e9xico se quedar\u00e1 <strong>atorado<\/strong> \u2013como encuentra en la actualidad&#8211; por la falta de un dinamismo productivo que requiere de la <strong>independencia<\/strong> de las clases que participan en econom\u00eda y las exigencias de la <strong>modernizaci\u00f3n<\/strong> institucional: un Estado menos autoritario, un presidencialismo <strong>no<\/strong> <em>ma\u00f1anero<\/em>, una clase obrera organizada pol\u00edtica e ideol\u00f3gicamente para capacitarse y <strong>negociar<\/strong> y una clase empresarial que no tenga que ir a Palacio Nacional por sus <strong>estrellitas<\/strong> por cada nueva inversi\u00f3n.<\/p>\n<p>Si <strong>no<\/strong> se alcanzan estas condiciones, los cuatro a\u00f1os que faltan del sexenio ser\u00e1n <strong>igual<\/strong> a los dos que terminan hoy.<\/p>\n<p>&nbsp;<\/p>\n<p style=\"text-align: center;\">-0-<\/p>\n<p>&nbsp;<\/p>\n<p><strong>Pol\u00edtica para <em>dummies<\/em><\/strong>: la pol\u00edtica es cosa de todos, no nada m\u00e1s del Tlatoani que ha sido la \u00fanica herencia de los pueblos originarios.<\/p>\n<p><a href=\"mailto:carlosramirezh@elindependiente.mx\"><em>carlosramirezh@elindependiente.mx<\/em><\/a><\/p>\n<p><a href=\"http:\/\/elindependiente.mx\"><em>http:\/\/elindependiente.mx<\/em><\/a><\/p>\n<p><em>@carlosramirezh<\/em><\/p>\n<p><em>\u00a0<\/em><\/p>\n<p><em>El contenido de esta columna es responsabilidad exclusiva del columnista y no del peri\u00f3dico que la publica.<\/em><\/p>\n<p>&nbsp;<\/p>\n<p>&nbsp;<\/p>\n","protected":false},"excerpt":{"rendered":"<p>Una cosa es que la presidenta represente la continuidad transexenal del proyecto de Andr\u00e9s Manuel L\u00f3pez Obrador para m\u00ednimo tres sexenios y otra cosa es que la carga de todos los pasivos heredados le impida al Gobierno actual definir y operar con precisi\u00f3n su propio proyecto y a\u00fan sin salirse de los acotamientos de la [&hellip;]<\/p>\n","protected":false},"author":2,"featured_media":39486,"comment_status":"closed","ping_status":"closed","sticky":false,"template":"","format":"standard","meta":{"footnotes":""},"categories":[19],"tags":[],"class_list":["post-39696","post","type-post","status-publish","format-standard","has-post-thumbnail","hentry","category-columna-indicador-politico"],"_links":{"self":[{"href":"https:\/\/indicadorpolitico.com.mx\/index.php?rest_route=\/wp\/v2\/posts\/39696","targetHints":{"allow":["GET"]}}],"collection":[{"href":"https:\/\/indicadorpolitico.com.mx\/index.php?rest_route=\/wp\/v2\/posts"}],"about":[{"href":"https:\/\/indicadorpolitico.com.mx\/index.php?rest_route=\/wp\/v2\/types\/post"}],"author":[{"embeddable":true,"href":"https:\/\/indicadorpolitico.com.mx\/index.php?rest_route=\/wp\/v2\/users\/2"}],"replies":[{"embeddable":true,"href":"https:\/\/indicadorpolitico.com.mx\/index.php?rest_route=%2Fwp%2Fv2%2Fcomments&post=39696"}],"version-history":[{"count":1,"href":"https:\/\/indicadorpolitico.com.mx\/index.php?rest_route=\/wp\/v2\/posts\/39696\/revisions"}],"predecessor-version":[{"id":39697,"href":"https:\/\/indicadorpolitico.com.mx\/index.php?rest_route=\/wp\/v2\/posts\/39696\/revisions\/39697"}],"wp:featuredmedia":[{"embeddable":true,"href":"https:\/\/indicadorpolitico.com.mx\/index.php?rest_route=\/wp\/v2\/media\/39486"}],"wp:attachment":[{"href":"https:\/\/indicadorpolitico.com.mx\/index.php?rest_route=%2Fwp%2Fv2%2Fmedia&parent=39696"}],"wp:term":[{"taxonomy":"category","embeddable":true,"href":"https:\/\/indicadorpolitico.com.mx\/index.php?rest_route=%2Fwp%2Fv2%2Fcategories&post=39696"},{"taxonomy":"post_tag","embeddable":true,"href":"https:\/\/indicadorpolitico.com.mx\/index.php?rest_route=%2Fwp%2Fv2%2Ftags&post=39696"}],"curies":[{"name":"wp","href":"https:\/\/api.w.org\/{rel}","templated":true}]}}