{"id":5696,"date":"2021-05-08T19:55:11","date_gmt":"2021-05-09T00:55:11","guid":{"rendered":"https:\/\/indicadorpolitico.com.mx\/?p=5696"},"modified":"2021-05-08T20:31:05","modified_gmt":"2021-05-09T01:31:05","slug":"biden-cien-dias-que-no-son-nada-como-el-tango-argentino","status":"publish","type":"post","link":"https:\/\/indicadorpolitico.com.mx\/?p=5696","title":{"rendered":"Biden: cien d\u00edas que no son nada, como el tango argentino"},"content":{"rendered":"<p>Si el famoso tango argentino canta que veinte a\u00f1os no es nada, los primeros cien d\u00edas del gobierno del presidente Joseph Biden se fueron como una exhalaci\u00f3n\u2026 de expectativas. Todo el peso de sus primeros cuatro a\u00f1os de administraci\u00f3n &#8211;sin saber si habr\u00e1 otro periodo, por la edad del comandante en jefe&#8211; se asienta en su programa de recuperaci\u00f3n de tres billones de d\u00f3lares que pudieran ser seis.<\/p>\n<p>El enfoque del programa de reactivaci\u00f3n de Biden busca convertirse en la tercera gran etapa de consolidaci\u00f3n social: la primera fue de Roosevelt despu\u00e9s de la gran depresi\u00f3n de 1929 y la segunda de Johnson con sus reformas sociales a favor de los afroamericanos a finales de los sesenta. Hoy Biden busca atender las necesidades de los marginados, pero quiz\u00e1 m\u00e1s por las evidencias de que la demanda productiva ya no se basa en la disminuida clase media sino en la globalizaci\u00f3n econ\u00f3mica.<\/p>\n<p>El eje de la estrategia radica en la inyecci\u00f3n de liquidez v\u00eda fondos provenientes de una gran reforma fiscal que quiere castiga a los ricos. Pero el problema es m\u00e1s complejo que quitarles a unos para darles a otros. La globalizaci\u00f3n rompi\u00f3 los ritmos de creaci\u00f3n de ciencia y tecnolog\u00eda productiva y la robotizaci\u00f3n afect\u00f3 la fuerza de demandas de la clase media. Los empleos crecieron en el sector de los servicios, pero sobre todo los de trabajos no propiamente productivos sino de asistencia a negocios de distribuci\u00f3n\u00a0de bienes de consumo.<\/p>\n<p>En su discurso de los primeros cien d\u00edas, Biden bas\u00f3 su administraci\u00f3n en el programa de reactivaci\u00f3n, en el endurecimiento del discurso contra China y Rusia y en la reactivaci\u00f3n reaganiana del sector militar de seguridad. Pero la Casa Blanca hoy se ha encontrado que los presidentes de Clinton a Trump han carecido de enfoques estrat\u00e9gicos integrales, que descuidaron las expectativas de seguridad nacional y que decidieron la l\u00ednea militar por razones familiares y no de reacomodo de poder\u00edos. Obama se encontr\u00f3 que Bush Jr. hab\u00eda \u201cinventado\u201d con el brit\u00e1nico Tony Blair la guerra contra Irak por venganza de su padre Bush Sr., y hab\u00eda abierto sin querer el frente afgano. Obama quiso salir de Afganist\u00e1n, pero se hundi\u00f3 m\u00e1s. Y ahora Biden retira tropas sin la certeza de la derrota de los talibanes.<\/p>\n<p>La principal sorpresa que se encontr\u00f3 Biden fue su \u201cpatio trasero\u201d: Am\u00e9rica Latina, de M\u00e9xico a la Patagonia. En M\u00e9xico le gan\u00f3 el poder un presidente nacionalista, estatista y populista, en Centroam\u00e9rica se construy\u00f3 una estructura de crimen organizado muy poderosa y en Sudam\u00e9rica regresaron los populistas. Los primeros movimientos de Biden fueron para buscar una alianza con M\u00e9xico para convertirlo en una especie de <em>delegado<\/em> de la reorganizaci\u00f3n continental, pero no encontr\u00f3 respuestas.<\/p>\n<p>Migraci\u00f3n, narcotr\u00e1fico y pobreza son los signos vitales del R\u00edo Bravo hacia el sur y no hay fondos suficientes para atender las urgencias. Biden comprometi\u00f3 tres mil millones de d\u00f3lares, pero no sabe como canalizarlos porque los gobiernos de todos los pa\u00edses est\u00e1n envueltos en acusaciones de corrupci\u00f3n. Am\u00e9rica Latina perdi\u00f3 su modelo de desarrollo articulado a la econom\u00eda estadunidense y los populismos nacionalistas fueron incapaces de aportar bienestar mayoritario. La pobreza y el auge de la criminalidad ocuparon al Estado y es la hora en que la Casa Blanca no tiene un diagn\u00f3stico real y de fondo de la penetraci\u00f3n del crimen organizado en las estructuras de los pa\u00edses latinoamericanos.<\/p>\n<p>En la realidad de seguridad nacional, el discurso de pol\u00edtica exterior de Biden tiene un vac\u00edo de planeaci\u00f3n estrat\u00e9gica: qu\u00e9 se quiere, para qu\u00e9 y c\u00f3mo. Biden est\u00e1 partiendo del conflicto de la invasi\u00f3n migratoria sin control para definir l\u00edneas de contenci\u00f3n en los pa\u00edses de origen. Trump tom\u00f3 el camino f\u00e1cil de cerrar las fronteras migratorias, pero sin ofrecer soluciones exteriores. Las vacilaciones de Biden en los primeros d\u00edas de su gobierno tergiversaron sus intenciones y da\u00f1aron los flujos migratorios. La asignaci\u00f3n de la tarea de control de la frontera a la vicepresidenta Kamala Harris podr\u00eda ser una gran derrota para la Casa Blanca y el desgaste de la principal figura para las presidenciales de 2024.<\/p>\n<p>Biden presiona a M\u00e9xico para que termine con los dos principales <em>c\u00e1rteles<\/em> del narco, el Jalisco y el del <em>Chapo<\/em>, pero sin afectar para nada el control de estas dos organizaciones del tr\u00e1fico de drogas al menudeo en el 85% de los estados estadunidenses. A\u00fan si M\u00e9xico lograra aplastar de forma definitiva a estos dos grupos, sus c\u00e9lulas en EEUU podr\u00edan sobrevivir por si mismas. Otra vez la Casa Blanca elude el punto decisivo del narcotr\u00e1fico: la demanda, el consumo interno y el uso de drogas en funci\u00f3n de derechos individuales.<\/p>\n<p>Los primeros cien d\u00edas mostraron a un Biden atrapado en sus contradicciones y limitaciones de sus decisiones. No ha podido definir l\u00edneas de fondo para solucionar conflictos y se ha conformado con buscar cuando menos un acercamiento a decisiones que apenas desdramaticen algunos apuros. El m\u00e1s grave y visible es el de la migraci\u00f3n ilegal; y por tratar de alejarse de los rasgos racistas de Trump, ha ca\u00eddo en una especie de permisividad que sigue inundando EEUU de personas que cruzan de manera ilegal la frontera, se entregan a la autoridad, son citados para juicios posteriores y logran su objetivo de ser liberados dentro de EEUU para perderse en la inmensidad del territorio.<\/p>\n<p>A los once millones de personas que carecen de rango legal y buscan su formalizaci\u00f3n migratoria se podr\u00edan a\u00f1adir en el corto plazo unos dos millones m\u00e1s. Y lo grave de todo es que las decisiones de Biden no han sido negociadas al interior de su sociedad y de pronto el racismo <em>invisible<\/em> aparece en su violencia cotidiana.<\/p>\n<p>Biden ha sufrido los primeros cien d\u00edas de los mil cuatrocientos sesenta d\u00edas de su administraci\u00f3n.<\/p>\n<p><em>El contenido de esta columna es responsabilidad exclusiva del columnista y no del peri\u00f3dico que la publica.<\/em><\/p>\n<p><a href=\"http:\/\/indicadorpolitico.mx\"><em>http:\/\/indicadorpolitico.mx<\/em><\/a><\/p>\n<p><a href=\"mailto:indicadorpoliticomx@gmail.com\"><em>indicadorpoliticomx@gmail.com<\/em><\/a><\/p>\n<p><em>@carlosramirezh<\/em><\/p>\n<p>Canal YouTube: <a href=\"https:\/\/t.co\/2cCgm1Sjgh\">https:\/\/t.co\/2cCgm1Sjgh<\/a><\/p>\n","protected":false},"excerpt":{"rendered":"<p>Si el famoso tango argentino canta que veinte a\u00f1os no es nada, los primeros cien d\u00edas del gobierno del presidente Joseph Biden se fueron como una exhalaci\u00f3n\u2026 de expectativas. Todo el peso de sus primeros cuatro a\u00f1os de administraci\u00f3n &#8211;sin saber si habr\u00e1 otro periodo, por la edad del comandante en jefe&#8211; se asienta en [&hellip;]<\/p>\n","protected":false},"author":2,"featured_media":5697,"comment_status":"closed","ping_status":"closed","sticky":false,"template":"","format":"standard","meta":{"footnotes":""},"categories":[19],"tags":[1641,299,57,28,51],"class_list":["post-5696","post","type-post","status-publish","format-standard","has-post-thumbnail","hentry","category-columna-indicador-politico","tag-100-dias","tag-crisis","tag-economia","tag-estados-unidos","tag-joe-biden"],"_links":{"self":[{"href":"https:\/\/indicadorpolitico.com.mx\/index.php?rest_route=\/wp\/v2\/posts\/5696","targetHints":{"allow":["GET"]}}],"collection":[{"href":"https:\/\/indicadorpolitico.com.mx\/index.php?rest_route=\/wp\/v2\/posts"}],"about":[{"href":"https:\/\/indicadorpolitico.com.mx\/index.php?rest_route=\/wp\/v2\/types\/post"}],"author":[{"embeddable":true,"href":"https:\/\/indicadorpolitico.com.mx\/index.php?rest_route=\/wp\/v2\/users\/2"}],"replies":[{"embeddable":true,"href":"https:\/\/indicadorpolitico.com.mx\/index.php?rest_route=%2Fwp%2Fv2%2Fcomments&post=5696"}],"version-history":[{"count":0,"href":"https:\/\/indicadorpolitico.com.mx\/index.php?rest_route=\/wp\/v2\/posts\/5696\/revisions"}],"wp:featuredmedia":[{"embeddable":true,"href":"https:\/\/indicadorpolitico.com.mx\/index.php?rest_route=\/wp\/v2\/media\/5697"}],"wp:attachment":[{"href":"https:\/\/indicadorpolitico.com.mx\/index.php?rest_route=%2Fwp%2Fv2%2Fmedia&parent=5696"}],"wp:term":[{"taxonomy":"category","embeddable":true,"href":"https:\/\/indicadorpolitico.com.mx\/index.php?rest_route=%2Fwp%2Fv2%2Fcategories&post=5696"},{"taxonomy":"post_tag","embeddable":true,"href":"https:\/\/indicadorpolitico.com.mx\/index.php?rest_route=%2Fwp%2Fv2%2Ftags&post=5696"}],"curies":[{"name":"wp","href":"https:\/\/api.w.org\/{rel}","templated":true}]}}