{"id":7524,"date":"2021-06-30T00:16:31","date_gmt":"2021-06-30T05:16:31","guid":{"rendered":"https:\/\/indicadorpolitico.com.mx\/?p=7524"},"modified":"2021-06-30T00:16:31","modified_gmt":"2021-06-30T05:16:31","slug":"proveedores-del-gobierno-confian-en-que-cumpla-su-promesa","status":"publish","type":"post","link":"https:\/\/indicadorpolitico.com.mx\/?p=7524","title":{"rendered":"Proveedores del gobierno, conf\u00edan en que cumpla su promesa"},"content":{"rendered":"<p>Xalapa.- Dos d\u00edas de habl\u00f3, por el gobernador de Veracruz de Ignacio de La Llave de pagar a proveedores, lo que a Jes\u00fas Casta\u00f1eda Nev\u00e1rez presidente de la agrupaci\u00f3n de Emoresas SOS, aunque suena repetiiva es bienvenida. En entrevista con este medio cont\u00f3 que este tipo de pronunciamiento oficial, porque representa la posibilidad de reactivar la econom\u00eda.<\/p>\n<p>Explic\u00f3 el empresario que de la misma forma se van a levantar las empresas proveedoras y que conf\u00edan en que, obviamente, la palabra del gobierno se cumpla en un corto plazo porque la econom\u00eda empieza a rectificar. \u00abVivimos el peor de los tiempos -dijo- el peor de los escenarios\u00bb.<\/p>\n<p>La cantidad de empresas desaparecidas, no solamente imputables a la Pandemia, sino todas las crisis, econ\u00f3mica, la desaceleraci\u00f3n de la econom\u00eda, y a todos los efectos domin\u00f3 en sentido negativo, que se han ocasionado con esto\u00bb.<\/p>\n<p>EMPLEO<br \/>\nFinalmente cont\u00f3 miles o \u00abmillones\u00bb de empleos perdidos en el pa\u00eds. \u00abConfiamos en que se cumpla, en breve, este ofrecimiento y pronto est\u00e9n los proveedores recibiendo pagos.\u00bb<\/p>\n","protected":false},"excerpt":{"rendered":"<p>Xalapa.- Dos d\u00edas de habl\u00f3, por el gobernador de Veracruz de Ignacio de La Llave de pagar a proveedores, lo que a Jes\u00fas Casta\u00f1eda Nev\u00e1rez presidente de la agrupaci\u00f3n de Emoresas SOS, aunque suena repetiiva es bienvenida. En entrevista con este medio cont\u00f3 que este tipo de pronunciamiento oficial, porque representa la posibilidad de reactivar [&hellip;]<\/p>\n","protected":false},"author":48,"featured_media":7526,"comment_status":"closed","ping_status":"closed","sticky":false,"template":"","format":"standard","meta":{"footnotes":""},"categories":[22],"tags":[],"class_list":["post-7524","post","type-post","status-publish","format-standard","has-post-thumbnail","hentry","category-noticias"],"_links":{"self":[{"href":"https:\/\/indicadorpolitico.com.mx\/index.php?rest_route=\/wp\/v2\/posts\/7524","targetHints":{"allow":["GET"]}}],"collection":[{"href":"https:\/\/indicadorpolitico.com.mx\/index.php?rest_route=\/wp\/v2\/posts"}],"about":[{"href":"https:\/\/indicadorpolitico.com.mx\/index.php?rest_route=\/wp\/v2\/types\/post"}],"author":[{"embeddable":true,"href":"https:\/\/indicadorpolitico.com.mx\/index.php?rest_route=\/wp\/v2\/users\/48"}],"replies":[{"embeddable":true,"href":"https:\/\/indicadorpolitico.com.mx\/index.php?rest_route=%2Fwp%2Fv2%2Fcomments&post=7524"}],"version-history":[{"count":0,"href":"https:\/\/indicadorpolitico.com.mx\/index.php?rest_route=\/wp\/v2\/posts\/7524\/revisions"}],"wp:featuredmedia":[{"embeddable":true,"href":"https:\/\/indicadorpolitico.com.mx\/index.php?rest_route=\/wp\/v2\/media\/7526"}],"wp:attachment":[{"href":"https:\/\/indicadorpolitico.com.mx\/index.php?rest_route=%2Fwp%2Fv2%2Fmedia&parent=7524"}],"wp:term":[{"taxonomy":"category","embeddable":true,"href":"https:\/\/indicadorpolitico.com.mx\/index.php?rest_route=%2Fwp%2Fv2%2Fcategories&post=7524"},{"taxonomy":"post_tag","embeddable":true,"href":"https:\/\/indicadorpolitico.com.mx\/index.php?rest_route=%2Fwp%2Fv2%2Ftags&post=7524"}],"curies":[{"name":"wp","href":"https:\/\/api.w.org\/{rel}","templated":true}]}}